{"id":20239,"date":"2019-04-01T14:45:12","date_gmt":"2019-04-01T12:45:12","guid":{"rendered":"http:\/\/info.sadowne.pl\/?p=20239"},"modified":"2019-04-01T14:45:12","modified_gmt":"2019-04-01T12:45:12","slug":"warszawska-syrenka-eliminacje-powiatowe","status":"publish","type":"post","link":"http:\/\/info.sadowne.pl\/?p=20239","title":{"rendered":"Warszawska Syrenka &#8211; eliminacje powiatowe"},"content":{"rendered":"<p><strong><a href=\"http:\/\/info.sadowne.pl\/wp-content\/uploads\/2019\/04\/2019.04.01.3.jpg\" target=\"_blank\" rel=\"noopener noreferrer\"><img loading=\"lazy\" decoding=\"async\" class=\"alignleft wp-image-20242 size-thumbnail\" src=\"http:\/\/info.sadowne.pl\/wp-content\/uploads\/2019\/04\/2019.04.01.3-180x130.jpg\" alt=\"\" width=\"180\" height=\"130\" \/><\/a>Dnia 28 marca 2019 r. odby\u0142y si\u0119 eliminacje powiatowe do fina\u0142u konkursu recytatorskiego Warszawska Syrenka. Poziom okaza\u0142 si\u0119 wy\u017cszy ni\u017c w latach ubieg\u0142ych.<\/strong><!--more--><\/p>\n<p><strong>Jury dla kategorii wiekowej klas 0-III<\/strong> (Anna Mizi\u0144ska &#8211; koordynator Warszawskiej Syrenki w Mazowieckim Instytucie Kultury, Ma\u0142gorzata Szeja &#8211; dyrektor LGD &#8222;B\u0105d\u017amy Razem&#8221;, polonistka, Aneta Kowalczyk &#8211; koordynator do spraw artystycznych w MiGOK w \u0141ochowie, koordynator konkursu powiatowego Warszawska Syrenka) przyzna\u0142o nast\u0119puj\u0105ce zwyci\u0119stwa:<br \/>\nI miejsce &#8211; Antonina Miklaszewska (Zesp\u00f3\u0142 Szkolno &#8211; Przedszkolny w Gr\u0119bkowie),<br \/>\nII miejsce &#8211; Wojciech G\u0142uchowski (Zesp\u00f3\u0142 Szkolno &#8211; Przedszkolny w Gr\u0119bkowie),<br \/>\nIII miejsce &#8211; Joanna Parys (Szko\u0142a Podstawowa im. Tadeusza Ko\u015bciuszki w Miedznie).<br \/>\nWyr\u00f3\u017cnienia &#8211; Aleksandra Ga\u0142ys (Szko\u0142a Podstawowa im. Tadeusza Ko\u015bciuszki w Miedznie), Lena Baranowska (Szko\u0142a Podstawowa nr 1, im. Baonu \u201eNadbu\u017ca\u0144skiego\u201d Armii Krajowej w \u0141ochowie), Zofia Molska (Szko\u0142a Podstawowa im. W. Witosa w Gwizda\u0142ach), Amelia Suska (Niepubliczna Szko\u0142a Podstawowa w Orze\u0142ku).<br \/>\n<a href=\"http:\/\/info.sadowne.pl\/wp-content\/uploads\/2019\/04\/2019.04.01.2.jpg\" target=\"_blank\" rel=\"noopener noreferrer\"><img loading=\"lazy\" decoding=\"async\" class=\"alignright wp-image-20241 size-medium\" src=\"http:\/\/info.sadowne.pl\/wp-content\/uploads\/2019\/04\/2019.04.01.2-300x200.jpg\" alt=\"\" width=\"300\" height=\"200\" srcset=\"http:\/\/info.sadowne.pl\/wp-content\/uploads\/2019\/04\/2019.04.01.2-300x200.jpg 300w, http:\/\/info.sadowne.pl\/wp-content\/uploads\/2019\/04\/2019.04.01.2-768x512.jpg 768w, http:\/\/info.sadowne.pl\/wp-content\/uploads\/2019\/04\/2019.04.01.2.jpg 797w\" sizes=\"auto, (max-width: 300px) 100vw, 300px\" \/><\/a><strong>Dla kategorii wiekowej IV-VI\u00a0<\/strong>jury (Halina FIlemonowicz &#8211; re\u017cyser teatralny, animator kultury, Magdalena Donoch &#8211; instruktor GOK w Jadowie, Aleksandra S\u0119czyk &#8211; koordynator do spraw artystycznych w MiGOK w \u0141ochowie) przyzna\u0142o nast\u0119puj\u0105ce miejsca:<br \/>\nI &#8211; Patrycja Dobosz (Szko\u0142a Podstawowa im. Czes\u0142awa Wycecha w Sadownem),<br \/>\nII &#8211; Alicja Murawska (Szko\u0142a Podstawowa nr 3 im. Marii Konopnickiej w \u0141ochowie),<br \/>\nIII &#8211; Juliusz Jaroszewski (Szko\u0142a Podstawowa nr 2 w \u0141ochowie).<br \/>\nWyr\u00f3\u017cnienia: Mateusz Turemka (Szko\u0142a Podstawowa im. Tadeusza Ko\u015bciuszki w Miedznie),Pawe\u0142 Jab\u0142o\u0144ski ( Szko\u0142a Podstawowa im. Tadeusza Ko\u015bciuszki w Miedznie), Konrad Zieli\u0144ski (Szko\u0142a Podstawowa nr 1 im. Baonu \u201eNadbu\u017ca\u0144skiego\u201d Armii Krajowej w \u0141ochowie), Adrian Krajewski (Szko\u0142a Podstawowa im. Or\u0142a Bia\u0142ego w Ostr\u00f3wku).<br \/>\n<a href=\"http:\/\/info.sadowne.pl\/wp-content\/uploads\/2019\/04\/2019.04.01.1.jpg\" target=\"_blank\" rel=\"noopener noreferrer\"><img loading=\"lazy\" decoding=\"async\" class=\"alignleft wp-image-20240 size-medium\" src=\"http:\/\/info.sadowne.pl\/wp-content\/uploads\/2019\/04\/2019.04.01.1-300x200.jpg\" alt=\"\" width=\"300\" height=\"200\" srcset=\"http:\/\/info.sadowne.pl\/wp-content\/uploads\/2019\/04\/2019.04.01.1-300x200.jpg 300w, http:\/\/info.sadowne.pl\/wp-content\/uploads\/2019\/04\/2019.04.01.1-768x512.jpg 768w, http:\/\/info.sadowne.pl\/wp-content\/uploads\/2019\/04\/2019.04.01.1.jpg 797w\" sizes=\"auto, (max-width: 300px) 100vw, 300px\" \/><\/a><strong>W kategorii wiekowej klas VII- VIII i gimnazjalnych<\/strong>, jury (Anna Mizi\u0144ska, Ma\u0142gorzata Szeja, Halina Filemonowicz) przyzna\u0142o nast\u0119puj\u0105ce wyr\u00f3\u017cnienia:<br \/>\nI miejsce &#8211; Gabriela Szelest (Szko\u0142a Podstawowa nr 1 im. Baonu \u201eNadbu\u017ca\u0144skiego\u201d Armii Krajowej w \u0141ochowie),<br \/>\nII miejsce &#8211; Franciszek Mikulski (Szko\u0142a Podstawowa nr 2 w \u0141ochowie),<br \/>\nIII miejsce &#8211; Inka Lis (Szko\u0142a Podstawowa nr 2 w \u0141ochowie).<br \/>\nWyr\u00f3\u017cnienia: Hanna Ciulak (Szko\u0142a Podstawowa nr 1 im. Baonu \u201eNadbu\u017ca\u0144skiego\u201d Armii Krajowej w \u0141ochowie), Zuzanna Gierej (Szko\u0142a Podstawowa im. Czes\u0142awa Wycecha w Sadownem), Krystian Nowakowski (Szko\u0142a Podstawowa im. W. Witosa w Gwizda\u0142ach), Maria Zi\u00f3\u0142kowska (Szko\u0142a Podstawowa nr 2 w \u0141ochowie).<\/p>\n<p>Zwyci\u0119zcy wezm\u0105 udzia\u0142 ju\u017c w kwietniu w Finale 42. Konkursu Warszawska Syrenka. Gratulujemy zwyci\u0119zcom, jak i wszystkim uczestnikom konkursu i \u017cyczymy dalszych sukces\u00f3w.<\/p>\n<p><strong>Miejski i Gminny O\u015brodek Kultury w \u0141ochowie sk\u0142ada podzi\u0119kowania dla wszystkich plac\u00f3wek, kt\u00f3re przeprowadzi\u0142y eliminacje gminne oraz \u015brodowiskowe oraz dla instruktor\u00f3w przygotowuj\u0105cych recytator\u00f3w do konkursu.<\/strong><\/p>\n<p><strong>Tekst\/foto:<\/strong> MiGOK w \u0141ochowie<\/p>\n","protected":false},"excerpt":{"rendered":"<p>Dnia 28 marca 2019 r. odby\u0142y si\u0119 eliminacje powiatowe do fina\u0142u konkursu recytatorskiego Warszawska Syrenka. Poziom okaza\u0142 si\u0119 wy\u017cszy ni\u017c w latach ubieg\u0142ych.<\/p>\n","protected":false},"author":1,"featured_media":0,"comment_status":"closed","ping_status":"closed","sticky":false,"template":"","format":"standard","meta":{"footnotes":""},"categories":[5,91,6],"tags":[169,2401,2003],"class_list":["post-20239","post","type-post","status-publish","format-standard","hentry","category-newsy","category-gminny-osrodek-kultury","category-kultura-rozrywka-edukacja","tag-gminny-osrodek-kultury-w-sadownem","tag-konkurs-warszawska-syrenka","tag-miejski-i-gminny-osrodek-kultury-w-lochowie"],"views":2664,"_links":{"self":[{"href":"http:\/\/info.sadowne.pl\/index.php?rest_route=\/wp\/v2\/posts\/20239","targetHints":{"allow":["GET"]}}],"collection":[{"href":"http:\/\/info.sadowne.pl\/index.php?rest_route=\/wp\/v2\/posts"}],"about":[{"href":"http:\/\/info.sadowne.pl\/index.php?rest_route=\/wp\/v2\/types\/post"}],"author":[{"embeddable":true,"href":"http:\/\/info.sadowne.pl\/index.php?rest_route=\/wp\/v2\/users\/1"}],"replies":[{"embeddable":true,"href":"http:\/\/info.sadowne.pl\/index.php?rest_route=%2Fwp%2Fv2%2Fcomments&post=20239"}],"version-history":[{"count":1,"href":"http:\/\/info.sadowne.pl\/index.php?rest_route=\/wp\/v2\/posts\/20239\/revisions"}],"predecessor-version":[{"id":20243,"href":"http:\/\/info.sadowne.pl\/index.php?rest_route=\/wp\/v2\/posts\/20239\/revisions\/20243"}],"wp:attachment":[{"href":"http:\/\/info.sadowne.pl\/index.php?rest_route=%2Fwp%2Fv2%2Fmedia&parent=20239"}],"wp:term":[{"taxonomy":"category","embeddable":true,"href":"http:\/\/info.sadowne.pl\/index.php?rest_route=%2Fwp%2Fv2%2Fcategories&post=20239"},{"taxonomy":"post_tag","embeddable":true,"href":"http:\/\/info.sadowne.pl\/index.php?rest_route=%2Fwp%2Fv2%2Ftags&post=20239"}],"curies":[{"name":"wp","href":"https:\/\/api.w.org\/{rel}","templated":true}]}}