{"id":20250,"date":"2019-04-06T16:57:36","date_gmt":"2019-04-06T14:57:36","guid":{"rendered":"http:\/\/info.sadowne.pl\/?p=20250"},"modified":"2019-04-06T16:57:36","modified_gmt":"2019-04-06T14:57:36","slug":"zakonczenie-kursu-w-gok","status":"publish","type":"post","link":"http:\/\/info.sadowne.pl\/?p=20250","title":{"rendered":"Zako\u0144czenie kursu w GOK"},"content":{"rendered":"<p><strong><a href=\"http:\/\/info.sadowne.pl\/wp-content\/uploads\/2019\/04\/2019.04.05.1.jpg\" target=\"_blank\" rel=\"noopener noreferrer\"><img loading=\"lazy\" decoding=\"async\" class=\"alignleft wp-image-20251 size-thumbnail\" src=\"http:\/\/info.sadowne.pl\/wp-content\/uploads\/2019\/04\/2019.04.05.1-180x130.jpg\" alt=\"\" width=\"180\" height=\"130\" \/><\/a>5 kwietnia nast\u0119pna grupa uko\u0144czy\u0142a kurs komputerowy organizowany w ramach projektu \u201ePodniesienie kompetencji cyfrowych mieszka\u0144c\u00f3w wojew\u00f3dztwa mazowieckiego\u201d. <\/strong><!--more--><\/p>\n<p><a href=\"http:\/\/info.sadowne.pl\/wp-content\/uploads\/2019\/04\/2019.04.05.2.jpg\" target=\"_blank\" rel=\"noopener noreferrer\"><img loading=\"lazy\" decoding=\"async\" class=\"alignright wp-image-20252 size-thumbnail\" src=\"http:\/\/info.sadowne.pl\/wp-content\/uploads\/2019\/04\/2019.04.05.2-180x130.jpg\" alt=\"\" width=\"180\" height=\"130\" \/><\/a>Uczestnikom wr\u0119czono certyfikaty potwierdzaj\u0105ce poniesienie kompetencji cyfrowych.<\/p>\n<p><strong>Zapraszamy nast\u0119pnych ch\u0119tnych.<\/strong><\/p>\n<p><img loading=\"lazy\" decoding=\"async\" class=\"aligncenter size-full wp-image-19471\" src=\"http:\/\/info.sadowne.pl\/wp-content\/uploads\/2018\/11\/2018.11.14.22.jpg\" alt=\"\" width=\"595\" height=\"842\" srcset=\"http:\/\/info.sadowne.pl\/wp-content\/uploads\/2018\/11\/2018.11.14.22.jpg 595w, http:\/\/info.sadowne.pl\/wp-content\/uploads\/2018\/11\/2018.11.14.22-212x300.jpg 212w\" sizes=\"auto, (max-width: 595px) 100vw, 595px\" \/><\/p>\n<p><strong>Tekst\/foto:<\/strong> GOK Sadowne<\/p>\n","protected":false},"excerpt":{"rendered":"<p>5 kwietnia nast\u0119pna grupa uko\u0144czy\u0142a kurs komputerowy organizowany w ramach projektu \u201ePodniesienie kompetencji cyfrowych mieszka\u0144c\u00f3w wojew\u00f3dztwa mazowieckiego\u201d.<\/p>\n","protected":false},"author":1,"featured_media":0,"comment_status":"closed","ping_status":"closed","sticky":false,"template":"","format":"standard","meta":{"footnotes":""},"categories":[5,91,6],"tags":[964,169,2949],"class_list":["post-20250","post","type-post","status-publish","format-standard","hentry","category-newsy","category-gminny-osrodek-kultury","category-kultura-rozrywka-edukacja","tag-bezplatny-kurs-komputerowy","tag-gminny-osrodek-kultury-w-sadownem","tag-projekt-podniesienie-komptetencji-cyfrowych-mieszkancow-wojewodztwa-mazowieckiego"],"views":2417,"_links":{"self":[{"href":"http:\/\/info.sadowne.pl\/index.php?rest_route=\/wp\/v2\/posts\/20250","targetHints":{"allow":["GET"]}}],"collection":[{"href":"http:\/\/info.sadowne.pl\/index.php?rest_route=\/wp\/v2\/posts"}],"about":[{"href":"http:\/\/info.sadowne.pl\/index.php?rest_route=\/wp\/v2\/types\/post"}],"author":[{"embeddable":true,"href":"http:\/\/info.sadowne.pl\/index.php?rest_route=\/wp\/v2\/users\/1"}],"replies":[{"embeddable":true,"href":"http:\/\/info.sadowne.pl\/index.php?rest_route=%2Fwp%2Fv2%2Fcomments&post=20250"}],"version-history":[{"count":1,"href":"http:\/\/info.sadowne.pl\/index.php?rest_route=\/wp\/v2\/posts\/20250\/revisions"}],"predecessor-version":[{"id":20253,"href":"http:\/\/info.sadowne.pl\/index.php?rest_route=\/wp\/v2\/posts\/20250\/revisions\/20253"}],"wp:attachment":[{"href":"http:\/\/info.sadowne.pl\/index.php?rest_route=%2Fwp%2Fv2%2Fmedia&parent=20250"}],"wp:term":[{"taxonomy":"category","embeddable":true,"href":"http:\/\/info.sadowne.pl\/index.php?rest_route=%2Fwp%2Fv2%2Fcategories&post=20250"},{"taxonomy":"post_tag","embeddable":true,"href":"http:\/\/info.sadowne.pl\/index.php?rest_route=%2Fwp%2Fv2%2Ftags&post=20250"}],"curies":[{"name":"wp","href":"https:\/\/api.w.org\/{rel}","templated":true}]}}