{"id":20338,"date":"2019-04-27T12:34:55","date_gmt":"2019-04-27T10:34:55","guid":{"rendered":"http:\/\/info.sadowne.pl\/?p=20338"},"modified":"2019-04-27T12:34:55","modified_gmt":"2019-04-27T10:34:55","slug":"trzeba-pochwalic","status":"publish","type":"post","link":"http:\/\/info.sadowne.pl\/?p=20338","title":{"rendered":"Trzeba pochwali\u0107\u2026"},"content":{"rendered":"<p><strong><img loading=\"lazy\" decoding=\"async\" class=\"alignleft size-thumbnail wp-image-1292\" src=\"http:\/\/info.sadowne.pl\/wp-content\/uploads\/2013\/02\/gbplogo-150x150.jpg\" alt=\"\" width=\"130\" height=\"130\" \/>Gminna Biblioteka Publiczna w Sadownem w tym roku obchodzi swoje 70-lecie, ale to ju\u017c wiemy. Osi\u0105ga r\u00f3wnie\u017c bardzo dobre wyniki, ale\u2026 jej pracownicy nie lubi\u0105 si\u0119 chwali\u0107.<\/strong><!--more--><\/p>\n<p>16 stycznia 2019 roku obchodzili\u015bmy 70. rocznic\u0119 utworzenia Gminnej Biblioteki Publicznej w Sadownem.\u00a0A w\u0142a\u015bciwie Biblioteka powinna \u015bwi\u0119towa\u0107 z tej okazji przez ca\u0142y 2019 rok i\u2026 chyba nadal Panie Bibliotekarki przyjmuj\u0105 \u017cyczenia.<\/p>\n<p>O rocznicy i utworzeniu sadowie\u0144skiej Biblioteki pisali\u015bmy ju\u017c wcze\u015bniej na stronie<span style=\"color: #0000ff;\"><strong> <a style=\"color: #0000ff;\" href=\"http:\/\/www.gbpsadowne.pl\/index.php\/aktualnosci\/183-nasza-biblioteka-ma-70-lat\" target=\"_blank\" rel=\"noopener noreferrer\">http:\/\/www.gbpsadowne.pl\/index.php\/aktualnosci\/183-nasza-biblioteka-ma-70-lat<\/a><\/strong><\/span>. Tam te\u017c mo\u017cna by\u0142o przeczyta\u0107 o pe\u0142nym zakresie dzia\u0142alno\u015bci tej instytucji, ale te\u017c osi\u0105ganych przez ni\u0105 wynikach, kt\u00f3re eksponowane s\u0105 na tle krajowej, wojew\u00f3dzkiej czy powiatowej struktury bibliotek publicznych. Przypomnijmy tylko, \u017ce rok 2018 przyni\u00f3s\u0142 naszej Bibliotece:<\/p>\n<p>&#8211; <strong>1. miejsce w powiecie w\u0119growskim<\/strong>\u00a0(w naszym powiecie funkcjonuje og\u00f3\u0142em 23 plac\u00f3wki, w tym: 9 bibliotek i 14 filii. W Rankingu wzi\u0119\u0142y udzia\u0142 4 biblioteki).<\/p>\n<p>&#8211; <strong>11. miejsce w wojew\u00f3dztwie mazowieckim<\/strong>\u00a0(Sie\u0107 biblioteczna na Mazowszu wg stanu na dzie\u0144 01.07.2018 r. liczy og\u00f3\u0142em 958 plac\u00f3wek:\u00a0342 biblioteki i 616 filii &#8211; w Warszawie: Biblioteka Wojew\u00f3dzka, 18 Bibliotek Dzielnicowych i 184 filie. W Rankingu oceniano m.in. powierzchni\u0119 biblioteki i filii w przeliczeniu na 1 tys. mieszka\u0144c\u00f3w oraz \u015brednie zatrudnienie w plac\u00f3wce. W rankingu liczy si\u0119 tak\u017ce czas pracy biblioteki, wielko\u015b\u0107 ksi\u0119gozbioru w przeliczeniu na 1 tys. mieszka\u0144c\u00f3w, wielko\u015b\u0107 ksi\u0119gozbioru nabytego w ci\u0105gu dziesi\u0119ciu lat, jako procent ca\u0142ego zbioru oraz zakupione nowe ksi\u0105\u017cki. Dodatkowe punkty mo\u017cna by\u0142o uzyska\u0107 w Rankingu m.in. za dost\u0119pno\u015b\u0107 dla czytelnik\u00f3w prasy, dost\u0119p do nowych medi\u00f3w, udogodnienia dla os\u00f3b\u00a0niepe\u0142nosprawnych, dzia\u0142aj\u0105ce przy bibliotece k\u00f3\u0142ka czytelnicze, artystyczne, literackie).<\/p>\n<p><strong>&#8211; 121. miejsce w kraju po\u015br\u00f3d prawie 750 sklasyfikowanych w Rankingu bibliotek <\/strong>(W\u00a0tegorocznej, \u00f3smej ju\u017c edycji og\u00f3lnopolskiego Rankingu, organizatorzy wys\u0142ali ponad 2300 ankiet do wszystkich gmin wiejskich i miejsko-wiejskich oraz miast &#8211; z wykluczeniem miast na prawach powiatu. Odpowiedzi udzieli\u0142y 733 plac\u00f3wki, kt\u00f3re tym samym wzi\u0119\u0142y udzia\u0142 w Rankingu).<\/p>\n<p><strong>Jak Pa\u0144stwo oceniaj\u0105 to osi\u0105gni\u0119cie? My\u015bl\u0119, \u017ce\u2026 bardzo dobrze.<\/strong> Pracownicy Gminnej Biblioteki Publicznej w Sadownem, obs\u0142uguj\u0105cy r\u00f3wnie\u017c trzy filie Biblioteki na terenie naszej gminy, nie lubi\u0105 si\u0119 chwali\u0107 swoimi osi\u0105gni\u0119ciami, a wi\u0119c robi\u0119 to za nich i w imieniu czytelnik\u00f3w (chyba wszyscy s\u0105 ze mn\u0105 zgodni) przekazuj\u0119 im gratulacje i \u017cyczenia dalszej, tak owocnej pracy.<\/p>\n<p>Na potwierdzenie powy\u017cszych danych dodam tylko, \u017ce w naszym wojew\u00f3dztwie biblioteki publiczne nadzoruje Biblioteka Publiczna m.st. Warszawy \u2013 Biblioteka G\u0142\u00f3wna Woj. Mazowieckiego. W ostatnich dniach podsumowa\u0142a ona poprzedni rok i przekaza\u0142a w teren podstawowe dane dotycz\u0105ce bibliotek publicznych wojew\u00f3dztwa mazowieckiego w 2018 r. Zapoznajmy si\u0119 z nimi, bo s\u0105 ciekawe i buduj\u0105ce \u2013 oczywi\u015bcie dla czytelnictwa gminy Sadowne.<\/p>\n<p style=\"text-align: center;\"><strong><em>Biblioteki Publiczne Powiatu W\u0119growskiego w 2018 r. <\/em><\/strong><\/p>\n<p style=\"text-align: center;\"><strong><em>uszeregowane wed\u0142ug wska\u017anik\u00f3w na 100 mieszka\u0144c\u00f3w<\/em><\/strong><\/p>\n<p><img loading=\"lazy\" decoding=\"async\" class=\"aligncenter size-full wp-image-20340\" src=\"http:\/\/info.sadowne.pl\/wp-content\/uploads\/2019\/04\/2019.04.27.1.jpg\" alt=\"\" width=\"604\" height=\"222\" srcset=\"http:\/\/info.sadowne.pl\/wp-content\/uploads\/2019\/04\/2019.04.27.1.jpg 604w, http:\/\/info.sadowne.pl\/wp-content\/uploads\/2019\/04\/2019.04.27.1-300x110.jpg 300w\" sizes=\"auto, (max-width: 604px) 100vw, 604px\" \/><\/p>\n<p><strong>\u00a0<img loading=\"lazy\" decoding=\"async\" class=\"aligncenter size-full wp-image-20341\" src=\"http:\/\/info.sadowne.pl\/wp-content\/uploads\/2019\/04\/2019.04.27.2.jpg\" alt=\"\" width=\"604\" height=\"109\" srcset=\"http:\/\/info.sadowne.pl\/wp-content\/uploads\/2019\/04\/2019.04.27.2.jpg 604w, http:\/\/info.sadowne.pl\/wp-content\/uploads\/2019\/04\/2019.04.27.2-300x54.jpg 300w\" sizes=\"auto, (max-width: 604px) 100vw, 604px\" \/><\/strong><\/p>\n<p>Przy okazji zobaczmy te\u017c <span style=\"color: #0000ff;\"><a style=\"color: #0000ff;\" href=\"http:\/\/info.sadowne.pl\/wp-content\/uploads\/2019\/04\/ranking-wojew\u00f3dztwo-2018.docx\" target=\"_blank\" rel=\"noopener noreferrer\"><strong><em>Ranking powiat\u00f3w wojew\u00f3dztwa mazowieckiego wed\u0142ug wska\u017anik\u00f3w na 100 mieszka\u0144c\u00f3w na podstawie dzia\u0142alno\u015bci bibliotek publicznych w 2018 r.&gt;&gt;&gt;<\/em><\/strong><\/a><\/span><\/p>\n<p><strong>Tekst: <\/strong>S\u0142awek Chyli\u0144ski<\/p>\n","protected":false},"excerpt":{"rendered":"<p>Gminna Biblioteka Publiczna w Sadownem w tym roku obchodzi swoje 70-lecie, ale to ju\u017c wiemy. Osi\u0105ga r\u00f3wnie\u017c bardzo dobre wyniki, ale\u2026 jej pracownicy nie lubi\u0105 si\u0119 chwali\u0107.<\/p>\n","protected":false},"author":1,"featured_media":0,"comment_status":"closed","ping_status":"closed","sticky":false,"template":"","format":"standard","meta":{"footnotes":""},"categories":[5,2149,6],"tags":[2991,113,3071],"class_list":["post-20338","post","type-post","status-publish","format-standard","hentry","category-newsy","category-gminna-biblioteka-publiczna","category-kultura-rozrywka-edukacja","tag-70-lat-gbp-w-sadownem","tag-gminna-biblioteka-publiczna-w-sadownem","tag-ranking-bibliotek-2018"],"views":2735,"_links":{"self":[{"href":"http:\/\/info.sadowne.pl\/index.php?rest_route=\/wp\/v2\/posts\/20338","targetHints":{"allow":["GET"]}}],"collection":[{"href":"http:\/\/info.sadowne.pl\/index.php?rest_route=\/wp\/v2\/posts"}],"about":[{"href":"http:\/\/info.sadowne.pl\/index.php?rest_route=\/wp\/v2\/types\/post"}],"author":[{"embeddable":true,"href":"http:\/\/info.sadowne.pl\/index.php?rest_route=\/wp\/v2\/users\/1"}],"replies":[{"embeddable":true,"href":"http:\/\/info.sadowne.pl\/index.php?rest_route=%2Fwp%2Fv2%2Fcomments&post=20338"}],"version-history":[{"count":1,"href":"http:\/\/info.sadowne.pl\/index.php?rest_route=\/wp\/v2\/posts\/20338\/revisions"}],"predecessor-version":[{"id":20342,"href":"http:\/\/info.sadowne.pl\/index.php?rest_route=\/wp\/v2\/posts\/20338\/revisions\/20342"}],"wp:attachment":[{"href":"http:\/\/info.sadowne.pl\/index.php?rest_route=%2Fwp%2Fv2%2Fmedia&parent=20338"}],"wp:term":[{"taxonomy":"category","embeddable":true,"href":"http:\/\/info.sadowne.pl\/index.php?rest_route=%2Fwp%2Fv2%2Fcategories&post=20338"},{"taxonomy":"post_tag","embeddable":true,"href":"http:\/\/info.sadowne.pl\/index.php?rest_route=%2Fwp%2Fv2%2Ftags&post=20338"}],"curies":[{"name":"wp","href":"https:\/\/api.w.org\/{rel}","templated":true}]}}