{"id":20406,"date":"2019-05-17T12:33:33","date_gmt":"2019-05-17T10:33:33","guid":{"rendered":"http:\/\/info.sadowne.pl\/?p=20406"},"modified":"2019-05-17T12:33:33","modified_gmt":"2019-05-17T10:33:33","slug":"konkurs-im-k-makuszynskiego-2","status":"publish","type":"post","link":"http:\/\/info.sadowne.pl\/?p=20406","title":{"rendered":"Konkurs im. K. Makuszy\u0144skiego"},"content":{"rendered":"<p><strong><a href=\"http:\/\/info.sadowne.pl\/wp-content\/uploads\/2019\/05\/2019.05.17.1.jpg\" target=\"_blank\" rel=\"noopener noreferrer\"><img loading=\"lazy\" decoding=\"async\" class=\"alignleft wp-image-20407 size-thumbnail\" src=\"http:\/\/info.sadowne.pl\/wp-content\/uploads\/2019\/05\/2019.05.17.1-180x130.jpg\" alt=\"\" width=\"180\" height=\"130\" \/><\/a>17 maja w Gminnym O\u015brodku Kultury w Sadownem odby\u0142y si\u0119 Gminne Eliminacje XXXVI Konkursu Recytatorskiego im. Kornela Makuszy\u0144skiego. <\/strong><!--more-->Przybyli recytatorzy przygotowali jeden wiersz i jeden fragment prozy dowolnego autora. Jury, oceniaj\u0105c kandydat\u00f3w, bra\u0142o pod uwag\u0119\u00a0dob\u00f3r repertuaru, interpretacj\u0119\u00a0utwor\u00f3w, kultur\u0119 s\u0142owa oraz og\u00f3lny wyraz artystyczny. Wyb\u00f3r nie nale\u017ca\u0142 do naj\u0142atwiejszych, bo poziom reprezentowanych utwor\u00f3w by\u0142 wysoki.<\/p>\n<p>Komisja Konkursowa wy\u0142oni\u0142a zwyci\u0119zc\u00f3w, kt\u00f3rzy b\u0119d\u0105 startowa\u0107 w eliminacjach powiatowych w W\u0119growie.<\/p>\n<p><strong>Uczniowie klas I-III szko\u0142y podstawowej<\/strong><\/p>\n<ol>\n<li>Zosia Cyran<\/li>\n<li>Magdalena Kalbarczyk<\/li>\n<li>Damian W\u00f3dka-Niewada<\/li>\n<\/ol>\n<p><strong>Uczniowie klas IV-VI szko\u0142y podstawowej<\/strong><\/p>\n<ol>\n<li>Patrycja Dobosz<\/li>\n<li>Julia Miko\u0142ajczyk<\/li>\n<li>Kinga Rydzewska<\/li>\n<\/ol>\n<p>Wyr\u00f3\u017cnienie:<\/p>\n<ol>\n<li>Wiktoria Ga\u0142\u0105zka<\/li>\n<\/ol>\n<p><strong>Uczestnikom konkursu \u017cyczymy dalszych sukces\u00f3w i powodzenia.<\/strong><\/p>\n<p><span style=\"color: #0000ff;\"><a style=\"color: #0000ff;\" href=\"https:\/\/photos.app.goo.gl\/dz1SCZoEryNqkGRP9\" target=\"_blank\" rel=\"noopener noreferrer\"><strong>Zdj\u0119cia w galerii Google&gt;&gt;&gt;<\/strong><\/a><\/span><\/p>\n<p><strong>Tekst\/foto: <\/strong>GOK Sadowne<\/p>\n","protected":false},"excerpt":{"rendered":"<p>17 maja w Gminnym O\u015brodku Kultury w Sadownem odby\u0142y si\u0119 Gminne Eliminacje XXXVI Konkursu Recytatorskiego im. Kornela Makuszy\u0144skiego.<\/p>\n","protected":false},"author":1,"featured_media":0,"comment_status":"closed","ping_status":"closed","sticky":false,"template":"","format":"standard","meta":{"footnotes":""},"categories":[5,2149,91,6],"tags":[113,169,3080],"class_list":["post-20406","post","type-post","status-publish","format-standard","hentry","category-newsy","category-gminna-biblioteka-publiczna","category-gminny-osrodek-kultury","category-kultura-rozrywka-edukacja","tag-gminna-biblioteka-publiczna-w-sadownem","tag-gminny-osrodek-kultury-w-sadownem","tag-xxxvi-konkurs-recytatorski-im-korneka-makuszynskiego"],"views":2379,"_links":{"self":[{"href":"http:\/\/info.sadowne.pl\/index.php?rest_route=\/wp\/v2\/posts\/20406","targetHints":{"allow":["GET"]}}],"collection":[{"href":"http:\/\/info.sadowne.pl\/index.php?rest_route=\/wp\/v2\/posts"}],"about":[{"href":"http:\/\/info.sadowne.pl\/index.php?rest_route=\/wp\/v2\/types\/post"}],"author":[{"embeddable":true,"href":"http:\/\/info.sadowne.pl\/index.php?rest_route=\/wp\/v2\/users\/1"}],"replies":[{"embeddable":true,"href":"http:\/\/info.sadowne.pl\/index.php?rest_route=%2Fwp%2Fv2%2Fcomments&post=20406"}],"version-history":[{"count":1,"href":"http:\/\/info.sadowne.pl\/index.php?rest_route=\/wp\/v2\/posts\/20406\/revisions"}],"predecessor-version":[{"id":20408,"href":"http:\/\/info.sadowne.pl\/index.php?rest_route=\/wp\/v2\/posts\/20406\/revisions\/20408"}],"wp:attachment":[{"href":"http:\/\/info.sadowne.pl\/index.php?rest_route=%2Fwp%2Fv2%2Fmedia&parent=20406"}],"wp:term":[{"taxonomy":"category","embeddable":true,"href":"http:\/\/info.sadowne.pl\/index.php?rest_route=%2Fwp%2Fv2%2Fcategories&post=20406"},{"taxonomy":"post_tag","embeddable":true,"href":"http:\/\/info.sadowne.pl\/index.php?rest_route=%2Fwp%2Fv2%2Ftags&post=20406"}],"curies":[{"name":"wp","href":"https:\/\/api.w.org\/{rel}","templated":true}]}}