{"id":20460,"date":"2019-05-24T20:16:04","date_gmt":"2019-05-24T18:16:04","guid":{"rendered":"http:\/\/info.sadowne.pl\/?p=20460"},"modified":"2019-05-24T20:16:04","modified_gmt":"2019-05-24T18:16:04","slug":"jednostka-osp-zieleniec-najlepsza-w-powiecie","status":"publish","type":"post","link":"http:\/\/info.sadowne.pl\/?p=20460","title":{"rendered":"Jednostka OSP Zieleniec najlepsza w powiecie"},"content":{"rendered":"<p><strong><img loading=\"lazy\" decoding=\"async\" class=\"alignleft size-thumbnail wp-image-20465\" src=\"http:\/\/info.sadowne.pl\/wp-content\/uploads\/2019\/05\/2019.05.24.16-180x130.jpeg\" alt=\"\" width=\"180\" height=\"130\" \/>W marcu i w kwietniu odby\u0142 si\u0119 pierwszy etap plebiscytu stra\u017cackiego \u201eStra\u017cak Roku 2019\u201d zosta\u0142 przeprowadzony we wszystkich powiatach w Polsce. <\/strong><!--more--><\/p>\n<p>W ka\u017cdym regionie zwyci\u0119zcy z powiat\u00f3w awansowali do kolejnego, wojew\u00f3dzkiego etapu, podczas kt\u00f3rego nast\u0119pnie oddawano g\u0142osy na najlepszych stra\u017cak\u00f3w w trzech kategoriach: Stra\u017cak Roku, Jednostka OSP Roku i M\u0142odzie\u017cowa Dru\u017cyna Po\u017carnicza Roku.<br \/>\nW pi\u0105tek 24 maja najlepsi stra\u017cacy z Mazowsza zostali nagrodzeni. Uroczyste wr\u0119czenie nagr\u00f3d odby\u0142o si\u0119 w Multikinie w Z\u0142otych Tarasach. Nagrodzono te\u017c zwyci\u0119zc\u00f3w etapu powiatowego. Na pierwszym miejscu w powiecie w\u0119growskim uplasowa\u0142a si\u0119 Jednostka OSP w Ziele\u0144cu. W imieniu druh\u00f3w z OSP Zieleniec wyr\u00f3\u017cnienie odebra\u0142 dh Jaros\u0142aw Pop\u0142awski.<\/p>\n\n\t\t<style type=\"text\/css\">\n\t\t\t#gallery-1 {\n\t\t\t\tmargin: auto;\n\t\t\t}\n\t\t\t#gallery-1 .gallery-item {\n\t\t\t\tfloat: left;\n\t\t\t\tmargin-top: 10px;\n\t\t\t\ttext-align: center;\n\t\t\t\twidth: 33%;\n\t\t\t}\n\t\t\t#gallery-1 img {\n\t\t\t\tborder: 2px solid #cfcfcf;\n\t\t\t}\n\t\t\t#gallery-1 .gallery-caption {\n\t\t\t\tmargin-left: 0;\n\t\t\t}\n\t\t\t\/* see gallery_shortcode() in wp-includes\/media.php *\/\n\t\t<\/style>\n\t\t<div id='gallery-1' class='gallery galleryid-20460 gallery-columns-3 gallery-size-thumbnail'><dl class='gallery-item'>\n\t\t\t<dt class='gallery-icon landscape'>\n\t\t\t\t<a href='http:\/\/info.sadowne.pl\/?attachment_id=20461'><img loading=\"lazy\" decoding=\"async\" width=\"180\" height=\"130\" src=\"http:\/\/info.sadowne.pl\/wp-content\/uploads\/2019\/05\/2019.05.24.12-180x130.jpg\" class=\"attachment-thumbnail size-thumbnail\" alt=\"\" \/><\/a>\n\t\t\t<\/dt><\/dl><dl class='gallery-item'>\n\t\t\t<dt class='gallery-icon landscape'>\n\t\t\t\t<a href='http:\/\/info.sadowne.pl\/?attachment_id=20462'><img loading=\"lazy\" decoding=\"async\" width=\"180\" height=\"130\" src=\"http:\/\/info.sadowne.pl\/wp-content\/uploads\/2019\/05\/2019.05.24.13-180x130.jpg\" class=\"attachment-thumbnail size-thumbnail\" alt=\"\" \/><\/a>\n\t\t\t<\/dt><\/dl><dl class='gallery-item'>\n\t\t\t<dt class='gallery-icon landscape'>\n\t\t\t\t<a href='http:\/\/info.sadowne.pl\/?attachment_id=20463'><img loading=\"lazy\" decoding=\"async\" width=\"180\" height=\"130\" src=\"http:\/\/info.sadowne.pl\/wp-content\/uploads\/2019\/05\/2019.05.24.14-180x130.jpg\" class=\"attachment-thumbnail size-thumbnail\" alt=\"\" \/><\/a>\n\t\t\t<\/dt><\/dl><br style=\"clear: both\" \/><dl class='gallery-item'>\n\t\t\t<dt class='gallery-icon landscape'>\n\t\t\t\t<a href='http:\/\/info.sadowne.pl\/?attachment_id=20464'><img loading=\"lazy\" decoding=\"async\" width=\"180\" height=\"130\" src=\"http:\/\/info.sadowne.pl\/wp-content\/uploads\/2019\/05\/2019.05.24.15-180x130.jpg\" class=\"attachment-thumbnail size-thumbnail\" alt=\"\" \/><\/a>\n\t\t\t<\/dt><\/dl><dl class='gallery-item'>\n\t\t\t<dt class='gallery-icon landscape'>\n\t\t\t\t<a href='http:\/\/info.sadowne.pl\/?attachment_id=20465'><img loading=\"lazy\" decoding=\"async\" width=\"180\" height=\"130\" src=\"http:\/\/info.sadowne.pl\/wp-content\/uploads\/2019\/05\/2019.05.24.16-180x130.jpeg\" class=\"attachment-thumbnail size-thumbnail\" alt=\"\" \/><\/a>\n\t\t\t<\/dt><\/dl>\n\t\t\t<br style='clear: both' \/>\n\t\t<\/div>\n\n<p><strong>Relacja z gali na stronie <span style=\"color: #0000ff;\"><a style=\"color: #0000ff;\" href=\"https:\/\/polskatimes.pl\/strazak-mazowsza-2019-najlepsi-strazacy-w-wojewodztwie-mazowieckim-nagrodzeni-zdjecia\/ar\/c1-14160047\" target=\"_blank\" rel=\"noopener noreferrer\">https:\/\/polskatimes.pl\/strazak-mazowsza-2019-najlepsi-strazacy-w-wojewodztwie-mazowieckim-nagrodzeni-zdjecia\/ar\/c1-14160047<\/a><\/span><\/strong><\/p>\n<p><strong>Tekst:<\/strong> S\u0142awek Chyli\u0144ski<\/p>\n<p><strong>Foto:<\/strong> Jaros\u0142aw Pop\u0142awski\/www.polskatimes.pl<\/p>\n","protected":false},"excerpt":{"rendered":"<p>W marcu i w kwietniu odby\u0142 si\u0119 pierwszy etap plebiscytu stra\u017cackiego \u201eStra\u017cak Roku 2019\u201d zosta\u0142 przeprowadzony we wszystkich powiatach w Polsce.<\/p>\n","protected":false},"author":1,"featured_media":0,"comment_status":"closed","ping_status":"closed","sticky":false,"template":"","format":"standard","meta":{"footnotes":""},"categories":[5,4,267],"tags":[2852,3090],"class_list":["post-20460","post","type-post","status-publish","format-standard","hentry","category-newsy","category-policja-straz-pozarna-pogotowie-ratunkowe","category-straz-pozarna-policja-straz-pozarna-pogotowie-ratunkowe","tag-osp-zieleniec","tag-strazak-roku-2019"],"views":2766,"_links":{"self":[{"href":"http:\/\/info.sadowne.pl\/index.php?rest_route=\/wp\/v2\/posts\/20460","targetHints":{"allow":["GET"]}}],"collection":[{"href":"http:\/\/info.sadowne.pl\/index.php?rest_route=\/wp\/v2\/posts"}],"about":[{"href":"http:\/\/info.sadowne.pl\/index.php?rest_route=\/wp\/v2\/types\/post"}],"author":[{"embeddable":true,"href":"http:\/\/info.sadowne.pl\/index.php?rest_route=\/wp\/v2\/users\/1"}],"replies":[{"embeddable":true,"href":"http:\/\/info.sadowne.pl\/index.php?rest_route=%2Fwp%2Fv2%2Fcomments&post=20460"}],"version-history":[{"count":1,"href":"http:\/\/info.sadowne.pl\/index.php?rest_route=\/wp\/v2\/posts\/20460\/revisions"}],"predecessor-version":[{"id":20466,"href":"http:\/\/info.sadowne.pl\/index.php?rest_route=\/wp\/v2\/posts\/20460\/revisions\/20466"}],"wp:attachment":[{"href":"http:\/\/info.sadowne.pl\/index.php?rest_route=%2Fwp%2Fv2%2Fmedia&parent=20460"}],"wp:term":[{"taxonomy":"category","embeddable":true,"href":"http:\/\/info.sadowne.pl\/index.php?rest_route=%2Fwp%2Fv2%2Fcategories&post=20460"},{"taxonomy":"post_tag","embeddable":true,"href":"http:\/\/info.sadowne.pl\/index.php?rest_route=%2Fwp%2Fv2%2Ftags&post=20460"}],"curies":[{"name":"wp","href":"https:\/\/api.w.org\/{rel}","templated":true}]}}