{"id":20510,"date":"2019-05-30T17:40:08","date_gmt":"2019-05-30T15:40:08","guid":{"rendered":"http:\/\/info.sadowne.pl\/?p=20510"},"modified":"2019-05-30T17:40:08","modified_gmt":"2019-05-30T15:40:08","slug":"potrojne-swieto-w-przedszkolu","status":"publish","type":"post","link":"http:\/\/info.sadowne.pl\/?p=20510","title":{"rendered":"Potr\u00f3jne \u015bwi\u0119to w Przedszkolu"},"content":{"rendered":"<p><strong><a href=\"http:\/\/info.sadowne.pl\/wp-content\/uploads\/2019\/05\/2019.05.30.1.jpg\" target=\"_blank\" rel=\"noopener noreferrer\"><img loading=\"lazy\" decoding=\"async\" class=\"alignleft wp-image-20511 size-thumbnail\" src=\"http:\/\/info.sadowne.pl\/wp-content\/uploads\/2019\/05\/2019.05.30.1-180x130.jpg\" alt=\"\" width=\"180\" height=\"130\" \/><\/a>Dzie\u0144 Mamy, Dzie\u0144 Taty i Dzie\u0144 Dziecka \u2013 bardzo wa\u017cne \u015bwi\u0119ta, kt\u00f3re 30 maja jednocze\u015bnie obchodzi\u0142o Przedszkole w Sadownem.<\/strong><!--more--><\/p>\n<p><strong>Ju\u017c po raz drugi Przedszkole w Sadownem i Jego Rada Rodzic\u00f3w byli organizatorami Pikniku Rodzinnego.<\/strong> W tym okresie zbiegaj\u0105 si\u0119 trzy \u015bwi\u0119ta: mamy, taty i dziecka, dlatego te\u017c jak najbardziej uzasadnione jest wsp\u00f3lne \u015bwi\u0119towanie zw\u0142aszcza, gdy jego bohaterami jednak s\u0105 g\u0142\u00f3wnie nasi najm\u0142odsi \u2013 tu sadowie\u0144skie przedszkolaki.<\/p>\n<p>Pogoda dopisa\u0142a i mo\u017cna by\u0142o wykorzysta\u0107 do spotkania plenerowego teren przy Przedszkolu. Jak \u015bwi\u0119ta, to koniecznie te\u017c musi by\u0107 cz\u0119\u015b\u0107 artystyczna i przygotowa\u0142y j\u0105 przedszkolaki ze swoimi wychowawczyniami.<\/p>\n<p><strong>Ale najpierw wszystkich powita\u0142a p. Dyrektor Agata S\u0119dek<\/strong>, po czym maluchy, a potem starszaki zaprezentowa\u0142y wiersze, piosenki, a nawet taniec dla widowni, kt\u00f3r\u0105 zape\u0142nili ich najbli\u017csi nie kryj\u0105cy zadowolenia z wyst\u0119p\u00f3w swoich pociech i czasami obcieraj\u0105cy ukradkiem \u0142ezki. Na koniec by\u0142y te\u017c prezenty przygotowane przez dzieciaki na zaj\u0119ciach w Przedszkolu.<\/p>\n<p><strong>Oficjalnie podsumowano te\u017c konkurs plastyczny pt. \u201eMoja Ojczyzna\u201d<\/strong>. Szacowne Jury konkursowe postanowi\u0142o, i\u017c tym razem wszyscy otrzymaj\u0105 za swoje prace nagrody r\u00f3wnorz\u0119dne, co te\u017c szybko uczyniono i przyst\u0105piono do realizacji g\u0142\u00f3wnego celu tego spotkania rodzinnego: wsp\u00f3lnego biesiadowania, zabaw przy muzyce, grillu i sto\u0142ach zastawionych r\u00f3wnie\u017c potrawami dietetycznymi.<\/p>\n<p><strong>Trafne i wa\u017cne spotkanie integracyjne spo\u0142eczno\u015bci przedszkolnej, tym razem bez udzia\u0142u zaproszonych w\u0142adz.<\/strong> A szkoda, bo mo\u017cna by\u0142oby w takim gronie om\u00f3wi\u0107 wiele ciekawych temat\u00f3w, zw\u0142aszcza dotycz\u0105cych obiecanej i oczekiwanej szybkiej zmiany lokalizacji Przedszkola, chocia\u017cby ze wzgl\u0119du na obecn\u0105 ograniczon\u0105 przestrze\u0144 przebywaj\u0105cych tu dzieciak\u00f3w, mo\u017ce te\u017c ze wzgl\u0119du na zwisaj\u0105ce p\u0142atami nad ich g\u0142owami i biesiaduj\u0105cych, jak to wszyscy m\u00f3wi\u0105, chyba bardzo szkodliwego eternitu czy tak\u017ce ze wzgl\u0119du na bezpo\u015brednie s\u0105siedztwo z Przedszkolem \u201edomk\u00f3w\u201d dla zwierz\u0105t hodowlanych, kt\u00f3rych obecny tu zapach czasami uniemo\u017cliwia spo\u017cycie nawet zapaszystej, grillowanej kie\u0142baski.<\/p>\n<p><strong>Ale c\u00f3\u017c, nie zawsze wszystko idzie g\u0142adko i nikt nie m\u00f3wi\u0142, \u017ce \u201eb\u0119dzie \u0142atwo\u201d.<\/strong> Dobrze jednak by\u0142oby us\u0142ysze\u0107, \u017ce \u201eco\u015b si\u0119 kroi\u201d w temacie nowej siedziby Przedszkola, nie czekaj\u0105c do zako\u0144czenia kolejnych czterech czy te\u017c pi\u0119ciu lat. Czas ucieka&#8230;<\/p>\n<p><strong>Bardzo fajna impreza, wszyscy zadowoleni, a dzieciaki \u201ewniebowzi\u0119te\u201d.<\/strong> \u015awietny pomys\u0142 na integracj\u0119 i oby takich wi\u0119cej dla dobra najm\u0142odszego pokolenia, kt\u00f3re \u2013 mamy nadziej\u0119!!! \u2013 przejmie od nas kiedy\u015b w\u0142adanie naszymi dobrami, a mo\u017ce nie zechce. To zale\u017cy w du\u017cej mierze te\u017c od nas\u2026<\/p>\n<p><span style=\"color: #0000ff;\"><a style=\"color: #0000ff;\" href=\"https:\/\/photos.app.goo.gl\/3HhmgE4bF4drzB2s8\" target=\"_blank\" rel=\"noopener noreferrer\"><strong>Zdj\u0119cia w galerii Google&gt;&gt;&gt;<\/strong><\/a><\/span><\/p>\n<p><strong>Tekst\/foto:<\/strong> S\u0142awek Chyli\u0144ski<\/p>\n","protected":false},"excerpt":{"rendered":"<p>Dzie\u0144 Mamy, Dzie\u0144 Taty i Dzie\u0144 Dziecka \u2013 bardzo wa\u017cne \u015bwi\u0119ta, kt\u00f3re 30 maja jednocze\u015bnie obchodzi\u0142o Przedszkole w Sadownem.<\/p>\n","protected":false},"author":1,"featured_media":0,"comment_status":"closed","ping_status":"closed","sticky":false,"template":"","format":"standard","meta":{"footnotes":""},"categories":[5,1752,561],"tags":[3097,2286],"class_list":["post-20510","post","type-post","status-publish","format-standard","hentry","category-newsy","category-edukacja","category-przedszkole-w-sadownem","tag-piknik-rodzinny-w-sadowienskim-przedszkolu","tag-przedszkole-w-sadownem"],"views":3048,"_links":{"self":[{"href":"http:\/\/info.sadowne.pl\/index.php?rest_route=\/wp\/v2\/posts\/20510","targetHints":{"allow":["GET"]}}],"collection":[{"href":"http:\/\/info.sadowne.pl\/index.php?rest_route=\/wp\/v2\/posts"}],"about":[{"href":"http:\/\/info.sadowne.pl\/index.php?rest_route=\/wp\/v2\/types\/post"}],"author":[{"embeddable":true,"href":"http:\/\/info.sadowne.pl\/index.php?rest_route=\/wp\/v2\/users\/1"}],"replies":[{"embeddable":true,"href":"http:\/\/info.sadowne.pl\/index.php?rest_route=%2Fwp%2Fv2%2Fcomments&post=20510"}],"version-history":[{"count":1,"href":"http:\/\/info.sadowne.pl\/index.php?rest_route=\/wp\/v2\/posts\/20510\/revisions"}],"predecessor-version":[{"id":20512,"href":"http:\/\/info.sadowne.pl\/index.php?rest_route=\/wp\/v2\/posts\/20510\/revisions\/20512"}],"wp:attachment":[{"href":"http:\/\/info.sadowne.pl\/index.php?rest_route=%2Fwp%2Fv2%2Fmedia&parent=20510"}],"wp:term":[{"taxonomy":"category","embeddable":true,"href":"http:\/\/info.sadowne.pl\/index.php?rest_route=%2Fwp%2Fv2%2Fcategories&post=20510"},{"taxonomy":"post_tag","embeddable":true,"href":"http:\/\/info.sadowne.pl\/index.php?rest_route=%2Fwp%2Fv2%2Ftags&post=20510"}],"curies":[{"name":"wp","href":"https:\/\/api.w.org\/{rel}","templated":true}]}}