{"id":20537,"date":"2019-06-02T20:10:09","date_gmt":"2019-06-02T18:10:09","guid":{"rendered":"http:\/\/info.sadowne.pl\/?p=20537"},"modified":"2019-06-02T20:10:09","modified_gmt":"2019-06-02T18:10:09","slug":"na-pikniku-pogoda-dopisala","status":"publish","type":"post","link":"http:\/\/info.sadowne.pl\/?p=20537","title":{"rendered":"Na Pikniku pogoda dopisa\u0142a"},"content":{"rendered":"<p><strong><img loading=\"lazy\" decoding=\"async\" class=\"alignleft size-thumbnail wp-image-20538\" src=\"http:\/\/info.sadowne.pl\/wp-content\/uploads\/2019\/06\/2019.06.02.1-180x130.jpg\" alt=\"\" width=\"180\" height=\"130\" \/>Tradycyjnie, z okazji Dnia Dziecka w Sadownem organizowany jest Piknik Rodzinny. Tegoroczny odby\u0142 si\u0119 w niedziel\u0119 2 czerwca na placu przy Gimnazjum w Sadownem<\/strong><strong>.<\/strong><!--more--><\/p>\n<p>W po\u0142udnie 2 czerwca pod has\u0142em <strong>\u201ePok\u00f3j i rado\u015b\u0107 tam zago\u015bci, gdzie rodzina jest w trze\u017awo\u015bci\u201d<\/strong> rozpocz\u0105\u0142 si\u0119 Piknik Rodzinny w Sadownem, kt\u00f3rego organizatorami byli: Gmina Sadowne, Gminna Komisja Rozwi\u0105zywania Problem\u00f3w Alkoholowych w Sadownem i Gminny O\u015brodek Kultury w Sadownem.<\/p>\n<p>Go\u015bci w imieniu Organizator\u00f3w na placu przed Gimnazjum powitali: p. Ewa Pi\u00f3rkowska i p. Waldemar Cyran, po czym odby\u0142a si\u0119 cz\u0119\u015b\u0107 artystyczna. Widzom w przedstawieniu \u201eAch te czarownice\u201d zaprezentowa\u0142a si\u0119 Grupa Teatralna BAJ dzia\u0142aj\u0105ca przy Gminnym O\u015brodku Kultury w Sadownem oraz w kilku ta\u0144cach wsp\u00f3\u0142czesnych &#8211; \u201eStudio Ta\u0144ca Fen\u201d ze Szko\u0142y Podstawowej w Sadownem. Przedstawicielka zaproszonej na Piknik Fundacji \u201eJak Piez z Kotem\u201d przeprowadzi\u0142a pogadank\u0119 tematyczn\u0105 o opiece nad zwierz\u0119tami i zaprezentowa\u0142a umiej\u0119tno\u015bci swojego czworono\u017cnego przyjaciela, kt\u00f3ry towarzyszy\u0142 jej na tym spotkaniu.<\/p>\n<p>W drugiej cz\u0119\u015bci Pikniku Rodzinnego na jego uczestnik\u00f3w czeka\u0142o wiele atrakcji na \u015bwie\u017cym powietrzu. Odby\u0142 si\u0119 IV Bieg dla dzieci \u201eBiegam bo lubi\u0119\u201d, Spartakiada Rodzinna, w kt\u00f3rej dominowa\u0142a rodzina Ilczuk\u00f3w przed Narowskimi i Witowskimi, a tak\u017ce odby\u0142y si\u0119 zawody M\u0142odzie\u017cowych Dru\u017cyn Po\u017carniczych, w kt\u00f3rych bezkonkurencyjna by\u0142a dru\u017cyna OSP Sadowne, na drugim miejscu sklasyfikowano Zalesie, na trzecim Szynkarzyzn\u0119, a tu\u017c za podium \u2013 Sok\u00f3\u0142k\u0119. Zwyci\u0119zcy przeprowadzonych zawod\u00f3w otrzymali z r\u0105k Organizator\u00f3w puchary, dyplomy i nagrody niespodzianki.<\/p>\n<p>Du\u017cym powodzeniem cieszy\u0142y si\u0119 te\u017c specjalne atrakcje dla dzieci w postaci placu zabaw, zje\u017cd\u017calni i innych, ale te\u017c r\u00f3\u017cnego rodzaju stoiska np. Gminnego O\u015brodka Kultury, Technikum Gastronomicznego, Gminnej Komisji Rozwi\u0105zywania Problem\u00f3w Alkoholowych czy Fundacji \u201eJak Pies z Kotem\u201d oraz Fundacji \u201eAkomodacja\u201d, kt\u00f3ra zorganizowa\u0142a warsztaty \u201eMoja pszcz\u00f3\u0142ka\u201d i \u201e\u015awieca z wosku pszczelego\u201d. Organizatorzy nie zapomnieli te\u017c o malowaniu twarzy, ciep\u0142ych daniach, wacie cukrowej i lodach.<\/p>\n<p>\u015awietna zabawa trwa\u0142a do samego wieczora. By\u0142o bezpiecznie dzi\u0119ki wspomnianym na pocz\u0105tku Organizatorom oraz wsp\u00f3\u0142dzia\u0142aj\u0105cym z nimi gminnym plac\u00f3wkom o\u015bwiatowym: ZSP w Sadownem, Gimnazjum w Sadownem i szko\u0142om podstawowym, a tak\u017ce Jednostkom OSP gminy Sadowne.<\/p>\n<p><span style=\"color: #0000ff;\"><a style=\"color: #0000ff;\" href=\"https:\/\/photos.app.goo.gl\/YVzJpg1RuaWqaq2W9\" target=\"_blank\" rel=\"noopener noreferrer\"><strong>Zdj\u0119cia w galerii Google&gt;&gt;&gt;<\/strong><\/a><\/span><\/p>\n<p><strong>Tekst\/foto:<\/strong>\u00a0S\u0142awek Chyli\u0144ski<\/p>\n","protected":false},"excerpt":{"rendered":"<p>Tradycyjnie, z okazji Dnia Dziecka w Sadownem organizowany jest Piknik Rodzinny. Tegoroczny odby\u0142 si\u0119 w niedziel\u0119 2 czerwca na placu przy Gimnazjum w Sadownem.<\/p>\n","protected":false},"author":1,"featured_media":0,"comment_status":"closed","ping_status":"closed","sticky":false,"template":"","format":"standard","meta":{"footnotes":""},"categories":[5,91,6],"tags":[169,3104],"class_list":["post-20537","post","type-post","status-publish","format-standard","hentry","category-newsy","category-gminny-osrodek-kultury","category-kultura-rozrywka-edukacja","tag-gminny-osrodek-kultury-w-sadownem","tag-piknik-rodzinny-2019-w-sadownem"],"views":2827,"_links":{"self":[{"href":"http:\/\/info.sadowne.pl\/index.php?rest_route=\/wp\/v2\/posts\/20537","targetHints":{"allow":["GET"]}}],"collection":[{"href":"http:\/\/info.sadowne.pl\/index.php?rest_route=\/wp\/v2\/posts"}],"about":[{"href":"http:\/\/info.sadowne.pl\/index.php?rest_route=\/wp\/v2\/types\/post"}],"author":[{"embeddable":true,"href":"http:\/\/info.sadowne.pl\/index.php?rest_route=\/wp\/v2\/users\/1"}],"replies":[{"embeddable":true,"href":"http:\/\/info.sadowne.pl\/index.php?rest_route=%2Fwp%2Fv2%2Fcomments&post=20537"}],"version-history":[{"count":1,"href":"http:\/\/info.sadowne.pl\/index.php?rest_route=\/wp\/v2\/posts\/20537\/revisions"}],"predecessor-version":[{"id":20539,"href":"http:\/\/info.sadowne.pl\/index.php?rest_route=\/wp\/v2\/posts\/20537\/revisions\/20539"}],"wp:attachment":[{"href":"http:\/\/info.sadowne.pl\/index.php?rest_route=%2Fwp%2Fv2%2Fmedia&parent=20537"}],"wp:term":[{"taxonomy":"category","embeddable":true,"href":"http:\/\/info.sadowne.pl\/index.php?rest_route=%2Fwp%2Fv2%2Fcategories&post=20537"},{"taxonomy":"post_tag","embeddable":true,"href":"http:\/\/info.sadowne.pl\/index.php?rest_route=%2Fwp%2Fv2%2Ftags&post=20537"}],"curies":[{"name":"wp","href":"https:\/\/api.w.org\/{rel}","templated":true}]}}