{"id":20555,"date":"2019-06-07T18:52:26","date_gmt":"2019-06-07T16:52:26","guid":{"rendered":"http:\/\/info.sadowne.pl\/?p=20555"},"modified":"2019-06-07T18:52:26","modified_gmt":"2019-06-07T16:52:26","slug":"dzien-patrona-w-grabinach-2","status":"publish","type":"post","link":"http:\/\/info.sadowne.pl\/?p=20555","title":{"rendered":"Dzie\u0144 Patrona w Grabinach"},"content":{"rendered":"<p><strong><img loading=\"lazy\" decoding=\"async\" class=\"alignleft size-thumbnail wp-image-20556\" src=\"http:\/\/info.sadowne.pl\/wp-content\/uploads\/2019\/06\/2019.06.07.1-180x130.jpg\" alt=\"\" width=\"180\" height=\"130\" \/>Min\u0119\u0142o dwa lata od nadania<\/strong><strong> imienia ks. Jana Twardowskiego Szkole Podstawo<\/strong><strong>wej w Grabinach. 7 czerwca po raz drugi <\/strong><strong>obchodzono tu Dzie\u0144 Patrona.<\/strong><!--more--><\/p>\n<p>7 czerwca uroczysto\u015bci w Grabinach rozpocz\u0119to msz\u0105 \u015bw. w Kaplicy w Zarzetce, po czym uczestnicy przemaszerowali do budynku Zespo\u0142u Szkolno \u2013 Przedszkolnego w Grabinach. Tu dalsz\u0105 cz\u0119\u015b\u0107 uroczysto\u015bci rozpocz\u0119to wprowadzeniem pocztu sztandarowego i od\u015bpiewaniem hymnu pa\u0144stwowego. Dyrektor Szko\u0142y p. Alina Lipka \u2013 Chudzik powita\u0142a przyby\u0142ych go\u015bci, a delegacja uczni\u00f3w i nauczycieli z\u0142o\u017cy\u0142a kwiaty pod \u015bcian\u0105 Patrona.<\/p>\n<p>Wykorzystuj\u0105c tak donios\u0142\u0105 okazj\u0119, wr\u0119czono nagrody laureatom szkolnego \u00a0etapu Konkursu Recytatorskiego \u201eW kr\u0119gu tw\u00f3rczo\u015bci ksi\u0119dza Jana Twardowskiego\u201d (wyniki tego etapu dost\u0119pne s\u0105 na stronie <span style=\"color: #0000ff;\"><strong><a style=\"color: #0000ff;\" href=\"http:\/\/zspgrabiny.pl\/szkola-podstawowa\/aktualnosci\/\" target=\"_blank\" rel=\"noopener noreferrer\">http:\/\/zspgrabiny.pl\/szkola-podstawowa\/aktualnosci\/<\/a><\/strong><\/span>). Laureaci otrzymali nagrody z r\u0105k W\u00f3jta Gminy Sadowne p. Waldemara Cyrana, nast\u0105pi\u0142a te\u017c prezentacja wierszy przez uczestnik\u00f3w szkolnego i gminnego etapu konkursu recytatorskiego (wyniki fina\u0142u konkursu na stronie <span style=\"color: #0000ff;\"><strong><a style=\"color: #0000ff;\" href=\"http:\/\/info.sadowne.pl\/?p=20518\" target=\"_blank\" rel=\"noopener noreferrer\">http:\/\/info.sadowne.pl\/?p=20518<\/a><\/strong><\/span>).<\/p>\n<p>Na zako\u0144czenie uroczysto\u015bci odby\u0142y si\u0119 wyst\u0119py taneczne najm\u0142odszych cz\u0142onk\u00f3w spo\u0142eczno\u015bci Szko\u0142y w Grabinach, a p. S\u0142awomir Akonom przedstawi\u0142 prezentacj\u0119 multimedialn\u0105 o \u017cyciu i tw\u00f3rczo\u015bci ks. Jana Twardowskiego pt. \u201eMo\u017cna odej\u015b\u0107 na zawsze, by stale by\u0107 blisko\u201d, po czym od\u015bpiewano hymn Szko\u0142y.<\/p>\n<p><span style=\"color: #0000ff;\"><a style=\"color: #0000ff;\" href=\"https:\/\/photos.app.goo.gl\/y1sth8Tsn8DuX9Nq7\" target=\"_blank\" rel=\"noopener noreferrer\"><strong>Zdj\u0119cia w galerii Google&gt;&gt;&gt;<\/strong><\/a><\/span><\/p>\n<p><strong>Tekst\/foto:<\/strong>\u00a0S\u0142awek Chyli\u0144ski<\/p>\n","protected":false},"excerpt":{"rendered":"<p>Min\u0119\u0142o dwa lata od nadania imienia ks. Jana Twardowskiego Szkole Podstawowej w Grabinach. 7 czerwca po raz drugi obchodzono tu Dzie\u0144 Patrona.<\/p>\n","protected":false},"author":1,"featured_media":0,"comment_status":"closed","ping_status":"closed","sticky":false,"template":"","format":"standard","meta":{"footnotes":""},"categories":[5,1752,1120],"tags":[3110,2797],"class_list":["post-20555","post","type-post","status-publish","format-standard","hentry","category-newsy","category-edukacja","category-zespol-szkolno-przedszkolny-w-grabinach","tag-dzien-patrona-w-grabinach","tag-szkola-podstawowa-im-ks-jana-twardowskiego-w-grabinach"],"views":2643,"_links":{"self":[{"href":"http:\/\/info.sadowne.pl\/index.php?rest_route=\/wp\/v2\/posts\/20555","targetHints":{"allow":["GET"]}}],"collection":[{"href":"http:\/\/info.sadowne.pl\/index.php?rest_route=\/wp\/v2\/posts"}],"about":[{"href":"http:\/\/info.sadowne.pl\/index.php?rest_route=\/wp\/v2\/types\/post"}],"author":[{"embeddable":true,"href":"http:\/\/info.sadowne.pl\/index.php?rest_route=\/wp\/v2\/users\/1"}],"replies":[{"embeddable":true,"href":"http:\/\/info.sadowne.pl\/index.php?rest_route=%2Fwp%2Fv2%2Fcomments&post=20555"}],"version-history":[{"count":1,"href":"http:\/\/info.sadowne.pl\/index.php?rest_route=\/wp\/v2\/posts\/20555\/revisions"}],"predecessor-version":[{"id":20557,"href":"http:\/\/info.sadowne.pl\/index.php?rest_route=\/wp\/v2\/posts\/20555\/revisions\/20557"}],"wp:attachment":[{"href":"http:\/\/info.sadowne.pl\/index.php?rest_route=%2Fwp%2Fv2%2Fmedia&parent=20555"}],"wp:term":[{"taxonomy":"category","embeddable":true,"href":"http:\/\/info.sadowne.pl\/index.php?rest_route=%2Fwp%2Fv2%2Fcategories&post=20555"},{"taxonomy":"post_tag","embeddable":true,"href":"http:\/\/info.sadowne.pl\/index.php?rest_route=%2Fwp%2Fv2%2Ftags&post=20555"}],"curies":[{"name":"wp","href":"https:\/\/api.w.org\/{rel}","templated":true}]}}