{"id":20562,"date":"2019-06-12T14:07:22","date_gmt":"2019-06-12T12:07:22","guid":{"rendered":"http:\/\/info.sadowne.pl\/?p=20562"},"modified":"2019-06-12T14:09:52","modified_gmt":"2019-06-12T12:09:52","slug":"100-lecie-uczcilismy-miejscem-na-podium","status":"publish","type":"post","link":"http:\/\/info.sadowne.pl\/?p=20562","title":{"rendered":"100-lecie uczcili\u015bmy miejscem na podium\u2026"},"content":{"rendered":"<p><strong><a href=\"http:\/\/info.sadowne.pl\/wp-content\/uploads\/2019\/06\/2019.06.09.1.jpg\" target=\"_blank\" rel=\"noopener noreferrer\"><img loading=\"lazy\" decoding=\"async\" class=\"alignleft wp-image-20563 size-thumbnail\" src=\"http:\/\/info.sadowne.pl\/wp-content\/uploads\/2019\/06\/2019.06.09.1-180x130.jpg\" alt=\"\" width=\"180\" height=\"130\" \/><\/a>\u2026na Zawodach Sportowo-Po\u017carniczych w Szynkarzy\u017anie.<\/strong>\u00a0<!--more--><\/p>\n<p>Bardzo starannie przygotowywali\u015bmy si\u0119 do wyst\u0119pu na zawodach w niedziel\u0119, 9 czerwca br., bo wiedzieli\u015bmy, \u017ce konkurencja b\u0119dzie jak zawsze du\u017ca, a chcieli\u015bmy znale\u017a\u0107 si\u0119 na podium, \u017ceby uczci\u0107 100-lecie naszej Jednostki.<\/p>\n<p><img loading=\"lazy\" decoding=\"async\" class=\"aligncenter size-full wp-image-20564\" src=\"http:\/\/info.sadowne.pl\/wp-content\/uploads\/2019\/06\/2019.06.09.2.jpg\" alt=\"\" width=\"603\" height=\"403\" srcset=\"http:\/\/info.sadowne.pl\/wp-content\/uploads\/2019\/06\/2019.06.09.2.jpg 603w, http:\/\/info.sadowne.pl\/wp-content\/uploads\/2019\/06\/2019.06.09.2-300x200.jpg 300w\" sizes=\"auto, (max-width: 603px) 100vw, 603px\" \/><\/p>\n<p>Nawet kontuzja czo\u0142owego cz\u0142onka naszej dru\u017cyny \u0141. Biernata nie przeszkodzi\u0142a nam we w\u0142\u0105czeniu si\u0119 z sukcesem do walki o czo\u0142owe miejsce. Z powodzeniem zast\u0105pi\u0142 go Z. K\u0105dziela, kt\u00f3ry wni\u00f3s\u0142 do dru\u017cyny spok\u00f3j i wieloletnie do\u015bwiadczenie w takich zawodach.<\/p>\n<p><img loading=\"lazy\" decoding=\"async\" class=\"aligncenter size-full wp-image-20565\" src=\"http:\/\/info.sadowne.pl\/wp-content\/uploads\/2019\/06\/2019.06.09.3.jpg\" alt=\"\" width=\"603\" height=\"403\" srcset=\"http:\/\/info.sadowne.pl\/wp-content\/uploads\/2019\/06\/2019.06.09.3.jpg 603w, http:\/\/info.sadowne.pl\/wp-content\/uploads\/2019\/06\/2019.06.09.3-300x200.jpg 300w\" sizes=\"auto, (max-width: 603px) 100vw, 603px\" \/><\/p>\n<p>Po pierwszej konkurencji \u2013 sztafecie &#8211; jeszcze brakowa\u0142o nam troch\u0119 do podium; mieli\u015bmy czwarty wynik. Ale liczyli\u015bmy, \u017ce wyka\u017cemy si\u0119 sprawno\u015bci\u0105 w \u0107wiczeniu bojowym, kt\u00f3remu po\u015bwi\u0119cali\u015bmy szczeg\u00f3ln\u0105 uwag\u0119 w przygotowaniach. Dru\u017cyna spisa\u0142a si\u0119 na medal.<\/p>\n<p><img loading=\"lazy\" decoding=\"async\" class=\"aligncenter size-full wp-image-20566\" src=\"http:\/\/info.sadowne.pl\/wp-content\/uploads\/2019\/06\/2019.06.09.4.jpg\" alt=\"\" width=\"603\" height=\"403\" srcset=\"http:\/\/info.sadowne.pl\/wp-content\/uploads\/2019\/06\/2019.06.09.4.jpg 603w, http:\/\/info.sadowne.pl\/wp-content\/uploads\/2019\/06\/2019.06.09.4-300x200.jpg 300w\" sizes=\"auto, (max-width: 603px) 100vw, 603px\" \/><\/p>\n<p>Chocia\u017c musztra nie oby\u0142a si\u0119 bez ma\u0142ej wpadki, to ju\u017c nie pozwolili\u015bmy sobie wydrze\u0107 miejsca na podium.<\/p>\n<p><img loading=\"lazy\" decoding=\"async\" class=\"aligncenter size-full wp-image-20567\" src=\"http:\/\/info.sadowne.pl\/wp-content\/uploads\/2019\/06\/2019.06.09.5.jpg\" alt=\"\" width=\"603\" height=\"403\" srcset=\"http:\/\/info.sadowne.pl\/wp-content\/uploads\/2019\/06\/2019.06.09.5.jpg 603w, http:\/\/info.sadowne.pl\/wp-content\/uploads\/2019\/06\/2019.06.09.5-300x200.jpg 300w\" sizes=\"auto, (max-width: 603px) 100vw, 603px\" \/><\/p>\n<p>Na zawodach nie mog\u0142o oczywi\u015bcie zabrakn\u0105\u0107 naszych kibic\u00f3w, kt\u00f3rzy wspierali dru\u017cyn\u0119 stoj\u0105c przy samochodzie lub z trybun.<\/p>\n<p><img loading=\"lazy\" decoding=\"async\" class=\"aligncenter size-full wp-image-20568\" src=\"http:\/\/info.sadowne.pl\/wp-content\/uploads\/2019\/06\/2019.06.09.6.jpg\" alt=\"\" width=\"603\" height=\"403\" srcset=\"http:\/\/info.sadowne.pl\/wp-content\/uploads\/2019\/06\/2019.06.09.6.jpg 603w, http:\/\/info.sadowne.pl\/wp-content\/uploads\/2019\/06\/2019.06.09.6-300x200.jpg 300w\" sizes=\"auto, (max-width: 603px) 100vw, 603px\" \/><\/p>\n<p>Wszyscy cieszyli\u015bmy si\u0119 z zaj\u0119cia przez nasz\u0105 dru\u017cyn\u0119 III miejsca. A nasz dow\u00f3dca K. Samsel mia\u0142 wyj\u0105tkowo pomy\u015blny dzie\u0144, bo nie tylko poprowadzi\u0142 dru\u017cyn\u0119 do wyczekiwanego sukcesu w zawodach, ale par\u0119 godzin wcze\u015bniej urodzi\u0142 mu si\u0119 syn. Gratulacjom nie by\u0142o ko\u0144ca.<\/p>\n<p><img loading=\"lazy\" decoding=\"async\" class=\"aligncenter size-full wp-image-20569\" src=\"http:\/\/info.sadowne.pl\/wp-content\/uploads\/2019\/06\/2019.06.09.7.jpg\" alt=\"\" width=\"603\" height=\"403\" srcset=\"http:\/\/info.sadowne.pl\/wp-content\/uploads\/2019\/06\/2019.06.09.7.jpg 603w, http:\/\/info.sadowne.pl\/wp-content\/uploads\/2019\/06\/2019.06.09.7-300x200.jpg 300w\" sizes=\"auto, (max-width: 603px) 100vw, 603px\" \/><\/p>\n<p>Gratulujemy zwyci\u0119zcom z Ziele\u0144ca. Przekazujemy s\u0142owa podziwu druhom z Szynkarzyzny za sukces sportowy \u2013 II miejsce i organizacyjny \u2013 zawody by\u0142y zorganizowane na najwy\u017cszym poziomie. A pozosta\u0142ym dru\u017cynom \u017cyczymy powodzenia w nast\u0119pnych zawodach.<\/p>\n<p><img loading=\"lazy\" decoding=\"async\" class=\"aligncenter size-full wp-image-20570\" src=\"http:\/\/info.sadowne.pl\/wp-content\/uploads\/2019\/06\/2019.06.09.8.jpg\" alt=\"\" width=\"603\" height=\"403\" srcset=\"http:\/\/info.sadowne.pl\/wp-content\/uploads\/2019\/06\/2019.06.09.8.jpg 603w, http:\/\/info.sadowne.pl\/wp-content\/uploads\/2019\/06\/2019.06.09.8-300x200.jpg 300w\" sizes=\"auto, (max-width: 603px) 100vw, 603px\" \/><\/p>\n<p><span style=\"color: #0000ff;\"><a style=\"color: #0000ff;\" href=\"https:\/\/photos.app.goo.gl\/mVcoCp7xRDHnAhJT9\" target=\"_blank\" rel=\"noopener noreferrer\"><strong>Zdj\u0119cia w galerii Google&gt;&gt;&gt;<\/strong><\/a><\/span><\/p>\n<p><strong>Tekst\/foto:<\/strong> Stanis\u0142aw Stebelski<\/p>\n","protected":false},"excerpt":{"rendered":"<p>\u2026na Zawodach Sportowo-Po\u017carniczych w Szynkarzy\u017anie.\u00a0<\/p>\n","protected":false},"author":1,"featured_media":0,"comment_status":"closed","ping_status":"closed","sticky":false,"template":"","format":"standard","meta":{"footnotes":""},"categories":[5,2397,4,267],"tags":[3100,3117,3095,2852,2621,3116],"class_list":["post-20562","post","type-post","status-publish","format-standard","hentry","category-newsy","category-osp-wilczogeby","category-policja-straz-pozarna-pogotowie-ratunkowe","category-straz-pozarna-policja-straz-pozarna-pogotowie-ratunkowe","tag-100-lecie-osp-wilczogeby","tag-osp","tag-osp-wilczogeby","tag-osp-zieleniec","tag-szynkarzyzna","tag-zawody-sportowo-pozarnicze-w-szynkarzyznie"],"views":2693,"_links":{"self":[{"href":"http:\/\/info.sadowne.pl\/index.php?rest_route=\/wp\/v2\/posts\/20562","targetHints":{"allow":["GET"]}}],"collection":[{"href":"http:\/\/info.sadowne.pl\/index.php?rest_route=\/wp\/v2\/posts"}],"about":[{"href":"http:\/\/info.sadowne.pl\/index.php?rest_route=\/wp\/v2\/types\/post"}],"author":[{"embeddable":true,"href":"http:\/\/info.sadowne.pl\/index.php?rest_route=\/wp\/v2\/users\/1"}],"replies":[{"embeddable":true,"href":"http:\/\/info.sadowne.pl\/index.php?rest_route=%2Fwp%2Fv2%2Fcomments&post=20562"}],"version-history":[{"count":4,"href":"http:\/\/info.sadowne.pl\/index.php?rest_route=\/wp\/v2\/posts\/20562\/revisions"}],"predecessor-version":[{"id":20574,"href":"http:\/\/info.sadowne.pl\/index.php?rest_route=\/wp\/v2\/posts\/20562\/revisions\/20574"}],"wp:attachment":[{"href":"http:\/\/info.sadowne.pl\/index.php?rest_route=%2Fwp%2Fv2%2Fmedia&parent=20562"}],"wp:term":[{"taxonomy":"category","embeddable":true,"href":"http:\/\/info.sadowne.pl\/index.php?rest_route=%2Fwp%2Fv2%2Fcategories&post=20562"},{"taxonomy":"post_tag","embeddable":true,"href":"http:\/\/info.sadowne.pl\/index.php?rest_route=%2Fwp%2Fv2%2Ftags&post=20562"}],"curies":[{"name":"wp","href":"https:\/\/api.w.org\/{rel}","templated":true}]}}