{"id":20685,"date":"2019-06-26T18:33:58","date_gmt":"2019-06-26T16:33:58","guid":{"rendered":"http:\/\/info.sadowne.pl\/?p=20685"},"modified":"2019-06-26T18:33:58","modified_gmt":"2019-06-26T16:33:58","slug":"wakacje-rozpoczete","status":"publish","type":"post","link":"http:\/\/info.sadowne.pl\/?p=20685","title":{"rendered":"Wakacje rozpocz\u0119te\u2026"},"content":{"rendered":"<p><strong><a href=\"http:\/\/info.sadowne.pl\/wp-content\/uploads\/2019\/06\/2019.06.26.21.jpg\" target=\"_blank\" rel=\"noopener noreferrer\"><img loading=\"lazy\" decoding=\"async\" class=\"alignleft wp-image-20686 size-thumbnail\" src=\"http:\/\/info.sadowne.pl\/wp-content\/uploads\/2019\/06\/2019.06.26.21-180x130.jpg\" alt=\"\" width=\"180\" height=\"130\" \/><\/a>26 czerwca uczestnicy zaj\u0119\u0107 Gminnego O\u015brodka Kultury rozpocz\u0119li ogniskiem tegoroczne wakacje.<\/strong><!--more--><\/p>\n<p>Dla uczestnik\u00f3w zaj\u0119\u0107 sta\u0142ych Gminny O\u015brodek Kultury w Sadownem przygotowa\u0142 uroczyste rozpocz\u0119cie wakacji \u2013 ognisko z zabawami i oczywi\u015bcie pieczonymi kie\u0142baskami. Pogoda ku temu dopisa\u0142a a\u017c nadto i wszyscy zainteresowani propozycj\u0105 stawili si\u0119 w \u015brodowe popo\u0142udnie na polanie Ko\u0142a \u0141owieckiego \u015bw. Huberta w Sadownem. Instruktorzy GOK przygotowali dla nich wiele ciekawych zabaw.<\/p>\n<p>Przypomnijmy tylko, \u017ce w mijaj\u0105cym roku szkolnym GOK oferowa\u0142 dzieciakom i troch\u0119 starszym zaj\u0119cia sta\u0142e: j\u0119zykowe, ceramiczne, plastyczno \u2013 techniczne, teatralne, muzyczne, korekcyjne, informatyczne oraz edukacyjne \u201eMa\u0142y Edison\u201d i \u201eRobotics\u201d. Zaj\u0119cia cieszy\u0142y si\u0119 du\u017cym zainteresowaniem.<\/p>\n<p>A z jakich zaj\u0119\u0107 b\u0119dzie mo\u017cna skorzysta\u0107 w nowym roku szkolnym? Zobaczymy, bo na razie GOK przygotowa\u0142 gam\u0119 zaj\u0119\u0107 wakacyjnych dla najm\u0142odszych \u2013 zapraszamy na stron\u0119 internetow\u0105 GOK.<\/p>\n<p><span style=\"color: #0000ff;\"><a style=\"color: #0000ff;\" href=\"https:\/\/photos.app.goo.gl\/cR8JFewp4GDqgwLc7\" target=\"_blank\" rel=\"noopener noreferrer\"><strong>Zdj\u0119cia w galerii Google&gt;&gt;&gt;<\/strong><\/a><\/span><\/p>\n<p><strong>Tekst\/foto:<\/strong>\u00a0S\u0142awek Chyli\u0144ski<\/p>\n","protected":false},"excerpt":{"rendered":"<p>26 czerwca uczestnicy zaj\u0119\u0107 Gminnego O\u015brodka Kultury rozpocz\u0119li ogniskiem tegoroczne wakacje.<\/p>\n","protected":false},"author":1,"featured_media":0,"comment_status":"closed","ping_status":"closed","sticky":false,"template":"","format":"standard","meta":{"footnotes":""},"categories":[5,91,6],"tags":[169,2832,3133],"class_list":["post-20685","post","type-post","status-publish","format-standard","hentry","category-newsy","category-gminny-osrodek-kultury","category-kultura-rozrywka-edukacja","tag-gminny-osrodek-kultury-w-sadownem","tag-ognisko-dla-uczestnikow-zajec-stalych-gok-sadowne","tag-uroczyste-rozpoczecie-wakacji-w-sadownem"],"views":2310,"_links":{"self":[{"href":"http:\/\/info.sadowne.pl\/index.php?rest_route=\/wp\/v2\/posts\/20685","targetHints":{"allow":["GET"]}}],"collection":[{"href":"http:\/\/info.sadowne.pl\/index.php?rest_route=\/wp\/v2\/posts"}],"about":[{"href":"http:\/\/info.sadowne.pl\/index.php?rest_route=\/wp\/v2\/types\/post"}],"author":[{"embeddable":true,"href":"http:\/\/info.sadowne.pl\/index.php?rest_route=\/wp\/v2\/users\/1"}],"replies":[{"embeddable":true,"href":"http:\/\/info.sadowne.pl\/index.php?rest_route=%2Fwp%2Fv2%2Fcomments&post=20685"}],"version-history":[{"count":1,"href":"http:\/\/info.sadowne.pl\/index.php?rest_route=\/wp\/v2\/posts\/20685\/revisions"}],"predecessor-version":[{"id":20687,"href":"http:\/\/info.sadowne.pl\/index.php?rest_route=\/wp\/v2\/posts\/20685\/revisions\/20687"}],"wp:attachment":[{"href":"http:\/\/info.sadowne.pl\/index.php?rest_route=%2Fwp%2Fv2%2Fmedia&parent=20685"}],"wp:term":[{"taxonomy":"category","embeddable":true,"href":"http:\/\/info.sadowne.pl\/index.php?rest_route=%2Fwp%2Fv2%2Fcategories&post=20685"},{"taxonomy":"post_tag","embeddable":true,"href":"http:\/\/info.sadowne.pl\/index.php?rest_route=%2Fwp%2Fv2%2Ftags&post=20685"}],"curies":[{"name":"wp","href":"https:\/\/api.w.org\/{rel}","templated":true}]}}