{"id":20801,"date":"2019-07-07T16:53:13","date_gmt":"2019-07-07T14:53:13","guid":{"rendered":"http:\/\/info.sadowne.pl\/?p=20801"},"modified":"2021-09-01T21:09:40","modified_gmt":"2021-09-01T19:09:40","slug":"bieg-grzymaly-odbyl-sie","status":"publish","type":"post","link":"http:\/\/info.sadowne.pl\/?p=20801","title":{"rendered":"Bieg Grzyma\u0142y odby\u0142 si\u0119!"},"content":{"rendered":"<p><strong><a href=\"http:\/\/info.sadowne.pl\/wp-content\/uploads\/2019\/07\/2019.07.07.1.jpg\" target=\"_blank\" rel=\"noopener noreferrer\"><img loading=\"lazy\" decoding=\"async\" class=\"alignleft wp-image-20802 size-thumbnail\" src=\"http:\/\/info.sadowne.pl\/wp-content\/uploads\/2019\/07\/2019.07.07.1-180x130.jpg\" alt=\"\" width=\"180\" height=\"130\" \/><\/a>7 lipca ju\u017c po raz sz\u00f3sty w Sadownem odby\u0142 si\u0119 Bieg ku czci b\u0142. ks. Edwarda Grzyma\u0142y, a po raz drugi Marsz Nordic Walking. <\/strong><!--more--><\/p>\n<p>Zainteresowanie t\u0105 imprez\u0105 sportow\u0105 przekroczy\u0142o naj\u015bmielsze oczekiwania organizator\u00f3w. Ostatecznie na starcie do dziewi\u0119ciokilometrowego marszu stan\u0119\u0142o 19. zawodnik\u00f3w, a na d\u0142u\u017csz\u0105 o kilometr tras\u0119 biegu wyruszy\u0142o 120. mi\u0142o\u015bnik\u00f3w biegania, w\u015br\u00f3d kt\u00f3rych znajdowali si\u0119 mieszka\u0144cy praktycznie wszystkich region\u00f3w Polski.<\/p>\n<p>Warto te\u017c przypomnie\u0107, \u017ce rejestracj\u0105 i systemem elektronicznego pomiaru czasu podczas zawod\u00f3w zajmowa\u0142a si\u0119 znana ju\u017c nam firma Chiptiming, na stronie kt\u00f3rej mo\u017cemy znale\u017a\u0107 list\u0119 zawodnik\u00f3w i ostateczn\u0105 klasyfikacj\u0119 zawod\u00f3w.<\/p>\n<p><strong>Zawody\u2026<\/strong><\/p>\n<p>G\u0142\u00f3wnym celem tej imprezy by\u0142o przybli\u017cenie uczestnikom postaci zamordowanego przez hitlerowc\u00f3w b\u0142ogos\u0142awionego ksi\u0119dza doktora Edwarda Grzyma\u0142y, kt\u00f3ry urodzi\u0142 si\u0119 w Ko\u0142odzi\u0105\u017cu, w miejscu usytuowanym w \u015brodkowej cz\u0119\u015bci trasy, ale te\u017c propagowanie zdrowego trybu \u017cycia w\u015br\u00f3d lokalnej spo\u0142eczno\u015bci, popularyzacja biegania i marszu nordic walking, jako najprostszych form rekreacji fizycznej oraz promocja Sadownego i Gminy Sadowne, jako miejsc atrakcyjnych dla zdrowego wypoczynku.<\/p>\n<p>Organizatorami Biegu byli: Klub Sportowy \u201eWicher\u201d Sadowne, Urz\u0105d Gminy Sadowne, Gminny O\u015brodek Kultury w Sadownem, Generalna Dyrekcja Las\u00f3w Pa\u0144stwowych, Nadle\u015bnictwo w \u0141ochowie i Urz\u0105d Marsza\u0142kowski Wojew\u00f3dztwa Mazowieckiego, a patronat medialny nad imprez\u0105 sprawowa\u0142 Portal INFO Sadowne.<\/p>\n<p>Impreza odby\u0142a si\u0119 7 lipca 2019 roku w Sadownem. Start: marsz o godz. 10.30, bieg o godz. 11.00. Start i meta zosta\u0142y usytuowane na polanie le\u015bnej przy wiacie Ko\u0142a \u0141owieckiego \u015bw. Huberta. Bieg i marsz zosta\u0142y przeprowadzone w ca\u0142o\u015bci duktami le\u015bnymi lasu \u201eJegiel\u201d, na trasie o pod\u0142o\u017cu \u017cwirowo &#8211; piaszczystym do miejsca urodzin b\u0142. Edwarda Grzyma\u0142y i z powrotem.<\/p>\n<p><strong>Przed rozpocz\u0119ciem zawod\u00f3w przedstawiciele Organizator\u00f3w zapaleniem symbolicznych zniczy upami\u0119tnili Patrona Biegu b\u0142. Edwarda Grzyma\u0142\u0119<\/strong> w miejscu jego urodzin, a tak\u017ce pomordowanych przez hitlerowc\u00f3w w czasie II wojny \u015bwiatowej mieszka\u0144c\u00f3w Gminy Sadowne narodowo\u015bci \u017cydowskiej i polskiej, pogrzebanych na tzw. Majdanie, kt\u00f3ry zlokalizowany jest nieopodal miejsca rozgrywanych zawod\u00f3w.<\/p>\n<p>Pogoda odpowiednia na tego rodzaju imprezy, co podkre\u015blili oficjalnie otwieraj\u0105cy zawody przedstawiciele Organizator\u00f3w: Zast\u0119pca W\u00f3jta Gminy Sadowne p. Marcin Gr\u0119da, Le\u015bniczy Le\u015bnictwa Sadowne p. Wojciech Zakrzewski, p. Krzysztof K\u0105dziela reprezentuj\u0105cy Ko\u0142o \u0141owieckie \u015bw. Huberta i przedstawiciel KS WICHER, jednocze\u015bnie prowadz\u0105cego zawody \u2013 p. Tadeusz Danaj.<\/p>\n<p><strong>Start<\/strong> \u2013 na pocz\u0105tek ruszyli zawodnicy nordic walking, a po trzydziestu minutach biegacze. Zmagania na trasie, rywalizacja, czas i bicie rekord\u00f3w, a po biegu i marszu pozosta\u0142o ju\u017c tylko podsumowanie i uhonorowanie zawodnik\u00f3w \u2013 wszystkich medalami pami\u0105tkowymi, a najlepszych w klasyfikacjach open i wiekowych specjalnymi statuetkami, kt\u00f3re wr\u0119czyli przedstawiciele Organizator\u00f3w i instytucji wspieraj\u0105cych sadowie\u0144ski sport: p. Bogus\u0142aw Pi\u0105tek, p. Marcin Gr\u0119da, p. Ewa Pi\u00f3rkowska, p. Agata S\u0119dek, p. Ma\u0142gorzata Zy\u015bk, p. Wojciech Zakrzewski i p. Emil Filipiak.<\/p>\n<p>W tegorocznych zawodach ustanowiono te\u017c dwie nowe kategorie: Najlepszy Zawodnik Biegu i Najlepszy Zawodnik Marszu Nordic Walking. Puchary w tych kategoriach zasponsorowa\u0142 wsp\u00f3\u0142organizator zawod\u00f3w Dyrektor Generalny Las\u00f3w Pa\u0144stwowych, a w jego imieniu &#8211; najlepszemu zawodnikowi w Biegu p. Danielowi Mikielskiemu z Olsztynka oraz najlepszemu zawodnikowi w Marszu p. Marcinowi Tomczakowi z Ciechanowa &#8211; puchary wr\u0119czy\u0142 p. Bogus\u0142aw Pi\u0105tek, Zast\u0119pca Dyrektora Generalnego Las\u00f3w Pa\u0144stwowych.<\/p>\n<p><strong>A oto klasyfikacja najlepszych zawodnik\u00f3w<\/strong><strong> tej imprezy sportowej<\/strong><strong>:<\/strong><\/p>\n<p><span style=\"color: #ff0000;\"><strong>BIEG \u2013 10 km<\/strong><\/span><\/p>\n<p><span style=\"color: #0000ff;\"><strong>KOBIETY<\/strong><\/span><\/p>\n<p><strong>Klasyfikacja open:<\/strong><\/p>\n<p>I miejsce \u2013 Anna Kesler, 00:40:47.78<\/p>\n<p>II miejsce \u2013 Paulina Waliszek, 00:45:44.68<\/p>\n<p>III miejsce \u2013 Karolina Lewandowska, 00:46:34.14<\/p>\n<p><strong>Klasyfikacja wiekowa 16 \u2013 29 lat<\/strong><\/p>\n<p>I miejsce \u2013 Magda Wysocka, 00:48:47.95<\/p>\n<p>II miejsce \u2013 Magdalena Malik, 00:48:49.79<\/p>\n<p>III miejsce \u2013 Olga Nowak, 00:55:42.75<\/p>\n<p><strong>Klasyfikacja wiekowa 30 \u2013 49<\/strong><strong> lat<\/strong><\/p>\n<p>I miejsce \u2013 Anna Kesler, 00:40:47.78<\/p>\n<p>II miejsce \u2013 Paulina Waliszek, 00:45:44.68<\/p>\n<p>III miejsce \u2013 Karolina Lewandowska, 00:46:34.14<\/p>\n<p><strong>Klasyfikacja wiekowa 50+<\/strong><\/p>\n<p>I miejsce \u2013 Jadwiga Rudnicka, 00:52:30.71<\/p>\n<p>II miejsce \u2013 Wies\u0142awa Grala-M\u0105ka, 00:55:55.24<\/p>\n<p>III miejsce \u2013 Jolanta Zapa\u0142owska, 00:58:19.51<\/p>\n<p><span style=\"color: #0000ff;\"><strong>M\u0118\u017bCZY\u0179NI<\/strong><\/span><\/p>\n<p><strong>Klasyfikacja open:<\/strong><\/p>\n<p>I miejsce \u2013 Daniel Mikielski, 00:37:03.14<\/p>\n<p>II miejsce \u2013 Rados\u0142aw Maluchnik, 00:37:20.94<\/p>\n<p>III miejsce \u2013 Wojciech Skory, 00:37:44.90<\/p>\n<p><strong>Klasyfikacja wiekowa 16 \u2013 29 lat<\/strong><\/p>\n<p>I miejsce \u2013 Daniel Mikielski, 00:37:03.14<\/p>\n<p>II miejsce \u2013 Kamil Skorupa, 00:40:07.41<\/p>\n<p>III miejsce \u2013 Jakub Rudo, 00:40:15.38<\/p>\n<p><strong>Klasyfikacja wiekowa 30 \u2013 49 lat<\/strong><\/p>\n<p>I miejsce \u2013 Rados\u0142aw Maluchnik, 00:37:20.94<\/p>\n<p>II miejsce \u2013 Wojciech Skory, 00:37:44.90<\/p>\n<p>III miejsce \u2013 Tomasz Ga\u0142\u0105zka, 00:39:07.36<\/p>\n<p><strong>Klasyfikacja wiekowa 50+<\/strong><\/p>\n<p>I miejsce \u2013 Dariusz Kr\u00f3l, 00:39:25.76<\/p>\n<p>II miejsce \u2013 Henryk Sk\u0142odowski, 00:44:38.81<\/p>\n<p>III miejsce \u2013 Krzysztof D\u0105browski, 00:44:45.24<\/p>\n<p><span style=\"color: #ff0000;\"><strong>MARSZ NORDIC WALKING \u2013 ok. 9 km<\/strong><\/span><\/p>\n<p><span style=\"color: #0000ff;\"><strong>KOBIETY<\/strong><\/span><\/p>\n<p><strong>Klasyfikacja open:<\/strong><\/p>\n<p>I miejsce \u2013 Ewa Tomczak, 01:01:32.37<\/p>\n<p>II miejsce \u2013 Ma\u0142gorzata Gadomska, 01:03:47.06<\/p>\n<p>III miejsce \u2013 Dorota D\u0105bkowska, 01:05:15.26<\/p>\n<p><strong>Klasyfikacja wiekowa 16 \u2013 45 lat<\/strong><\/p>\n<p>I miejsce \u2013 Ewa Tomczak, 01:01:32.37<\/p>\n<p>II miejsce \u2013 Michalina Redli\u0144ska, 01:06:05.46<\/p>\n<p>III miejsce \u2013 Agata S\u0119dek, 01:08:15.96<\/p>\n<p><strong>Klasyfikacja wiekowa 46+<\/strong><\/p>\n<p>I miejsce \u2013 Ma\u0142gorzata Gadomska, 01:03:47.06<\/p>\n<p>II miejsce \u2013 Dorota D\u0105bkowska, 01:05:15.26<\/p>\n<p>III miejsce \u2013 Barbara Waloryszak, 01:07:26.43<\/p>\n<p><span style=\"color: #0000ff;\"><strong>M\u0118\u017bCZY\u0179NI<\/strong><\/span><\/p>\n<p><strong>Klasyfikacja open:<\/strong><\/p>\n<p>I miejsce \u2013 Marcin Tomczak, 00:53:07.53<\/p>\n<p>II miejsce \u2013 Karol Zab\u0142ocki, 00:53:29.88<\/p>\n<p>III miejsce \u2013 Daniel Wierzbicki, 00:57:39.38<\/p>\n<p><strong>Klasyfikacja wiekowa 16 \u2013 45 lat<\/strong><\/p>\n<p>I miejsce \u2013 Marcin Tomczak, 00:53:07.53<\/p>\n<p>II miejsce \u2013 Karol Zab\u0142ocki, 00:53:29.88<\/p>\n<p>III miejsce \u2013 Daniel Wierzbicki, 00:57:39.38<\/p>\n<p><strong>Klasyfikacja wiekowa 46+<\/strong><\/p>\n<p>I miejsce \u2013 Andrzej Waloryszak, 00:58:13.54<\/p>\n<p>II miejsce \u2013 Krzysztof Gadomski, 00:59:50.36<\/p>\n<p>III miejsce \u2013 Jerzy Marsza\u0142ek, 01:00:46.27<\/p>\n<p><strong>Pe\u0142ne wyniki zawod\u00f3w na stronie Firmy Chiptiming \u2013\u00a0<\/strong><span style=\"color: #0000ff;\"><strong><a style=\"color: #0000ff;\" href=\"http:\/\/biegsadowne19.chiptiming.pl\/\" target=\"_blank\" rel=\"noopener noreferrer\">http:\/\/biegsadowne19.chiptiming.pl\/<\/a><\/strong><\/span><\/p>\n<p>Organizatorzy nie zapomnieli te\u017c o konieczno\u015bci regeneracji nadszarpni\u0119tych po biegu i marszu\u00a0 organizm\u00f3w zawodnik\u00f3w, dlatego te\u017c przygotowali dla nich posi\u0142ek regeneracyjny, a na deser kulinarne produkty lokalne \u2013 jagodzianki, parowa\u0144ce oraz ciasto i smalec z og\u00f3rkami kiszonymi \u2013 oczywi\u015bcie w\u0142asnej roboty. Zgodnie ju\u017c z tradycj\u0105 uczestnicy zawod\u00f3w wzi\u0119li tak\u017ce udzia\u0142 w losowaniu drobnych upomink\u00f3w zasponsorowanych przez Organizator\u00f3w.<\/p>\n<p>Zawody i spotkanie na Polanie Ko\u0142a \u0141owieckiego \u015bw. Huberta w Sadownem to ju\u017c swoista, kolejna tradycja regionu sadowie\u0144skiego, kt\u00f3ra, jak wida\u0107 po liczbie uczestnik\u00f3w i kibic\u00f3w, zatacza coraz szersze kr\u0119gi, a to dzi\u0119ki \u015bwietnemu przygotowaniu i organizacji przebiegu imprezy. Dzi\u0119ki za to wymienionym wcze\u015bniej Organizatorom, ale te\u017c wspieraj\u0105cym ich i bior\u0105cym udzia\u0142 w obs\u0142udze oraz zabezpieczeniu imprezy cz\u0142onkom KS \u201eWicher\u201d Sadowne, pracownikom Gminnego O\u015brodka Kultury w Sadownem czy druhom z OSP w Sadownem.<\/p>\n<p>Zawody w Sadownem s\u0105 te\u017c dobr\u0105 okazj\u0105 do spotkania \u201erodziny\u201d mi\u0142o\u015bnik\u00f3w bieg\u00f3w i marszu nordic walking, por\u00f3wnania swoich osi\u0105gni\u0119\u0107 i zaplanowania kolejnych spotka\u0144 sportowych, zw\u0142aszcza u nas i np. na sierpniowym Biegu i Marszu pn. \u201eNadbu\u017ca\u0144ska Sz\u00f3stka\u201d w Wilczog\u0119bach.<\/p>\n<p><span style=\"color: #0000ff;\"><a style=\"color: #0000ff;\" href=\"https:\/\/photos.app.goo.gl\/QCZbEaJpxwaNoUWQ9\" target=\"_blank\" rel=\"noopener noreferrer\"><strong>Zdj\u0119cia w Galerii Google&gt;&gt;&gt;<\/strong><\/a><\/span><\/p>\n<p><strong>Tekst\/foto:<\/strong>\u00a0S\u0142awek Chyli\u0144ski<\/p>\n","protected":false},"excerpt":{"rendered":"<p>7 lipca ju\u017c po raz sz\u00f3sty w Sadownem odby\u0142 si\u0119 Bieg ku czci b\u0142. ks. Edwarda Grzyma\u0142y, a po raz drugi Marsz Nordic Walking.<\/p>\n","protected":false},"author":1,"featured_media":0,"comment_status":"closed","ping_status":"closed","sticky":false,"template":"","format":"standard","meta":{"footnotes":""},"categories":[5,91,6,3627,7],"tags":[169,3034],"class_list":["post-20801","post","type-post","status-publish","format-standard","hentry","category-newsy","category-gminny-osrodek-kultury","category-kultura-rozrywka-edukacja","category-nordic-walking","category-sport","tag-gminny-osrodek-kultury-w-sadownem","tag-vi-bieg-i-ii-marsz-nordic-walking-ku-czci-bl-e-grzymaly"],"views":3689,"_links":{"self":[{"href":"http:\/\/info.sadowne.pl\/index.php?rest_route=\/wp\/v2\/posts\/20801","targetHints":{"allow":["GET"]}}],"collection":[{"href":"http:\/\/info.sadowne.pl\/index.php?rest_route=\/wp\/v2\/posts"}],"about":[{"href":"http:\/\/info.sadowne.pl\/index.php?rest_route=\/wp\/v2\/types\/post"}],"author":[{"embeddable":true,"href":"http:\/\/info.sadowne.pl\/index.php?rest_route=\/wp\/v2\/users\/1"}],"replies":[{"embeddable":true,"href":"http:\/\/info.sadowne.pl\/index.php?rest_route=%2Fwp%2Fv2%2Fcomments&post=20801"}],"version-history":[{"count":1,"href":"http:\/\/info.sadowne.pl\/index.php?rest_route=\/wp\/v2\/posts\/20801\/revisions"}],"predecessor-version":[{"id":20803,"href":"http:\/\/info.sadowne.pl\/index.php?rest_route=\/wp\/v2\/posts\/20801\/revisions\/20803"}],"wp:attachment":[{"href":"http:\/\/info.sadowne.pl\/index.php?rest_route=%2Fwp%2Fv2%2Fmedia&parent=20801"}],"wp:term":[{"taxonomy":"category","embeddable":true,"href":"http:\/\/info.sadowne.pl\/index.php?rest_route=%2Fwp%2Fv2%2Fcategories&post=20801"},{"taxonomy":"post_tag","embeddable":true,"href":"http:\/\/info.sadowne.pl\/index.php?rest_route=%2Fwp%2Fv2%2Ftags&post=20801"}],"curies":[{"name":"wp","href":"https:\/\/api.w.org\/{rel}","templated":true}]}}