{"id":20815,"date":"2019-07-10T15:42:57","date_gmt":"2019-07-10T13:42:57","guid":{"rendered":"http:\/\/info.sadowne.pl\/?p=20815"},"modified":"2019-07-10T15:42:57","modified_gmt":"2019-07-10T13:42:57","slug":"pomozmy-dominice","status":"publish","type":"post","link":"http:\/\/info.sadowne.pl\/?p=20815","title":{"rendered":"Pom\u00f3\u017cmy Dominice!"},"content":{"rendered":"<p><strong><img loading=\"lazy\" decoding=\"async\" class=\"alignleft size-thumbnail wp-image-20816\" src=\"http:\/\/info.sadowne.pl\/wp-content\/uploads\/2019\/07\/Dominika1-180x130.jpg\" alt=\"\" width=\"180\" height=\"130\" \/>Mieszkanka Sadownego Dominika Spychalska ma 26 lat i od urodzenia choruje na paraplegie, z kt\u00f3r\u0105 walczy ka\u017cdego dnia. Teraz zbiera na w\u00f3zek inwalidzki, kt\u00f3ry znacznie poprawi jej funkcjonowanie w otoczeniu. Pom\u00f3\u017cmy jej!<\/strong><!--more--><\/p>\n<p>Pisze o sobie: <em>W wieku 16 lat choroba post\u0105pi\u0142a na tyle powa\u017cnie, i\u017c zmuszona by\u0142am usi\u0105\u015b\u0107 na w\u00f3zek. Bardzo lub\u0119 podr\u00f3\u017cowa\u0107 i czasem wyrwa\u0107 si\u0119 poza moj\u0105 ma\u0142\u0105 miejscowo\u015b\u0107, jednak w chwili obecnej nie jestem w stanie sama przemie\u015bci\u0107 si\u0119 do innego pokoju, nie m\u00f3wi\u0105c ju\u017c o wyj\u015bciu na spacer przed dom. Staram si\u0119 nie poddawa\u0107, jestem u\u015bmiechni\u0119t\u0105 osob\u0105, prowadz\u0119 bloga, ale \u2026<\/em><\/p>\n<p><img loading=\"lazy\" decoding=\"async\" class=\"aligncenter size-full wp-image-20817\" src=\"http:\/\/info.sadowne.pl\/wp-content\/uploads\/2019\/07\/Dominika2.jpg\" alt=\"\" width=\"600\" height=\"208\" srcset=\"http:\/\/info.sadowne.pl\/wp-content\/uploads\/2019\/07\/Dominika2.jpg 600w, http:\/\/info.sadowne.pl\/wp-content\/uploads\/2019\/07\/Dominika2-300x104.jpg 300w\" sizes=\"auto, (max-width: 600px) 100vw, 600px\" \/><\/p>\n<p><em>W\u00f3zek o kt\u00f3rym marz\u0119 pozwoli\u0142by mi na samodzielne spacery po okolicy i odci\u0105\u017cy\u0142 moich bliskich podczas wsp\u00f3lnych wypraw. Dzi\u0119ki niemu moje dni przypomina\u0142yby moje zdrowe \u017cycie, kiedy ka\u017cde wyj\u015bcie z domu nie wi\u0105za\u0142o si\u0119 z wyczerpaniem i dyskomfortem. Nigdy nikogo nie prosi\u0142am o pomoc, ale postanowi\u0142am spr\u00f3bowa\u0107 i nie\u015bmia\u0142o prosz\u0119 o pomoc Ciebie. <\/em><\/p>\n<p><strong><em>Je\u017celi znajdzie si\u0119 kto\u015b kto zechce mi pom\u00f3c i przeleje jak\u0105kolwiek kwot\u0119 b\u0119d\u0119 bardzo wdzi\u0119czna i ju\u017c DZI\u0118KUJ\u0118! Razem mo\u017cemy wi\u0119cej! ,,,,<\/em><\/strong><\/p>\n<p><strong>Wp\u0142aty mo\u017cna dokona\u0107 na stronie <span style=\"color: #0000ff;\"><a style=\"color: #0000ff;\" href=\"https:\/\/zrzutka.pl\/h2aynp\" target=\"_blank\" rel=\"noopener noreferrer\">https:\/\/zrzutka.pl\/h2aynp<\/a><\/span><\/strong><\/p>\n<p><img loading=\"lazy\" decoding=\"async\" class=\"aligncenter size-full wp-image-20818\" src=\"http:\/\/info.sadowne.pl\/wp-content\/uploads\/2019\/07\/Dominika3.jpg\" alt=\"\" width=\"607\" height=\"758\" srcset=\"http:\/\/info.sadowne.pl\/wp-content\/uploads\/2019\/07\/Dominika3.jpg 607w, http:\/\/info.sadowne.pl\/wp-content\/uploads\/2019\/07\/Dominika3-240x300.jpg 240w\" sizes=\"auto, (max-width: 607px) 100vw, 607px\" \/><\/p>\n<p><strong>Tekst:<\/strong> S\u0142awek Chyli\u0144ski\/Internet<\/p>\n<p><strong>Foto:<\/strong> Dominika Spychalska<\/p>\n","protected":false},"excerpt":{"rendered":"<p>Mieszkanka Sadownego Dominika Spychalska ma 26 lat i od urodzenia choruje na paraplegie, z kt\u00f3r\u0105 walczy ka\u017cdego dnia. Teraz zbiera na w\u00f3zek inwalidzki, kt\u00f3ry znacznie poprawi jej funkcjonowanie w otoczeniu. Pom\u00f3\u017cmy jej!<\/p>\n","protected":false},"author":1,"featured_media":0,"comment_status":"closed","ping_status":"closed","sticky":false,"template":"","format":"standard","meta":{"footnotes":""},"categories":[5,1],"tags":[3151,3152],"class_list":["post-20815","post","type-post","status-publish","format-standard","hentry","category-newsy","category-inne","tag-dominika-spychalska","tag-potrzebna-pomoc-na-zakup-wozka-inwalidzkiego"],"views":2565,"_links":{"self":[{"href":"http:\/\/info.sadowne.pl\/index.php?rest_route=\/wp\/v2\/posts\/20815","targetHints":{"allow":["GET"]}}],"collection":[{"href":"http:\/\/info.sadowne.pl\/index.php?rest_route=\/wp\/v2\/posts"}],"about":[{"href":"http:\/\/info.sadowne.pl\/index.php?rest_route=\/wp\/v2\/types\/post"}],"author":[{"embeddable":true,"href":"http:\/\/info.sadowne.pl\/index.php?rest_route=\/wp\/v2\/users\/1"}],"replies":[{"embeddable":true,"href":"http:\/\/info.sadowne.pl\/index.php?rest_route=%2Fwp%2Fv2%2Fcomments&post=20815"}],"version-history":[{"count":1,"href":"http:\/\/info.sadowne.pl\/index.php?rest_route=\/wp\/v2\/posts\/20815\/revisions"}],"predecessor-version":[{"id":20819,"href":"http:\/\/info.sadowne.pl\/index.php?rest_route=\/wp\/v2\/posts\/20815\/revisions\/20819"}],"wp:attachment":[{"href":"http:\/\/info.sadowne.pl\/index.php?rest_route=%2Fwp%2Fv2%2Fmedia&parent=20815"}],"wp:term":[{"taxonomy":"category","embeddable":true,"href":"http:\/\/info.sadowne.pl\/index.php?rest_route=%2Fwp%2Fv2%2Fcategories&post=20815"},{"taxonomy":"post_tag","embeddable":true,"href":"http:\/\/info.sadowne.pl\/index.php?rest_route=%2Fwp%2Fv2%2Ftags&post=20815"}],"curies":[{"name":"wp","href":"https:\/\/api.w.org\/{rel}","templated":true}]}}