{"id":20855,"date":"2020-07-17T16:00:35","date_gmt":"2020-07-17T14:00:35","guid":{"rendered":"http:\/\/info.sadowne.pl\/?p=20855"},"modified":"2020-07-17T16:03:49","modified_gmt":"2020-07-17T14:03:49","slug":"festyn-krok-po-kroku","status":"publish","type":"post","link":"http:\/\/info.sadowne.pl\/?p=20855","title":{"rendered":"W sobot\u0119 mia\u0142 by\u0107 Festyn"},"content":{"rendered":"<p><strong><a href=\"http:\/\/info.sadowne.pl\/wp-content\/uploads\/2019\/07\/2019.07.21.1.jpg\" target=\"_blank\" rel=\"noopener noreferrer\"><img loading=\"lazy\" decoding=\"async\" class=\"alignleft wp-image-20856 size-thumbnail\" src=\"http:\/\/info.sadowne.pl\/wp-content\/uploads\/2019\/07\/2019.07.21.1-180x130.jpg\" alt=\"\" width=\"180\" height=\"130\" \/><\/a><\/strong><\/p>\n<p><strong>W sobot\u0119 18 lipca 2020 r. w Sadownem, zgodnie z planami, mia\u0142 odby\u0107 si\u0119 Festyn Wakacyjny 2020. Jak wiadomo, plany te pokrzy\u017cowa\u0142a Organizatorom i nam wszystkim pandemia.<\/strong><!--more--><\/p>\n<p>Od kilku lat w lipcu mieszka\u0144cy i go\u015bcie gminy Sadowne z ch\u0119ci\u0105 korzystali z propozycji wsp\u00f3lnej zabawy, jak\u0105 im przygotowywa\u0142a Gmina Sadowne i Gminny O\u015brodek Kultury w Sadownem. Zawsze, oko\u0142o 20 lipca, w Sadownem odbywa\u0142 si\u0119 Festyn Wakacyjny, kt\u00f3ry na sta\u0142e zago\u015bci\u0142 w kalendarzu imprez gminnych i cieszy\u0142 si\u0119 du\u017cym powodzeniem mi\u0142o\u015bnik\u00f3w wsp\u00f3lnej zabawy i biesiadowania. Tegoroczny Festyn Organizatorzy zaplanowali na sobot\u0119 18 lipca, ale&#8230; wszyscy wiemy o co chodzi &#8211; pandemia to pandemia.<\/p>\n<p>Nast\u0119pna sadowie\u0144ska impreza plenerowa to Do\u017cynki Gminno &#8211; Parafialne, kt\u00f3re ka\u017cdego roku odbywa\u0142y si\u0119 15 sierpnia. To ju\u017c nie d\u0142ugo i spodziewamy si\u0119 nadal obowi\u0105zuj\u0105cych obostrze\u0144, ale mo\u017ce chocia\u017c odb\u0119dzie si\u0119 cz\u0119\u015b\u0107 oficjalna tej imprezy&#8230;<\/p>\n<p>Dzisiaj, na otarcie \u0142ez, przypomnijmy sobie ubieg\u0142oroczny Festyn Wakacyjny. \u017byczymy mi\u0142ych wspomnie\u0144!<\/p>\n<p><strong>Festyn krok po kroku<\/strong><\/p>\n<p>20 lipca 2019 roku Sadowne bawi\u0142o si\u0119 na Festynie Wakacyjnym. Atrakcje dla mieszka\u0144c\u00f3w przygotowa\u0142 Urz\u0105d Gminy w Sadownem, Gminny O\u015brodek Kultury w Sadownem i Samorz\u0105d Wojew\u00f3dztwa Mazowieckiego.<\/p>\n<p>Podczas tegorocznego Festynu Wakacyjnego na uczestnik\u00f3w imprezy, tych m\u0142odszych i tych\u2026 troszk\u0119 starszych, czeka\u0142o wiele atrakcji pocz\u0105wszy od weso\u0142ego miasteczka, stoisk promocyjnych, gastronomii i ogr\u00f3dka piwnego a\u017c po doznania artystyczne dobywaj\u0105ce si\u0119 ze sceny zlokalizowanej nieopodal Urz\u0119du Gminy w Sadownem.<\/p>\n<p>Pocz\u0105tek imprezy, podczas kt\u00f3rej w rol\u0119 konferansjera wcieli\u0142 si\u0119 DJ RAWA, to godz. 17.00 i wyst\u0119p wokalny m\u0142odej, ale osi\u0105gaj\u0105cej ju\u017c znaczne sukcesy piosenkarki z W\u0119growa \u2013 Pauliny \u0141adosz. Po niej Dj RAWA &amp; VIOLINO z muzyk\u0105 wielu pokole\u0144, od gor\u0105cych lat 70&#8242; po 80&#8242;, 90, 00&#8242; do dzisiejszych hit\u00f3w i od rocka po najnowsze hity disco oraz disco-polo\u2026. z dodatkow\u0105 opraw\u0105 instrumentaln\u0105 i wokaln\u0105 w wykonaniu cenionych muzyk\u00f3w oraz wokalist\u00f3w.<\/p>\n<p>Przed oficjalnym otwarciem Festynu na scenie pojawi\u0142 si\u0119 Iluzjonista Mateusz, kt\u00f3ry przeni\u00f3s\u0142 widz\u00f3w do \u015bwiata czar\u00f3w i magii\u2026 Pomog\u0142a mu w tym swoim g\u0142osem i wykonaniem popularnych utwor\u00f3w znana sadowie\u0144skiej publiczno\u015bci wokalistka Julia Urbankowska. Jej wyst\u0119p wr\u0119cz oczarowa\u0142 zgromadzonych przed scen\u0105 mi\u0142o\u015bnik\u00f3w muzyki i ta\u0144ca. Warto te\u017c nadmieni\u0107, \u017ce nieopodal miejsca, w kt\u00f3rym odbywa\u0142 si\u0119 Festyn, w ogrodzie Za\u015bcianka Nowy Styl odbywa\u0142a si\u0119 r\u00f3wnie\u017c ciekawa impreza \u2013 m\u0142oda para zawiera\u0142a w plenerze zwi\u0105zek ma\u0142\u017ce\u0144ski.<\/p>\n<p>Oficjalne otwarcie Festynu nast\u0105pi\u0142o o godz. 18.50. Na scenie witaj\u0105c uczestnik\u00f3w imprezy pojawili si\u0119 przedstawiciele Organizator\u00f3w: W\u00f3jt Gminy Sadowne p. Waldemar Cyran i Dyrektor Gminnego O\u015brodka Kultury w Sadownem p. Ewa Pi\u00f3rkowska oraz Wsp\u00f3\u0142organizatora \u2013 p. El\u017cbieta Lanc, Cz\u0142onek Zarz\u0105du Wojew\u00f3dztwa Mazowieckiego.<\/p>\n<p>Po czym dla dzieci \u2013 Weso\u0142y Papa Smerf z piosenkami i zabawami ze Smerfowego Lasu, a nast\u0119pnie\u2026<\/p>\n<p>FAJTERS \u2013 Zesp\u00f3\u0142 Muzyczny, kt\u00f3ry od momentu powstania w 2013 roku tworzy\u0142 muzyk\u0119 taneczn\u0105. Napisany w 2014 r. utw\u00f3r \u201eSwojszczyzna czyli wina za ma\u0142o\u201d sta\u0142 si\u0119 prawdziw\u0105 wizyt\u00f3wk\u0105 zespo\u0142u i od razu zdoby\u0142 rzesz\u0119 wiernych fan\u00f3w muzyki tanecznej, a kolejne lata zaowocowa\u0142y niezliczon\u0105 ilo\u015bci\u0105 koncert\u00f3w zar\u00f3wno w Polsce, jak i za granic\u0105. Jednak od samego pocz\u0105tku zesp\u00f3\u0142 eksperymentowa\u0142 szukaj\u0105c w\u0142asnego wyrazu i stylu. Ostatecznie z pocz\u0105tkiem 2018 r. zacz\u0105\u0142 prac\u0119 nad autorskim materia\u0142em, kt\u00f3ry sami cz\u0142onkowie zespo\u0142u okre\u015blili jako ENERGETYCZNY FOLK.<\/p>\n<p>Troch\u0119 po 21.00 przez godzin\u0119 scen\u0105 zaw\u0142adn\u0119\u0142a gwiazda wieczoru \u2013 Zesp\u00f3\u0142 EXAITED &#8211; autorski projekt muzyczny Agnieszki Drewnickiej i Tomasza Sidoruka utrzymany w nowoczesnych, tanecznych rytmach dance i disco polo.<\/p>\n<p>Pierwszy oficjalny singiel &#8211; &#8222;Nie chc\u0119&#8221; wydany w roku 2006 to autorska propozycja i pocz\u0105tek przygody ze scen\u0105 muzyczn\u0105. W 2008 roku zesp\u00f3\u0142 zmieni\u0142 profil na angloj\u0119zyczny, podpisa\u0142 kontrakt z wytw\u00f3rni\u0105 Camey i zadebiutowa\u0142 na scenie wielkiej imprezy Radia Eska &#8222;Hity na Czasie&#8221; w Bia\u0142ymstoku z singlem &#8222;We Can Dance&#8221;. Utw\u00f3r powsta\u0142 przy wsp\u00f3\u0142pracy z Alchemist Project i ju\u017c po kr\u00f3tkim czasie okaza\u0142 si\u0119 letnim hitem pozostaj\u0105c w czo\u0142\u00f3wce list radiowych m.in gor\u0105cej dwudziestki radia Eska czy Planeta Fm.<\/p>\n<p>&#8222;Show Me Your Affection&#8221; to kolejny mocny strza\u0142, kt\u00f3ry zesp\u00f3\u0142 prezentuje na najwi\u0119kszej imprezie Eski &#8222;Hity na czasie&#8221; w Warszawie w 2009 r., wyst\u0119puj\u0105c na scenie obok najwi\u0119kszych zagranicznych gwiazd muzyki dance.<\/p>\n<p>R\u00f3wnorz\u0119dny projekt hiszpa\u0144sko &#8211; polski, stworzony przez INES (Agnieszk\u0119), hiszpa\u0144skiego Dj&#8217;a Nitro (Fernando Moreno) i producenta Dj&#8217;a Jas, prezentowany by\u0142 g\u0142\u00f3wnie na rynku zachodnim. Single muzyczne &#8222;Believe&#8221;, &#8222;Sunshine&#8221; czy &#8222;Innocent Love&#8221; wydane pod szyldem wytw\u00f3rni Planeta Mix Record w Barcelonie, zago\u015bci\u0142y na europejskich listach radiowych m.in. Radio Europa i Loca Fun Radio w 2011 r.<\/p>\n<p>&#8222;Naucz mnie kocha\u0107&#8221; &#8211; to bardziej osobista propozycja Agnieszki i zarazem powr\u00f3t do polskoj\u0119zycznej tw\u00f3rczo\u015bci. Utrzymana w stylu pop doskonale wpasowuje si\u0119 w szereg utwor\u00f3w sentymentalnych nagranych we wcze\u015bniejszych latach.<\/p>\n<p>W 2013 Exaited nagra\u0142 singiel &#8222;Nie unikaj&#8221; wydany przez wytw\u00f3rni\u0119 Green Star, kt\u00f3ry momentalnie sta\u0142 si\u0119 przebojem plasuj\u0105c zesp\u00f3\u0142 w czo\u0142\u00f3wce nurtu disco polo. 2014 rok to kolejny sukces, tym razem stworzony wsp\u00f3lnie z Zenonem Martyniukiem (Akcent), pi\u0119kny utw\u00f3r o mi\u0142o\u015bci &#8222;W Sercu Mi Graj&#8221;. Podczas koncertu us\u0142yszeli\u015bmy wi\u0119kszo\u015b\u0107 tych utwor\u00f3w i\u2026 troch\u0119 si\u0119 dzia\u0142o.<\/p>\n<p>Najwytrwalsi zabawowicze swoj\u0105 przygod\u0119 z Festynem ko\u0144czyli przy rytmach muzyki Dj\u2019a Rawy &amp; Violino\u2026 ju\u017c po p\u00f3\u0142nocy<\/p>\n<p>Specjalne podzi\u0119kowania dla sponsor\u00f3w, bez kt\u00f3rych nie mo\u017cna by m\u00f3wi\u0107 o tej imprezie, dla wszystkich s\u0142u\u017cb oraz os\u00f3b przygotowuj\u0105cych i obs\u0142uguj\u0105cych Festyn, a tak\u017ce dla p. Paw\u0142a Zy\u015bka i Firmy SOUNDSTREAM, kt\u00f3ra \u2013 jak zwykle \u2013 zajmowa\u0142a si\u0119 opraw\u0105 muzyczn\u0105.<\/p>\n<p><span style=\"color: #0000ff;\"><a style=\"color: #0000ff;\" href=\"https:\/\/photos.app.goo.gl\/7J7KRzktAsiu8QCX9\" target=\"_blank\" rel=\"noopener noreferrer\"><strong>Zdj\u0119cia w galerii Google&gt;&gt;&gt;<\/strong><\/a><\/span><\/p>\n<p><strong>Tekst\/foto:<\/strong> S\u0142awek Chyli\u0144ski<\/p>\n","protected":false},"excerpt":{"rendered":"<p>W sobot\u0119 18 lipca 2020 r. w Sadownem, zgodnie z planami, mia\u0142 odby\u0107 si\u0119 Festyn Wakacyjny 2020. Jak wiadomo, plany te pokrzy\u017cowa\u0142a Organizatorom i nam wszystkim pandemia.<\/p>\n","protected":false},"author":1,"featured_media":0,"comment_status":"closed","ping_status":"closed","sticky":false,"template":"","format":"standard","meta":{"footnotes":""},"categories":[5,91,6],"tags":[3148,169],"class_list":["post-20855","post","type-post","status-publish","format-standard","hentry","category-newsy","category-gminny-osrodek-kultury","category-kultura-rozrywka-edukacja","tag-festyn-wakacyjny-2019-w-sadownem","tag-gminny-osrodek-kultury-w-sadownem"],"views":3428,"_links":{"self":[{"href":"http:\/\/info.sadowne.pl\/index.php?rest_route=\/wp\/v2\/posts\/20855","targetHints":{"allow":["GET"]}}],"collection":[{"href":"http:\/\/info.sadowne.pl\/index.php?rest_route=\/wp\/v2\/posts"}],"about":[{"href":"http:\/\/info.sadowne.pl\/index.php?rest_route=\/wp\/v2\/types\/post"}],"author":[{"embeddable":true,"href":"http:\/\/info.sadowne.pl\/index.php?rest_route=\/wp\/v2\/users\/1"}],"replies":[{"embeddable":true,"href":"http:\/\/info.sadowne.pl\/index.php?rest_route=%2Fwp%2Fv2%2Fcomments&post=20855"}],"version-history":[{"count":5,"href":"http:\/\/info.sadowne.pl\/index.php?rest_route=\/wp\/v2\/posts\/20855\/revisions"}],"predecessor-version":[{"id":23578,"href":"http:\/\/info.sadowne.pl\/index.php?rest_route=\/wp\/v2\/posts\/20855\/revisions\/23578"}],"wp:attachment":[{"href":"http:\/\/info.sadowne.pl\/index.php?rest_route=%2Fwp%2Fv2%2Fmedia&parent=20855"}],"wp:term":[{"taxonomy":"category","embeddable":true,"href":"http:\/\/info.sadowne.pl\/index.php?rest_route=%2Fwp%2Fv2%2Fcategories&post=20855"},{"taxonomy":"post_tag","embeddable":true,"href":"http:\/\/info.sadowne.pl\/index.php?rest_route=%2Fwp%2Fv2%2Ftags&post=20855"}],"curies":[{"name":"wp","href":"https:\/\/api.w.org\/{rel}","templated":true}]}}