{"id":20932,"date":"2019-08-11T16:33:46","date_gmt":"2019-08-11T14:33:46","guid":{"rendered":"http:\/\/info.sadowne.pl\/?p=20932"},"modified":"2019-08-11T16:33:46","modified_gmt":"2019-08-11T14:33:46","slug":"jubileusz-retro-moto-show","status":"publish","type":"post","link":"http:\/\/info.sadowne.pl\/?p=20932","title":{"rendered":"Jubileusz Retro Moto Show"},"content":{"rendered":"<p><strong><a href=\"http:\/\/info.sadowne.pl\/wp-content\/uploads\/2019\/08\/2019.08.11.1.jpg\" target=\"_blank\" rel=\"noopener noreferrer\"><img loading=\"lazy\" decoding=\"async\" class=\"alignleft wp-image-20933 size-thumbnail\" src=\"http:\/\/info.sadowne.pl\/wp-content\/uploads\/2019\/08\/2019.08.11.1-180x130.jpg\" alt=\"\" width=\"180\" height=\"130\" \/><\/a>Jubileuszowe, V Retro Moto Show odby\u0142o si\u0119 11 sierpnia w Sadownem.<\/strong><!--more--><\/p>\n<p>Retro Moto Show ju\u017c po raz drugi odby\u0142o si\u0119 na nowym placu targowym tu\u017c za ko\u015bcio\u0142em w Sadownem. Jak co roku, Organizatorami imprezy byli panowie: Tomasz Ga\u0142\u0105zka i \u0141ukasz Kami\u0144ski, a patronat nad ni\u0105 obj\u0105\u0142 W\u00f3jt Gminy Sadowne p. Waldemar Cyran. Wsp\u00f3\u0142organizatorami imprezy byli r\u00f3wnie\u017c: Gmina Sadowne i Gminny O\u015brodek Kultury w Sadownem.<\/p>\n<p>Sadowie\u0144skie Retro Moto Show jest coraz bardziej znane w bli\u017cszej i dalszej okolicy, a liczba bior\u0105cych w nim udzia\u0142 w\u0142a\u015bcicieli starych motocykli, samochod\u00f3w i traktor\u00f3w z roku na rok zwi\u0119ksza si\u0119. Organizatorzy szacuj\u0105, i\u017c w jubileuszowym, tegorocznym V Retro Moto Show wzi\u0119\u0142o udzia\u0142 oko\u0142o 250 pojazd\u00f3w, kt\u00f3re pi\u0119knie prezentowa\u0142y si\u0119 na placu, ku uciesze licznie odwiedzaj\u0105cej Zlot publiczno\u015bci.<\/p>\n<p>Uroczystego otwarcia Zlotu pojazd\u00f3w zabytkowych dokonali Organizatorzy wsp\u00f3lnie z p. W\u00f3jtem, po czym komisyjnie dokonano oceny pojazd\u00f3w w poszczeg\u00f3lnych kategoriach Zlotu.<\/p>\n<p>O godz. 13.00 pojazdy ruszy\u0142y w korow\u00f3d ulicami Sadownego, a tu\u017c po powrocie wr\u0119czono statuetki V-go Zlotu w kategoriach:<\/p>\n<p>&#8211; Motocykl Zlotu \u2013 MZ (MO), rok prod. 1972, w\u0142a\u015bciciel p. Marcin Balas,<\/p>\n<p>&#8211; Auto Zlotu \u2013 BMW, rok prod. 1971, w\u0142a\u015bciciel p. S\u0142awomir Py\u015bk,<\/p>\n<p>&#8211; Traktor Zlotu \u2013 Zetor K25, rok prod. 1957, w\u0142a\u015bciciel p. Marcin Go\u0142\u0119biewski,<\/p>\n<p>&#8211; Najstarszy pojazd Zlotu \u2013 Dodge, rok prod. 1927, w\u0142a\u015bciciel p. Andrzej Talarek,<\/p>\n<p>&#8211; Posta\u0107 Zlotu \u2013 p. Ryszard Wieczorek (umundurowanie, wyposa\u017cenie i pojazd Renault 4 francuskiej \u017candarmerii),<\/p>\n<p>&#8211; Kolekcjoner Zlotu \u2013 p. Artur Bujniak, podczas Zlotu wystawi\u0142 6 pojazd\u00f3w,<\/p>\n<p>&#8211; Klasyk Gminy \u2013 Junak m07, w\u0142a\u015bciciel p. Jaros\u0142aw G\u00f3ral.<\/p>\n<p><strong>Organizatorzy dzi\u0119kuj\u0105 wszystkim uczestnikom Zlotu i ju\u017c teraz zapraszaj\u0105 na kolejny, kt\u00f3ry odb\u0119dzie si\u0119 za rok w Sadownem.<\/strong><\/p>\n<p><span style=\"color: #0000ff;\"><a style=\"color: #0000ff;\" href=\"https:\/\/photos.app.goo.gl\/Be9fx9wzqmJ8ZheA7\" target=\"_blank\" rel=\"noopener noreferrer\"><strong>Zdj\u0119cia w Galerii Google&gt;&gt;&gt;<\/strong><\/a><\/span><\/p>\n<p><span style=\"color: #0000ff;\"><a style=\"color: #0000ff;\" href=\"https:\/\/youtu.be\/X3pI3-AQteA\" target=\"_blank\" rel=\"noopener noreferrer\"><strong>Zobacz te\u017c film&gt;&gt;&gt;<\/strong><\/a><\/span><\/p>\n<p><strong>Tekst\/foto:<\/strong> S\u0142awek Chyli\u0144ski<\/p>\n","protected":false},"excerpt":{"rendered":"<p>Jubileuszowe, V Retro Moto Show odby\u0142o si\u0119 11 sierpnia w Sadownem.<\/p>\n","protected":false},"author":1,"featured_media":0,"comment_status":"closed","ping_status":"closed","sticky":false,"template":"","format":"standard","meta":{"footnotes":""},"categories":[5,41],"tags":[1827,169,3109],"class_list":["post-20932","post","type-post","status-publish","format-standard","hentry","category-newsy","category-wiesci-gminne","tag-gmina-sadowne","tag-gminny-osrodek-kultury-w-sadownem","tag-v-retro-moto-show-w-sadownem"],"views":4363,"_links":{"self":[{"href":"http:\/\/info.sadowne.pl\/index.php?rest_route=\/wp\/v2\/posts\/20932","targetHints":{"allow":["GET"]}}],"collection":[{"href":"http:\/\/info.sadowne.pl\/index.php?rest_route=\/wp\/v2\/posts"}],"about":[{"href":"http:\/\/info.sadowne.pl\/index.php?rest_route=\/wp\/v2\/types\/post"}],"author":[{"embeddable":true,"href":"http:\/\/info.sadowne.pl\/index.php?rest_route=\/wp\/v2\/users\/1"}],"replies":[{"embeddable":true,"href":"http:\/\/info.sadowne.pl\/index.php?rest_route=%2Fwp%2Fv2%2Fcomments&post=20932"}],"version-history":[{"count":1,"href":"http:\/\/info.sadowne.pl\/index.php?rest_route=\/wp\/v2\/posts\/20932\/revisions"}],"predecessor-version":[{"id":20934,"href":"http:\/\/info.sadowne.pl\/index.php?rest_route=\/wp\/v2\/posts\/20932\/revisions\/20934"}],"wp:attachment":[{"href":"http:\/\/info.sadowne.pl\/index.php?rest_route=%2Fwp%2Fv2%2Fmedia&parent=20932"}],"wp:term":[{"taxonomy":"category","embeddable":true,"href":"http:\/\/info.sadowne.pl\/index.php?rest_route=%2Fwp%2Fv2%2Fcategories&post=20932"},{"taxonomy":"post_tag","embeddable":true,"href":"http:\/\/info.sadowne.pl\/index.php?rest_route=%2Fwp%2Fv2%2Ftags&post=20932"}],"curies":[{"name":"wp","href":"https:\/\/api.w.org\/{rel}","templated":true}]}}