{"id":20954,"date":"2019-08-18T19:51:21","date_gmt":"2019-08-18T17:51:21","guid":{"rendered":"http:\/\/info.sadowne.pl\/?p=20954"},"modified":"2019-08-18T19:51:21","modified_gmt":"2019-08-18T17:51:21","slug":"dotarlismy-tez-do-zarnowki","status":"publish","type":"post","link":"http:\/\/info.sadowne.pl\/?p=20954","title":{"rendered":"Dotarli\u015bmy te\u017c do \u017barn\u00f3wki"},"content":{"rendered":"<p><strong><a href=\"http:\/\/info.sadowne.pl\/wp-content\/uploads\/2019\/08\/2019.08.18.2.jpg\" target=\"_blank\" rel=\"noopener noreferrer\"><img loading=\"lazy\" decoding=\"async\" class=\"alignleft wp-image-20955 size-thumbnail\" src=\"http:\/\/info.sadowne.pl\/wp-content\/uploads\/2019\/08\/2019.08.18.2-180x130.jpg\" alt=\"\" width=\"180\" height=\"130\" \/><\/a>18 sierpnia w \u017barn\u00f3wce k. Gr\u0119bkowa odby\u0142a si\u0119 po raz kolejny impreza dla pasjonat\u00f3w je\u017adziectwa i mi\u0142o\u015bnik\u00f3w koni ma\u0142opolskich. Impreza \u201enie uda\u0142aby si\u0119\u201d bez udzia\u0142u ekipy z naszej gminy.<\/strong><!--more--><\/p>\n<p>Od trzynastu lat zamieszka\u0142a ju\u017c na sta\u0142e w \u017barn\u00f3wce p. Ewa Szadyn organizuje na swoim ranczu <em>Konik Polny<\/em> aukcj\u0119 koni z w\u0142asnej hodowli, kt\u00f3ra na sta\u0142e wpisa\u0142a si\u0119 w kalendarz imprez regionalnych. W tym roku, 18 sierpnia pod\u0105\u017cali w tym kierunku zewsz\u0105d zainteresowani t\u0105 imprez\u0105, a tak\u017ce m\u0142odzi adepci je\u017adziectwa, albowiem\u2026 przewidziano te\u017c tam: pokazy konne, VIII Konkurs Elegancji o Puchar W\u00f3jta Gminy Gr\u0119bk\u00f3w, konkurencj\u0119 o nazwie Pierwsze Podskoczki Edycja IV o Puchar Starosty W\u0119growskiego oraz Zawody w Skokach z okazji 20-lecia stadniny <em>Konik Polny<\/em>.<\/p>\n<p>Na imprez\u0119 do \u017barn\u00f3wki zawitali te\u017c m\u0142odzi adepci sztuki je\u017adzieckiej z <em>Krainy Koni<\/em> w Oci\u0119tem wraz ze swoj\u0105 trenerk\u0105 p. Alicj\u0105 Niewada. W pokazach i konkurencjach na kucykach wzi\u0119li udzia\u0142 m.in.: Daria Tadko na <em>Wartowniku<\/em>, Julia K\u0105dziela na <em>Lubczyku<\/em>, Magda Narowska na <em>Kacperku<\/em> i Damian W\u00f3dka-Niewada na <em>Mieciu<\/em>. \u015awietnie zaprezentowali nabyte dotychczas umiej\u0119tno\u015bci je\u017adzieckie oraz stroje do tematu przewodniego imprezy, co zosta\u0142o docenione przez obserwuj\u0105c\u0105 zmagania publiczno\u015b\u0107 i Jury. Brawo!<\/p>\n<p><strong>Wi\u0119cej na temat szk\u00f3\u0142ki je\u017adzieckiej w Oci\u0119tem na stronie <span style=\"color: #0000ff;\"><a style=\"color: #0000ff;\" href=\"https:\/\/www.facebook.com\/krainakonipl\/\" target=\"_blank\" rel=\"noopener noreferrer\">https:\/\/www.facebook.com\/krainakonipl\/<\/a><\/span><\/strong><\/p>\n<p><span style=\"color: #0000ff;\"><a style=\"color: #0000ff;\" href=\"https:\/\/photos.app.goo.gl\/Swpdi4AqGcNYcDqt8\" target=\"_blank\" rel=\"noopener noreferrer\"><strong>Zdj\u0119cia w galerii Google&gt;&gt;&gt;<\/strong><\/a><\/span><\/p>\n<p><strong>Tekst\/foto:<\/strong> S\u0142awek Chyli\u0144ski<\/p>\n","protected":false},"excerpt":{"rendered":"<p>18 sierpnia w \u017barn\u00f3wce k. Gr\u0119bkowa odby\u0142a si\u0119 po raz kolejny impreza dla pasjonat\u00f3w je\u017adziectwa i mi\u0142o\u015bnik\u00f3w koni ma\u0142opolskich. Impreza \u201enie uda\u0142aby si\u0119\u201d bez udzia\u0142u ekipy z naszej gminy.<\/p>\n","protected":false},"author":1,"featured_media":0,"comment_status":"closed","ping_status":"closed","sticky":false,"template":"","format":"standard","meta":{"footnotes":""},"categories":[5,1,2495],"tags":[2672,278,3185,3184,2671],"class_list":["post-20954","post","type-post","status-publish","format-standard","hentry","category-newsy","category-inne","category-nasi-sasiedzi","tag-alicja-niewada","tag-ewa-szadyn","tag-jezdziectwo","tag-konik-polny-w-zarnowce","tag-kraina-koni-w-ocietem"],"views":2982,"_links":{"self":[{"href":"http:\/\/info.sadowne.pl\/index.php?rest_route=\/wp\/v2\/posts\/20954","targetHints":{"allow":["GET"]}}],"collection":[{"href":"http:\/\/info.sadowne.pl\/index.php?rest_route=\/wp\/v2\/posts"}],"about":[{"href":"http:\/\/info.sadowne.pl\/index.php?rest_route=\/wp\/v2\/types\/post"}],"author":[{"embeddable":true,"href":"http:\/\/info.sadowne.pl\/index.php?rest_route=\/wp\/v2\/users\/1"}],"replies":[{"embeddable":true,"href":"http:\/\/info.sadowne.pl\/index.php?rest_route=%2Fwp%2Fv2%2Fcomments&post=20954"}],"version-history":[{"count":1,"href":"http:\/\/info.sadowne.pl\/index.php?rest_route=\/wp\/v2\/posts\/20954\/revisions"}],"predecessor-version":[{"id":20956,"href":"http:\/\/info.sadowne.pl\/index.php?rest_route=\/wp\/v2\/posts\/20954\/revisions\/20956"}],"wp:attachment":[{"href":"http:\/\/info.sadowne.pl\/index.php?rest_route=%2Fwp%2Fv2%2Fmedia&parent=20954"}],"wp:term":[{"taxonomy":"category","embeddable":true,"href":"http:\/\/info.sadowne.pl\/index.php?rest_route=%2Fwp%2Fv2%2Fcategories&post=20954"},{"taxonomy":"post_tag","embeddable":true,"href":"http:\/\/info.sadowne.pl\/index.php?rest_route=%2Fwp%2Fv2%2Ftags&post=20954"}],"curies":[{"name":"wp","href":"https:\/\/api.w.org\/{rel}","templated":true}]}}