{"id":20987,"date":"2019-08-25T09:07:43","date_gmt":"2019-08-25T07:07:43","guid":{"rendered":"http:\/\/info.sadowne.pl\/?p=20987"},"modified":"2019-08-25T09:07:43","modified_gmt":"2019-08-25T07:07:43","slug":"charytatywnie-w-kolodziazu","status":"publish","type":"post","link":"http:\/\/info.sadowne.pl\/?p=20987","title":{"rendered":"Charytatywnie w Ko\u0142odzi\u0105\u017cu"},"content":{"rendered":"<p><strong><a href=\"http:\/\/info.sadowne.pl\/wp-content\/uploads\/2019\/08\/2019.08.24.1.jpg\" target=\"_blank\" rel=\"noopener noreferrer\"><img loading=\"lazy\" decoding=\"async\" class=\"alignleft wp-image-20988 size-thumbnail\" src=\"http:\/\/info.sadowne.pl\/wp-content\/uploads\/2019\/08\/2019.08.24.1-180x130.jpg\" alt=\"\" width=\"180\" height=\"130\" \/><\/a>24 sierpnia na terenie by\u0142ego Folwarku w Ko\u0142odzi\u0105\u017cu odby\u0142 si\u0119 Koncert Charytatywny na rzecz rodziny zmar\u0142ego tragicznie druha z OSP Sok\u00f3\u0142ka.\u00a0 Przy okazji egzamin na przys\u0142owiow\u0105 \u201esz\u00f3stk\u0119\u201d zda\u0142 nowy budynek folwarczny i jego w\u0142a\u015bciciel.<\/strong><!--more--><\/p>\n<p>Kto by pomy\u015bla\u0142? Koncert w Ko\u0142odzi\u0105\u017cu i to na takim poziomie? Tak, uda\u0142o si\u0119 \u2013 po raz pierwszy i zapewne nie ostatni. Tu w\u0142a\u015bnie od podstaw powstaje nowy Folwark, a obecnie mamy jego namiastk\u0119 w postaci budynku, kt\u00f3ry swoimi gabarytami odpowiada Sali koncertowej, cho\u0107 w innej formie. O jego wygl\u0105d i funkcjonalno\u015b\u0107 zadba\u0142 nowy w\u0142a\u015bciciel b. Folwarku p. Emil Filipiak.<\/p>\n<p>Pierwsza pr\u00f3ba budynku zaplanowana zosta\u0142a w zwi\u0105zku z prowadzon\u0105 akcj\u0105 charytatywn\u0105 na rzecz rodziny zmar\u0142ego tragicznie stra\u017caka z OSP Sok\u00f3\u0142ka. \u015awietnie imprez\u0119 przygotowali i przeprowadzili jej Organizatorzy: p. Emil Filipiak \u2013 Folwark Ko\u0142odzi\u0105\u017c, p. Pawe\u0142 Zy\u015bk \u2013 Firma SOUNDSTREAM, Przyszkolne Stowarzyszenie \u201eWszyscy razem\u201d w Ko\u0142odzi\u0105\u017cu i Ochotnicza Stra\u017c Po\u017carna w Sok\u00f3\u0142ce.<\/p>\n<p>O zmierzchu, nastrojowo z elementami historii Ko\u0142odzi\u0105\u017ca i jego Folwarku, w imieniu Organizator\u00f3w przyby\u0142ych go\u015bci na Koncercie powita\u0142a Dyrektor Niepublicznej Szko\u0142y Podstawowej w Ko\u0142odzi\u0105\u017cu p. Gra\u017cyna Fr\u0105czek. Kilka s\u0142\u00f3w wsparcia s\u0142ownego, a nawet wokalnego, przekaza\u0142 te\u017c ze sceny obecny ze swoimi parafianami ks. Antoni Kunicki, a zaraz potem rozpocz\u0105\u0142 si\u0119 Koncert\u2026<\/p>\n<p>Na pocz\u0105tek znana ju\u017c wszystkim wokalistka Monika Urlik, kt\u00f3r\u0105 mogli\u015bmy ogl\u0105da\u0107 i podziwia\u0107 w wielu og\u00f3lnopolskich konkursach i festiwalach, ale te\u017c programach telewizyjnych np. \u201eSzansa na sukces\u201d, krajowe eliminacje Konkursu Piosenki Eurowizji czy The Voice of Poland. Kilka utwor\u00f3w w jej wykonaniu, przy w\u0142asnym i gitarowym akompaniamencie, wprawi\u0142o w odpowiedni nastr\u00f3j i by\u0142o dostosowanych do sytuacji i miejsca. \u015awietne wykonanie i dobry program.<\/p>\n<p>Tu\u017c po wokalistce, Wysokie St\u0119\u017cenie Bluesa. Zesp\u00f3\u0142 rockowo \u2013 bluesowy znany bardziej pod u\u017cywanym skr\u00f3tem WSB, za\u0142o\u017cony w 2015 roku i sk\u0142adaj\u0105cy si\u0119 z muzyk\u00f3w zamieszka\u0142ych na terenie powiat\u00f3w: w\u0119growskiego i ostrowskiego. Jak pisz\u0105 o sobie: <em>Zesp\u00f3\u0142 <\/em><em>wykonuje materia\u0142 autorski, s\u0105 to wymieszane gatunki rocka i bluesa a\u017c po wyczuwaln\u0105 nut\u0119 funky, a ca\u0142o\u015b\u0107 repertuaru wype\u0142niaj\u0105 klimatyczne ballady, kt\u00f3re prowokuj\u0105 odbiorc\u0119 do chwili refleksji. Dope\u0142nieniem muzyki s\u0105 teksty, kompletne, prawdziwe opowie\u015bci o drodze cz\u0142owieka, zwyk\u0142ego cz\u0142owieka, kt\u00f3ry upada i zrywa si\u0119 by i\u015b\u0107 dalej. <\/em>Warto pos\u0142ucha\u0107 i wczu\u0107 si\u0119 w rytm ich muzyki\u2026<\/p>\n<p>Tak by\u0142o, ale Organizatorzy zadbali te\u017c o \u201eco\u015b dla cia\u0142a\u201d. Wok\u00f3\u0142 centrum scenicznego funkcjonowa\u0142y stoiska z grillem, ciastami, napojami czy frytkami. By\u0142o te\u017c du\u017co miejsca do towarzyskich spotka\u0144, rozm\u00f3w, a nawet refleksji\u2026 Dobrze, \u017ce w naszym otoczeniu funkcjonuj\u0105 osoby, kt\u00f3rym nie jest oboj\u0119tny tragiczny los innych. Brawa dla nich! Pami\u0119tajcie, dobro wraca w zdwojonej sile! Aha\u2026 liczymy, \u017ce takie koncerty stan\u0105 si\u0119 ju\u017c tradycj\u0105 w Ko\u0142odzi\u0105\u017cu.<\/p>\n<p><span style=\"color: #0000ff;\"><a style=\"color: #0000ff;\" href=\"https:\/\/photos.app.goo.gl\/q8TgQdvb2xwHXLCk7\" target=\"_blank\" rel=\"noopener noreferrer\"><strong>Zdj\u0119cia w galerii Google&gt;&gt;&gt;<\/strong><\/a><\/span><\/p>\n<p><span style=\"color: #0000ff;\"><a style=\"color: #0000ff;\" href=\"https:\/\/youtu.be\/RM8_Kh-_7V8\" target=\"_blank\" rel=\"noopener noreferrer\"><strong>Zobacz te\u017c film&gt;&gt;&gt;<\/strong><\/a><\/span><\/p>\n<p><strong>Tekst\/foto:<\/strong> S\u0142awek Chyli\u0144ski<\/p>\n","protected":false},"excerpt":{"rendered":"<p>24 sierpnia na terenie by\u0142ego Folwarku w Ko\u0142odzi\u0105\u017cu odby\u0142 si\u0119 Koncert Charytatywny na rzecz rodziny zmar\u0142ego tragicznie druha z OSP Sok\u00f3\u0142ka.\u00a0 Przy okazji egzamin na przys\u0142owiow\u0105 \u201esz\u00f3stk\u0119\u201d zda\u0142 nowy budynek folwarczny i jego w\u0142a\u015bciciel.<\/p>\n","protected":false},"author":1,"featured_media":0,"comment_status":"closed","ping_status":"closed","sticky":false,"template":"","format":"standard","meta":{"footnotes":""},"categories":[5,91,6],"tags":[169,3183],"class_list":["post-20987","post","type-post","status-publish","format-standard","hentry","category-newsy","category-gminny-osrodek-kultury","category-kultura-rozrywka-edukacja","tag-gminny-osrodek-kultury-w-sadownem","tag-koncert-charytatywny-w-kolodziazu"],"views":3760,"_links":{"self":[{"href":"http:\/\/info.sadowne.pl\/index.php?rest_route=\/wp\/v2\/posts\/20987","targetHints":{"allow":["GET"]}}],"collection":[{"href":"http:\/\/info.sadowne.pl\/index.php?rest_route=\/wp\/v2\/posts"}],"about":[{"href":"http:\/\/info.sadowne.pl\/index.php?rest_route=\/wp\/v2\/types\/post"}],"author":[{"embeddable":true,"href":"http:\/\/info.sadowne.pl\/index.php?rest_route=\/wp\/v2\/users\/1"}],"replies":[{"embeddable":true,"href":"http:\/\/info.sadowne.pl\/index.php?rest_route=%2Fwp%2Fv2%2Fcomments&post=20987"}],"version-history":[{"count":1,"href":"http:\/\/info.sadowne.pl\/index.php?rest_route=\/wp\/v2\/posts\/20987\/revisions"}],"predecessor-version":[{"id":20989,"href":"http:\/\/info.sadowne.pl\/index.php?rest_route=\/wp\/v2\/posts\/20987\/revisions\/20989"}],"wp:attachment":[{"href":"http:\/\/info.sadowne.pl\/index.php?rest_route=%2Fwp%2Fv2%2Fmedia&parent=20987"}],"wp:term":[{"taxonomy":"category","embeddable":true,"href":"http:\/\/info.sadowne.pl\/index.php?rest_route=%2Fwp%2Fv2%2Fcategories&post=20987"},{"taxonomy":"post_tag","embeddable":true,"href":"http:\/\/info.sadowne.pl\/index.php?rest_route=%2Fwp%2Fv2%2Ftags&post=20987"}],"curies":[{"name":"wp","href":"https:\/\/api.w.org\/{rel}","templated":true}]}}