{"id":21106,"date":"2019-09-13T17:18:47","date_gmt":"2019-09-13T15:18:47","guid":{"rendered":"http:\/\/info.sadowne.pl\/?p=21106"},"modified":"2019-09-13T17:18:47","modified_gmt":"2019-09-13T15:18:47","slug":"warsztaty-malarskie-w-gok","status":"publish","type":"post","link":"http:\/\/info.sadowne.pl\/?p=21106","title":{"rendered":"Warsztaty malarskie w GOK"},"content":{"rendered":"<p><strong><a href=\"http:\/\/info.sadowne.pl\/wp-content\/uploads\/2019\/09\/2019.09.13.1.jpg\" target=\"_blank\" rel=\"noopener noreferrer\"><img loading=\"lazy\" decoding=\"async\" class=\"alignleft wp-image-21107 size-thumbnail\" src=\"http:\/\/info.sadowne.pl\/wp-content\/uploads\/2019\/09\/2019.09.13.1-180x130.jpg\" alt=\"\" width=\"180\" height=\"130\" \/><\/a>13 wrze\u015bnia 2019 roku w Gminnym O\u015brodku Kultury w Sadownem odby\u0142y si\u0119 warsztaty malarskie poprowadzone przez artyst\u00f3w plastyk\u00f3w: Wand\u0119 Falencik-Masznicz oraz El\u017cbiet\u0119 Kanieck\u0105-Siegoczy\u0144sk\u0105. <\/strong><!--more--><\/p>\n<p>Uczestnikami zaj\u0119\u0107 byli uczniowie\u00a0\u00a0Szko\u0142y Podstawowej im. b\u0142. ks. Edwarda Grzyma\u0142y w Sadownem.\u00a0\u00a0M\u0142odzi plastycy mieli za zadanie naszkicowa\u0107 w\u0119glem lub pastelami posta\u0107 siedz\u0105cej kobiety w kapeluszu.<\/p>\n<p>Nasi\u00a0\u00a0nastoletni arty\u015bci przyst\u0105pili do pracy z wielkim zapa\u0142em. Ju\u017c po pierwszych ruchach o\u0142\u00f3wka wida\u0107 by\u0142o, \u017ce maj\u0105 oni prawdziwy talent i jednocze\u015bnie potrafi\u0105 skorzysta\u0107 z cennych rad Pa\u0144 prowadz\u0105cych.<\/p>\n<p>Po dw\u00f3ch godzinach wyt\u0119\u017conej pracy mo\u017cna by\u0142o zobaczy\u0107\u00a0\u00a0jej\u00a0\u00a0efekty i\u00a0\u00a0patrz\u0105c na nie powiedzie\u0107, \u017ce wszystko, co dobre szybko si\u0119 ko\u0144czy, a w naszym przypadku ko\u0144czy si\u0119 pi\u0119knie.<\/p>\n<p><span style=\"color: #0000ff;\"><a style=\"color: #0000ff;\" href=\"https:\/\/photos.app.goo.gl\/KHfzr543TYjsc4vD7\" target=\"_blank\" rel=\"noopener noreferrer\"><strong>Zdj\u0119cia w galerii Google&gt;&gt;&gt;<\/strong><\/a><\/span><\/p>\n<p><strong>Tekst\/foto:<\/strong> GOK Sadowne<\/p>\n","protected":false},"excerpt":{"rendered":"<p>13 wrze\u015bnia 2019 roku w Gminnym O\u015brodku Kultury w Sadownem odby\u0142y si\u0119 warsztaty malarskie poprowadzone przez artyst\u00f3w plastyk\u00f3w: Wand\u0119 Falencik-Masznicz oraz El\u017cbiet\u0119 Kanieck\u0105-Siegoczy\u0144sk\u0105.<\/p>\n","protected":false},"author":1,"featured_media":0,"comment_status":"closed","ping_status":"closed","sticky":false,"template":"","format":"standard","meta":{"footnotes":""},"categories":[5,91,6],"tags":[169,2809,3195],"class_list":["post-21106","post","type-post","status-publish","format-standard","hentry","category-newsy","category-gminny-osrodek-kultury","category-kultura-rozrywka-edukacja","tag-gminny-osrodek-kultury-w-sadownem","tag-warsztaty-malarskie-w-sadownem","tag-xix-plener-malarski-artystow-plastykow-w-sadownem"],"views":2482,"_links":{"self":[{"href":"http:\/\/info.sadowne.pl\/index.php?rest_route=\/wp\/v2\/posts\/21106","targetHints":{"allow":["GET"]}}],"collection":[{"href":"http:\/\/info.sadowne.pl\/index.php?rest_route=\/wp\/v2\/posts"}],"about":[{"href":"http:\/\/info.sadowne.pl\/index.php?rest_route=\/wp\/v2\/types\/post"}],"author":[{"embeddable":true,"href":"http:\/\/info.sadowne.pl\/index.php?rest_route=\/wp\/v2\/users\/1"}],"replies":[{"embeddable":true,"href":"http:\/\/info.sadowne.pl\/index.php?rest_route=%2Fwp%2Fv2%2Fcomments&post=21106"}],"version-history":[{"count":1,"href":"http:\/\/info.sadowne.pl\/index.php?rest_route=\/wp\/v2\/posts\/21106\/revisions"}],"predecessor-version":[{"id":21108,"href":"http:\/\/info.sadowne.pl\/index.php?rest_route=\/wp\/v2\/posts\/21106\/revisions\/21108"}],"wp:attachment":[{"href":"http:\/\/info.sadowne.pl\/index.php?rest_route=%2Fwp%2Fv2%2Fmedia&parent=21106"}],"wp:term":[{"taxonomy":"category","embeddable":true,"href":"http:\/\/info.sadowne.pl\/index.php?rest_route=%2Fwp%2Fv2%2Fcategories&post=21106"},{"taxonomy":"post_tag","embeddable":true,"href":"http:\/\/info.sadowne.pl\/index.php?rest_route=%2Fwp%2Fv2%2Ftags&post=21106"}],"curies":[{"name":"wp","href":"https:\/\/api.w.org\/{rel}","templated":true}]}}