{"id":21136,"date":"2019-09-18T16:40:31","date_gmt":"2019-09-18T14:40:31","guid":{"rendered":"http:\/\/info.sadowne.pl\/?p=21136"},"modified":"2019-09-18T16:40:31","modified_gmt":"2019-09-18T14:40:31","slug":"a-w-orzelku-czytali-nowele","status":"publish","type":"post","link":"http:\/\/info.sadowne.pl\/?p=21136","title":{"rendered":"A w Orze\u0142ku czytali nowele\u2026"},"content":{"rendered":"<p><strong><a href=\"http:\/\/info.sadowne.pl\/wp-content\/uploads\/2019\/09\/2019.09.18.12.jpg\" target=\"_blank\" rel=\"noopener noreferrer\"><img loading=\"lazy\" decoding=\"async\" class=\"alignleft wp-image-21137 size-thumbnail\" src=\"http:\/\/info.sadowne.pl\/wp-content\/uploads\/2019\/09\/2019.09.18.12-180x130.jpg\" alt=\"\" width=\"180\" height=\"130\" \/><\/a>Podczas tegorocznej ods\u0142ony akcji Narodowe Czytanie Para Prezydencka zaproponowa\u0142a do czytania\u00a0\u00a0<em>Nowele Polskie<\/em>.\u00a0W akcj\u0119 w\u0142\u0105czy\u0142a si\u0119 Niepubliczna Szko\u0142a Podstawowa w Orze\u0142ku.<\/strong><!--more--><\/p>\n<p>Prezydent Andrzej Duda z Ma\u0142\u017conk\u0105 dokonali wyboru z ponad stu propozycji tytu\u0142\u00f3w przes\u0142anych do Kancelarii Prezydenta;<\/p>\n<ol>\n<li><em><a href=\"http:\/\/info.sadowne.pl\/wp-content\/uploads\/2019\/09\/2019.09.18.11.jpg\" target=\"_blank\" rel=\"noopener noreferrer\"><img loading=\"lazy\" decoding=\"async\" class=\"alignright wp-image-21138 size-medium\" src=\"http:\/\/info.sadowne.pl\/wp-content\/uploads\/2019\/09\/2019.09.18.11-300x225.jpg\" alt=\"\" width=\"300\" height=\"225\" srcset=\"http:\/\/info.sadowne.pl\/wp-content\/uploads\/2019\/09\/2019.09.18.11-300x225.jpg 300w, http:\/\/info.sadowne.pl\/wp-content\/uploads\/2019\/09\/2019.09.18.11-768x576.jpg 768w, http:\/\/info.sadowne.pl\/wp-content\/uploads\/2019\/09\/2019.09.18.11.jpg 792w\" sizes=\"auto, (max-width: 300px) 100vw, 300px\" \/><\/a>Dobra pani\u00a0<\/em>\u2013 Eliza Orzeszkowa;<\/li>\n<li><em>Dym\u00a0<\/em>\u2013 Maria Konopnicka<\/li>\n<li><em>Katarynka\u00a0<\/em>\u2013 Boles\u0142aw Prus<\/li>\n<li><em>M\u00f3j ojciec wst\u0119puje do stra\u017cak\u00f3w<\/em>(ze zbioru:\u00a0<em>Sanatorium pod Klepsydr\u0105<\/em>) \u2013 Bruno Schulz<\/li>\n<li><em>Orka<\/em>\u2013 W\u0142adys\u0142aw Stanis\u0142aw Reymont<\/li>\n<li><em>Rozdzi\u00f3bi\u0105 nas kruki, wrony\u2026\u00a0<\/em>\u2013 Stefan \u017beromski<\/li>\n<li><em>Sachem<\/em>\u2013 Henryk Sienkiewicz<\/li>\n<li><em>Sawa<\/em>(z cyklu:\u00a0<em>Pami\u0105tki Soplicy<\/em>) \u2013 Henryk Rzewuski<\/li>\n<\/ol>\n<p>\u201eJest to wyb\u00f3r tekst\u00f3w, kt\u00f3rych wsp\u00f3lnym mianownikiem jest polsko\u015b\u0107 w po\u0142\u0105czeniu z tre\u015bciami uniwersalnymi, refleksj\u0105 nad cz\u0142owiekiem i spo\u0142ecze\u0144stwem. Ich zwi\u0119z\u0142a forma idzie w parze z mistrzostwem stylu i plastyczno\u015bci\u0105, kt\u00f3ra pozostawia w umys\u0142ach czytelnik\u00f3w niezapomniane wra\u017cenia. (\u2026) Dzi\u015b teksty te nie straci\u0142y nic ze swej aktualno\u015bci. Ucz\u0105 nas, \u017ce w \u017cyciu powinni\u015bmy kierowa\u0107 si\u0119 szlachetno\u015bci\u0105 i solidarno\u015bci\u0105, \u017ce nie wolno nam straci\u0107 wra\u017cliwo\u015bci na ludzk\u0105 krzywd\u0119 ani zapomnie\u0107 o naszej historii \u2013 napisa\u0142 w specjalnym li\u015bcie Prezydent RP Andrzej Duda.&#8221;<\/p>\n<p><strong>Wi\u0119cej na stronie <span style=\"color: #0000ff;\"><a style=\"color: #0000ff;\" href=\"http:\/\/www.sporzelek.szkolnastrona.pl\/index.php?c=article&amp;id=314\" target=\"_blank\" rel=\"noopener noreferrer\">http:\/\/www.sporzelek.szkolnastrona.pl\/index.php?c=article&amp;id=314<\/a><\/span><\/strong><\/p>\n<p><strong>\u0179r\u00f3d\u0142o:\u00a0<span style=\"color: #0000ff;\"><a style=\"color: #0000ff;\" href=\"http:\/\/www.sporzelek.szkolnastrona.pl\/index.php?c=article&amp;id=314\" target=\"_blank\" rel=\"noopener noreferrer\">www.sporzelek.szkolnastrona.pl<\/a><\/span><\/strong><\/p>\n","protected":false},"excerpt":{"rendered":"<p>Podczas tegorocznej ods\u0142ony akcji Narodowe Czytanie Para Prezydencka zaproponowa\u0142a do czytania\u00a0\u00a0Nowele Polskie.\u00a0W akcj\u0119 w\u0142\u0105czy\u0142a si\u0119 Niepubliczna Szko\u0142a Podstawowa w Orze\u0142ku.<\/p>\n","protected":false},"author":1,"featured_media":0,"comment_status":"closed","ping_status":"closed","sticky":false,"template":"","format":"standard","meta":{"footnotes":""},"categories":[5,1752,43],"tags":[3209,937],"class_list":["post-21136","post","type-post","status-publish","format-standard","hentry","category-newsy","category-edukacja","category-szkola-podstawowa-w-orzelku","tag-narodowe-czytanie-2019","tag-niepubliczna-szkola-podstawowa-w-orzelku"],"views":2437,"_links":{"self":[{"href":"http:\/\/info.sadowne.pl\/index.php?rest_route=\/wp\/v2\/posts\/21136","targetHints":{"allow":["GET"]}}],"collection":[{"href":"http:\/\/info.sadowne.pl\/index.php?rest_route=\/wp\/v2\/posts"}],"about":[{"href":"http:\/\/info.sadowne.pl\/index.php?rest_route=\/wp\/v2\/types\/post"}],"author":[{"embeddable":true,"href":"http:\/\/info.sadowne.pl\/index.php?rest_route=\/wp\/v2\/users\/1"}],"replies":[{"embeddable":true,"href":"http:\/\/info.sadowne.pl\/index.php?rest_route=%2Fwp%2Fv2%2Fcomments&post=21136"}],"version-history":[{"count":1,"href":"http:\/\/info.sadowne.pl\/index.php?rest_route=\/wp\/v2\/posts\/21136\/revisions"}],"predecessor-version":[{"id":21139,"href":"http:\/\/info.sadowne.pl\/index.php?rest_route=\/wp\/v2\/posts\/21136\/revisions\/21139"}],"wp:attachment":[{"href":"http:\/\/info.sadowne.pl\/index.php?rest_route=%2Fwp%2Fv2%2Fmedia&parent=21136"}],"wp:term":[{"taxonomy":"category","embeddable":true,"href":"http:\/\/info.sadowne.pl\/index.php?rest_route=%2Fwp%2Fv2%2Fcategories&post=21136"},{"taxonomy":"post_tag","embeddable":true,"href":"http:\/\/info.sadowne.pl\/index.php?rest_route=%2Fwp%2Fv2%2Ftags&post=21136"}],"curies":[{"name":"wp","href":"https:\/\/api.w.org\/{rel}","templated":true}]}}