{"id":21186,"date":"2019-10-01T20:51:22","date_gmt":"2019-10-01T18:51:22","guid":{"rendered":"http:\/\/info.sadowne.pl\/?p=21186"},"modified":"2019-10-01T20:51:22","modified_gmt":"2019-10-01T18:51:22","slug":"orzeszkowa-reymont-sienkiewicz","status":"publish","type":"post","link":"http:\/\/info.sadowne.pl\/?p=21186","title":{"rendered":"Orzeszkowa, Reymont, Sienkiewicz\u2026"},"content":{"rendered":"<p><strong><a href=\"http:\/\/info.sadowne.pl\/wp-content\/uploads\/2019\/10\/2019.10.01.5.jpg\" target=\"_blank\" rel=\"noopener noreferrer\"><img loading=\"lazy\" decoding=\"async\" class=\"alignleft wp-image-21187 size-thumbnail\" src=\"http:\/\/info.sadowne.pl\/wp-content\/uploads\/2019\/10\/2019.10.01.5-180x130.jpg\" alt=\"\" width=\"180\" height=\"130\" \/><\/a>Narodowe Czytanie nie omin\u0119\u0142o r\u00f3wnie\u017c Sadownego. 1 pa\u017adziernika, podczas zorganizowanego przez Gminn\u0105 Bibliotek\u0119 Publiczn\u0105 spotkania z czytelnikami, w GOK-u czytano fragmenty polskich nowel.<\/strong><!--more--><\/p>\n<p>Akcja\u00a0Narodowe Czytanie<strong>\u00a0<\/strong>organizowana jest przez Prezydenta RP od 2012 roku. Zosta\u0142a zainicjowana wsp\u00f3ln\u0105 lektur\u0105\u00a0<em>Pana Tadeusza<\/em>\u00a0Adama Mickiewicza. W 2013 roku w ca\u0142ej Polsce odby\u0142o si\u0119 czytanie dzie\u0142 Aleksandra Fredry, a podczas nast\u0119pnych edycji przeczytano kolejno: <em>Trylogi\u0119<\/em>\u00a0Henryka Sienkiewicza oraz\u00a0<em>Lalk\u0119\u00a0<\/em>Boles\u0142awa Prusa. W 2016 roku Para Prezydencka rozpocz\u0119\u0142a Narodowe Czytanie\u00a0<em>Quo vadis\u00a0<\/em>Henryka Sienkiewicza w warszawskim Ogrodzie Saskim. W 2017 roku lektur\u0105 Narodowego Czytania by\u0142o\u00a0<em>Wesele<\/em>\u00a0Stanis\u0142awa Wyspia\u0144skiego, a w 2018 roku \u2013 <em>Przedwio\u015bnie<\/em> Stefana \u017beromskiego.<\/p>\n<p><img loading=\"lazy\" decoding=\"async\" class=\"alignright size-medium wp-image-21188\" src=\"http:\/\/info.sadowne.pl\/wp-content\/uploads\/2019\/10\/2019.10.01.6-300x234.jpg\" alt=\"\" width=\"300\" height=\"234\" srcset=\"http:\/\/info.sadowne.pl\/wp-content\/uploads\/2019\/10\/2019.10.01.6-300x234.jpg 300w, http:\/\/info.sadowne.pl\/wp-content\/uploads\/2019\/10\/2019.10.01.6.jpg 601w\" sizes=\"auto, (max-width: 300px) 100vw, 300px\" \/>Podczas tegorocznej ods\u0142ony akcji Narodowe Czytanie Para Prezydencka zaproponowa\u0142a do czytania\u00a0\u00a0<em>Nowele polskie<\/em>. Prezydent Andrzej Duda z Ma\u0142\u017conk\u0105 dokonali wyboru o\u015bmiu lektur z ponad stu propozycji tytu\u0142\u00f3w przes\u0142anych do Kancelarii Prezydenta.<\/p>\n<p>W akcj\u0119 Narodowego Czytania w\u0142\u0105czy\u0142a si\u0119 r\u00f3wnie\u017c Gminna Biblioteka Publiczna w Sadownem, kt\u00f3ra zorganizowa\u0142a popo\u0142udniem 1 pa\u017adziernika spotkanie z czytelnikami &#8211; g\u0142\u00f3wnie cz\u0142onkami Stowarzyszenia Sadowie\u0144ski Klub Seniora. Znane nam osoby przygotowa\u0142y prezentacj\u0119 fragment\u00f3w siedmiu lektur:<\/p>\n<p>&#8211; <strong><em>Sawa<\/em><\/strong> (z cyklu: <em>Pami\u0105tki Soplicy<\/em>) \u2013 Henryk Rzewuski \u2013 W\u00f3jt Gminy Sadowne p. Waldemar Cyran,<\/p>\n<p>&#8211; <strong><em>Dobra pani<\/em><\/strong> \u2013 Eliza Orzeszkowa \u2013 Dyrektor Przedszkola w Sadownem p. Agata S\u0119dek,<\/p>\n<p>&#8211; <strong><em>Orka<\/em><\/strong> \u2013 W\u0142adys\u0142aw Stanis\u0142aw Reymont \u2013 Proboszcz Parafii p.w. \u015bw. Jana Chrzciciela w Sadownem ks. Antoni Kunicki,<\/p>\n<p>&#8211; <strong><em>Rozdzi\u00f3bi\u0105 nas kruki, wrony\u2026<\/em><\/strong> &#8211; Stefan \u017beromski \u2013 Kustosz Gminnej Biblioteki Publicznej w Sadownem p. Barbara Klimek,<\/p>\n<p>&#8211; <strong><em>Katarynka<\/em><\/strong> \u2013 Boles\u0142aw Prus \u2013 Prezes Stowarzyszenia Sadowie\u0144ski Klub Seniora p. Gra\u017cyna K\u0105dziela,<\/p>\n<p>&#8211; <strong><em>Sachem<\/em><\/strong> \u2013 Henryk Sienkiewicz \u2013 Instruktor kulturalno \u2013 o\u015bwiatowy GOK Sadowne p. Sebastian Kowalczyk,<\/p>\n<p>&#8211; <strong><em>Dym <\/em><\/strong>\u2013 Maria Konopnicka \u2013 Dyrektor Gminnego O\u015brodka Kultury w Sadownem p. Ewa Pi\u00f3rkowska.<\/p>\n<p>Nie wszyscy z nich zd\u0105\u017cyli zaprezentowa\u0107 przygotowany przez siebie fragment noweli. No c\u00f3\u017c\u2026 i czytanie wymaga czasu, a spotkanie czytelnicze trwa\u0142o i trwa\u0142o, ale zako\u0144czono je oczywi\u015bcie kaw\u0105 oraz niewielk\u0105 s\u0142odko\u015bci\u0105, a tak\u017ce\u2026 nowelami do poduszki, kt\u00f3rymi obdarowa\u0142a wszystkich uczestnik\u00f3w spotkania Gminna Biblioteka Publiczna w Sadownem.<\/p>\n<p><span style=\"color: #0000ff;\"><a style=\"color: #0000ff;\" href=\"https:\/\/photos.app.goo.gl\/rs4SoWnsnvjf7S6S6\" target=\"_blank\" rel=\"noopener noreferrer\"><strong>Zdj\u0119cia w galerii Google&gt;&gt;&gt;<\/strong><\/a><\/span><\/p>\n<p><strong>Tekst\/foto:<\/strong> S\u0142awek Chyli\u0144ski<\/p>\n","protected":false},"excerpt":{"rendered":"<p>Narodowe Czytanie nie omin\u0119\u0142o r\u00f3wnie\u017c Sadownego. 1 pa\u017adziernika, podczas zorganizowanego przez Gminn\u0105 Bibliotek\u0119 Publiczn\u0105 spotkania z czytelnikami, w GOK-u czytano fragmenty polskich nowel.<\/p>\n","protected":false},"author":1,"featured_media":0,"comment_status":"closed","ping_status":"closed","sticky":false,"template":"","format":"standard","meta":{"footnotes":""},"categories":[5,2149,91,6],"tags":[113,169,3209],"class_list":["post-21186","post","type-post","status-publish","format-standard","hentry","category-newsy","category-gminna-biblioteka-publiczna","category-gminny-osrodek-kultury","category-kultura-rozrywka-edukacja","tag-gminna-biblioteka-publiczna-w-sadownem","tag-gminny-osrodek-kultury-w-sadownem","tag-narodowe-czytanie-2019"],"views":2537,"_links":{"self":[{"href":"http:\/\/info.sadowne.pl\/index.php?rest_route=\/wp\/v2\/posts\/21186","targetHints":{"allow":["GET"]}}],"collection":[{"href":"http:\/\/info.sadowne.pl\/index.php?rest_route=\/wp\/v2\/posts"}],"about":[{"href":"http:\/\/info.sadowne.pl\/index.php?rest_route=\/wp\/v2\/types\/post"}],"author":[{"embeddable":true,"href":"http:\/\/info.sadowne.pl\/index.php?rest_route=\/wp\/v2\/users\/1"}],"replies":[{"embeddable":true,"href":"http:\/\/info.sadowne.pl\/index.php?rest_route=%2Fwp%2Fv2%2Fcomments&post=21186"}],"version-history":[{"count":1,"href":"http:\/\/info.sadowne.pl\/index.php?rest_route=\/wp\/v2\/posts\/21186\/revisions"}],"predecessor-version":[{"id":21189,"href":"http:\/\/info.sadowne.pl\/index.php?rest_route=\/wp\/v2\/posts\/21186\/revisions\/21189"}],"wp:attachment":[{"href":"http:\/\/info.sadowne.pl\/index.php?rest_route=%2Fwp%2Fv2%2Fmedia&parent=21186"}],"wp:term":[{"taxonomy":"category","embeddable":true,"href":"http:\/\/info.sadowne.pl\/index.php?rest_route=%2Fwp%2Fv2%2Fcategories&post=21186"},{"taxonomy":"post_tag","embeddable":true,"href":"http:\/\/info.sadowne.pl\/index.php?rest_route=%2Fwp%2Fv2%2Ftags&post=21186"}],"curies":[{"name":"wp","href":"https:\/\/api.w.org\/{rel}","templated":true}]}}