{"id":2126,"date":"2013-05-28T22:57:06","date_gmt":"2013-05-28T20:57:06","guid":{"rendered":"http:\/\/www.infosadowne.boo.pl\/?p=2126"},"modified":"2020-04-24T20:22:14","modified_gmt":"2020-04-24T18:22:14","slug":"wernisaz-xiii-pleneru-malarskiego-w-sadownem","status":"publish","type":"post","link":"http:\/\/info.sadowne.pl\/?p=2126","title":{"rendered":"Wernisa\u017c XIII Pleneru Malarskiego w Sadownem"},"content":{"rendered":"<p style=\"text-align: justify;\"><img loading=\"lazy\" decoding=\"async\" class=\"alignleft size-thumbnail wp-image-2127\" src=\"http:\/\/www.info.sadowne.pl\/wp-content\/uploads\/2013\/05\/2013.05.28.1-180x130.jpg\" alt=\"2013.05.28.1\" width=\"180\" height=\"130\" \/><strong>&#8211; Tak, znam to miejsce! \u2013 w pewnym momencie da\u0142o si\u0119 s\u0142ysze\u0107 g\u0142o\u015bny komentarz jakiej\u015b kobiety w g\u0142\u0119bi sali wystawowej. To tylko jedna z wypowiedzi jakie przebija\u0142y si\u0119 z gwaru powsta\u0142ego przy sztalugach podczas nieoficjalnej cz\u0119\u015bci wernisa\u017cu \u00a0XIII Pleneru Malarskiego w Sadownem.<!--more--><\/strong><\/p>\n<p style=\"text-align: justify;\">A oficjalnie \u2013 we wtorkowe popo\u0142udnie (28 maja) w Gminnym O\u015brodku Kultury w Sadownem odby\u0142 si\u0119 wernisa\u017c XIII Pleneru Malarskiego. Artyst\u00f3w prezentuj\u0105cych tu swoje prace oraz przyby\u0142ych go\u015bci powita\u0142a P. Ewa Pi\u00f3rkowska \u2013 dyrektor GOK, kt\u00f3ra natychmiast \u201ezmuszona\u201d zosta\u0142a do oddania dalszego prowadzenia imprezy przez oczekuj\u0105cego na swoj\u0105 kolej Pana Edwarda.<\/p>\n<p style=\"text-align: justify;\">Pan Edward, kto to taki? Mieszka\u0144cy Sadownego i okolic znaj\u0105 Pana Edwarda Hermana bardzo dobrze \u2013 jest to emerytowany Dyrektor naszego Liceum Og\u00f3lnokszta\u0142c\u0105cego, polonista, wychowawca wielu pokole\u0144 i pomys\u0142odawca, jak te\u017c organizator, wszystkich dotychczasowych malarskich plener\u00f3w sadowie\u0144skich.<\/p>\n<p style=\"text-align: justify;\">Pan Edward, ze stoickim dla siebie spokojem, podzi\u0119kowa\u0142 organizatorom, darczy\u0144com i osobom wspomagaj\u0105cym organizacj\u0119 pleneru. \u00a0Szczeg\u00f3lne jednak podzi\u0119kowania trafi\u0142y do artyst\u00f3w plastyk\u00f3w, kt\u00f3rzy od 20 maja go\u015bcili na naszym terenie i tworzyli swoje prace \u2013 nie spos\u00f3b ich nie wymieni\u0107. Byli to: Wanda Falencik \u2013 Masznicz (komisarz pleneru), Regina Balinow, Romana Freudenreich \u2013 \u015alubowska, Ma\u0142gorzata Gajewska \u2013 Margasi\u0144ska, W\u0142odzimierz Iwanek, El\u017cbieta Kaniecka \u2013 Siegoczy\u0144ska, Adam Kunikowski, Maria Regina Niewiadomska, Kinga Ramus, Lidia Snitko \u2013 Pleszko i Krystyna Sommer.<\/p>\n<p style=\"text-align: justify;\">A ich prace? Efektowne\u2026 r\u00f3\u017cnorodne\u2026 ciekawe \u2026 olej, akryl, akwarela\u2026 p\u0142\u00f3tno, papier, deska\u2026 pejza\u017ce, przewa\u017cnie pejza\u017ce \u2013 nasze, sadowie\u0144skie, znane nam na co dzie\u0144. A\u017c szkoda, \u017ce tylko cz\u0119\u015b\u0107 z tych prac pozostanie w zbiorach Gminnego O\u015brodka Kultury.<\/p>\n<p style=\"text-align: justify;\">Wszystkie prace mo\u017cna jednak obejrze\u0107 jeszcze do 31 maja na specjalnej wystawie w budynku GOK. Serdecznie zapraszamy. A tw\u00f3rcom tak wspania\u0142ych prac dzi\u0119kujemy i mamy nadziej\u0119 na kolejne spotkania.<\/p>\n<p><a href=\"https:\/\/photos.app.goo.gl\/7Rc4yGST5hMtmxWj6\" target=\"_blank\" rel=\"noopener noreferrer\"><strong>Zdj\u0119cia w galerii Google&gt;&gt;&gt;<\/strong><\/a><\/p>\n<p><strong>Tekst\/foto:<\/strong> S\u0142awek Chyli\u0144ski<\/p>\n<p>&nbsp;<\/p>\n","protected":false},"excerpt":{"rendered":"<p>&#8211; Tak, znam to miejsce! \u2013 w pewnym momencie da\u0142o si\u0119 s\u0142ysze\u0107 g\u0142o\u015bny komentarz jakiej\u015b kobiety w g\u0142\u0119bi sali wystawowej. To tylko jedna z wypowiedzi jakie przebija\u0142y si\u0119 z gwaru powsta\u0142ego przy sztalugach podczas nieoficjalnej cz\u0119\u015bci wernisa\u017cu \u00a0XIII Pleneru Malarskiego w Sadownem.<\/p>\n","protected":false},"author":1,"featured_media":0,"comment_status":"open","ping_status":"open","sticky":false,"template":"","format":"standard","meta":{"footnotes":""},"categories":[5,91,6],"tags":[169,238],"class_list":["post-2126","post","type-post","status-publish","format-standard","hentry","category-newsy","category-gminny-osrodek-kultury","category-kultura-rozrywka-edukacja","tag-gminny-osrodek-kultury-w-sadownem","tag-wernisaz-xiii-pleneru-malarskiego-w-sadownem"],"views":3854,"_links":{"self":[{"href":"http:\/\/info.sadowne.pl\/index.php?rest_route=\/wp\/v2\/posts\/2126","targetHints":{"allow":["GET"]}}],"collection":[{"href":"http:\/\/info.sadowne.pl\/index.php?rest_route=\/wp\/v2\/posts"}],"about":[{"href":"http:\/\/info.sadowne.pl\/index.php?rest_route=\/wp\/v2\/types\/post"}],"author":[{"embeddable":true,"href":"http:\/\/info.sadowne.pl\/index.php?rest_route=\/wp\/v2\/users\/1"}],"replies":[{"embeddable":true,"href":"http:\/\/info.sadowne.pl\/index.php?rest_route=%2Fwp%2Fv2%2Fcomments&post=2126"}],"version-history":[{"count":6,"href":"http:\/\/info.sadowne.pl\/index.php?rest_route=\/wp\/v2\/posts\/2126\/revisions"}],"predecessor-version":[{"id":23368,"href":"http:\/\/info.sadowne.pl\/index.php?rest_route=\/wp\/v2\/posts\/2126\/revisions\/23368"}],"wp:attachment":[{"href":"http:\/\/info.sadowne.pl\/index.php?rest_route=%2Fwp%2Fv2%2Fmedia&parent=2126"}],"wp:term":[{"taxonomy":"category","embeddable":true,"href":"http:\/\/info.sadowne.pl\/index.php?rest_route=%2Fwp%2Fv2%2Fcategories&post=2126"},{"taxonomy":"post_tag","embeddable":true,"href":"http:\/\/info.sadowne.pl\/index.php?rest_route=%2Fwp%2Fv2%2Ftags&post=2126"}],"curies":[{"name":"wp","href":"https:\/\/api.w.org\/{rel}","templated":true}]}}