{"id":21312,"date":"2019-10-16T19:53:53","date_gmt":"2019-10-16T17:53:53","guid":{"rendered":"http:\/\/info.sadowne.pl\/?p=21312"},"modified":"2019-10-16T19:53:53","modified_gmt":"2019-10-16T17:53:53","slug":"wreczono-certyfikaty","status":"publish","type":"post","link":"http:\/\/info.sadowne.pl\/?p=21312","title":{"rendered":"Wr\u0119czono certyfikaty!"},"content":{"rendered":"<p><strong><a href=\"http:\/\/info.sadowne.pl\/wp-content\/uploads\/2019\/10\/2019.10.16.2.jpg\" target=\"_blank\" rel=\"noopener noreferrer\"><img loading=\"lazy\" decoding=\"async\" class=\"alignleft wp-image-21313 size-thumbnail\" src=\"http:\/\/info.sadowne.pl\/wp-content\/uploads\/2019\/10\/2019.10.16.2-180x130.jpg\" alt=\"\" width=\"180\" height=\"130\" \/><\/a>Kolejni uczestnicy projektu \u201ePodnoszenie kompetencji cyfrowych mieszka\u0144c\u00f3w wojew\u00f3dztwa mazowieckiego\u201d ko\u0144czyli szkolenie w Gminnym O\u015brodku Kultury w Sadownem.<\/strong><!--more--><\/p>\n<p>W listopadzie ubieg\u0142ego roku w Gminnym O\u015brodku Kultury w Sadownem rozpocz\u0119\u0142y si\u0119 zapisy na bezp\u0142atne kursy komputerowe w ramach projektu \u201ePodniesienie kompetencji cyfrowych mieszka\u0144c\u00f3w wojew\u00f3dztwa mazowieckiego\u201d, do kt\u00f3rego przyst\u0105pi\u0142a Gmina Sadowne.<\/p>\n<p><a href=\"http:\/\/info.sadowne.pl\/wp-content\/uploads\/2018\/11\/2018.11.14.22.jpg\" target=\"_blank\" rel=\"noopener noreferrer\"><img loading=\"lazy\" decoding=\"async\" class=\"alignright wp-image-19471 size-medium\" src=\"http:\/\/info.sadowne.pl\/wp-content\/uploads\/2018\/11\/2018.11.14.22-212x300.jpg\" alt=\"\" width=\"212\" height=\"300\" srcset=\"http:\/\/info.sadowne.pl\/wp-content\/uploads\/2018\/11\/2018.11.14.22-212x300.jpg 212w, http:\/\/info.sadowne.pl\/wp-content\/uploads\/2018\/11\/2018.11.14.22.jpg 595w\" sizes=\"auto, (max-width: 212px) 100vw, 212px\" \/><\/a>Projekt obejmuje siedem modu\u0142\u00f3w szkoleniowych: \u201eRodzic w Internecie\u201d, \u201eM\u00f3j biznes w sieci\u201d, \u201eMoje finanse i transakcje w sieci\u201d, \u201eDzia\u0142am w sieciach spo\u0142eczno\u015bciowych\u201d, \u201eTworz\u0119 w\u0142asn\u0105 stron\u0119 internetow\u0105 (blog)\u201d, \u201eRolnik w sieci\u201d i \u201eKultura w sieci\u201d, a warunkiem bezp\u0142atnego udzia\u0142u w nim jest wy\u0142\u0105cznie wiek \u2013 powy\u017cej 25 lat i zamieszkanie na terenie wojew\u00f3dztwa mazowieckiego.<\/p>\n<p>Zadanie to jest finansowane ze \u015brodk\u00f3w Unii Europejskiej w ramach dzia\u0142ania 3.1 Dzia\u0142ania szkoleniowe na rzecz rozwoju kompetencji cyfrowych Programu Operacyjnego Polska Cyfrowa.<\/p>\n<p>Szkolenia w ramach projektu trwaj\u0105. 16 pa\u017adziernika dwie dwunastoosobowe grupy nauczycieli podsumowa\u0142y trwaj\u0105cy 16 godzin szkoleniowych modu\u0142u pn. \u201eMoje finanse i transakcje w sieci\u201d, a uczestnicy szkolenia otrzymali certyfikaty, kt\u00f3re wr\u0119czyli im organizatorzy i prowadz\u0105cy szkolenia: p. Waldemar Cyran, p. Ewa Pi\u00f3rkowska i p. Wies\u0142aw Kaliszuk.<\/p>\n<p><span style=\"color: #ff0000;\"><strong>Przypominamy:<\/strong><\/span> szkolenia odbywaj\u0105 si\u0119 w Gminnym O\u015brodku Kultury w Sadownem i prowadzi je p. Wies\u0142aw Kaliszuk. Nab\u00f3r na kolejne modu\u0142y ci\u0105gle trwa \u2013 zapraszamy wszystkich zainteresowanych: kontakt \u2013 tel. (25) 644-28-95 lub 502-086-989.<\/p>\n<p><span style=\"color: #0000ff;\"><a style=\"color: #0000ff;\" href=\"https:\/\/photos.app.goo.gl\/f8tqpk3gAodEnrqZA\" target=\"_blank\" rel=\"noopener noreferrer\"><strong>Zdj\u0119cia w galerii Google&gt;&gt;&gt;<\/strong><\/a><\/span><\/p>\n<p><strong>Tekst\/foto:<\/strong> S\u0142awek Chyli\u0144ski<\/p>\n<p>&nbsp;<\/p>\n","protected":false},"excerpt":{"rendered":"<p>Kolejni uczestnicy projektu \u201ePodnoszenie kompetencji cyfrowych mieszka\u0144c\u00f3w wojew\u00f3dztwa mazowieckiego\u201d ko\u0144czyli szkolenie w Gminnym O\u015brodku Kultury w Sadownem.<\/p>\n","protected":false},"author":1,"featured_media":0,"comment_status":"closed","ping_status":"closed","sticky":false,"template":"","format":"standard","meta":{"footnotes":""},"categories":[5,91,6],"tags":[169,2949],"class_list":["post-21312","post","type-post","status-publish","format-standard","hentry","category-newsy","category-gminny-osrodek-kultury","category-kultura-rozrywka-edukacja","tag-gminny-osrodek-kultury-w-sadownem","tag-projekt-podniesienie-komptetencji-cyfrowych-mieszkancow-wojewodztwa-mazowieckiego"],"views":2529,"_links":{"self":[{"href":"http:\/\/info.sadowne.pl\/index.php?rest_route=\/wp\/v2\/posts\/21312","targetHints":{"allow":["GET"]}}],"collection":[{"href":"http:\/\/info.sadowne.pl\/index.php?rest_route=\/wp\/v2\/posts"}],"about":[{"href":"http:\/\/info.sadowne.pl\/index.php?rest_route=\/wp\/v2\/types\/post"}],"author":[{"embeddable":true,"href":"http:\/\/info.sadowne.pl\/index.php?rest_route=\/wp\/v2\/users\/1"}],"replies":[{"embeddable":true,"href":"http:\/\/info.sadowne.pl\/index.php?rest_route=%2Fwp%2Fv2%2Fcomments&post=21312"}],"version-history":[{"count":1,"href":"http:\/\/info.sadowne.pl\/index.php?rest_route=\/wp\/v2\/posts\/21312\/revisions"}],"predecessor-version":[{"id":21314,"href":"http:\/\/info.sadowne.pl\/index.php?rest_route=\/wp\/v2\/posts\/21312\/revisions\/21314"}],"wp:attachment":[{"href":"http:\/\/info.sadowne.pl\/index.php?rest_route=%2Fwp%2Fv2%2Fmedia&parent=21312"}],"wp:term":[{"taxonomy":"category","embeddable":true,"href":"http:\/\/info.sadowne.pl\/index.php?rest_route=%2Fwp%2Fv2%2Fcategories&post=21312"},{"taxonomy":"post_tag","embeddable":true,"href":"http:\/\/info.sadowne.pl\/index.php?rest_route=%2Fwp%2Fv2%2Ftags&post=21312"}],"curies":[{"name":"wp","href":"https:\/\/api.w.org\/{rel}","templated":true}]}}