{"id":21360,"date":"2019-10-24T19:33:45","date_gmt":"2019-10-24T17:33:45","guid":{"rendered":"http:\/\/info.sadowne.pl\/?p=21360"},"modified":"2019-10-24T19:33:45","modified_gmt":"2019-10-24T17:33:45","slug":"warsztaty-makijazu-w-gok","status":"publish","type":"post","link":"http:\/\/info.sadowne.pl\/?p=21360","title":{"rendered":"Warsztaty makija\u017cu w GOK"},"content":{"rendered":"<p><strong><a href=\"http:\/\/info.sadowne.pl\/wp-content\/uploads\/2019\/10\/2019.10.24.2.jpg\" target=\"_blank\" rel=\"noopener noreferrer\"><img loading=\"lazy\" decoding=\"async\" class=\"alignleft wp-image-21361 size-thumbnail\" src=\"http:\/\/info.sadowne.pl\/wp-content\/uploads\/2019\/10\/2019.10.24.2-180x130.jpg\" alt=\"\" width=\"180\" height=\"130\" \/><\/a>Jak dba\u0107 o cer\u0119 na co dzie\u0144 i jak j\u0105 przygotowa\u0107 do makija\u017cu? Jak wykona\u0107 taki makija\u017c?<\/strong><!--more--><\/p>\n<p>Na te i inne pytania dotycz\u0105ce makija\u017cu i stosowanych do niego kosmetyk\u00f3w mog\u0142y uzyska\u0107 odpowiedzi uczestniczki bezp\u0142atnych warsztat\u00f3w makija\u017cu, kt\u00f3re odby\u0142y si\u0119 24 pa\u017adziernika w Gminnym O\u015brodku Kultury w Sadownem. Prowadzi\u0142a je wiza\u017cysta \u2013 stylista p. Aneta Paczuska, jednocze\u015bnie prezentuj\u0105c krok po kroku powstawanie stosownego do pory dnia makija\u017cu przy u\u017cyciu kosmetyk\u00f3w firmy Avon.<\/p>\n<p>Zainteresowanie warsztatami by\u0142o du\u017ce i nie wszystkie zainteresowane Panie mog\u0142y wzi\u0105\u0107 w nich udzia\u0142, ale prawdopodobnie nie by\u0142o to ostatnie tego rodzaju spotkanie warsztatowe w sadowie\u0144skim O\u015brodku Kultury.<\/p>\n<p><span style=\"color: #0000ff;\"><a style=\"color: #0000ff;\" href=\"https:\/\/photos.app.goo.gl\/g2Q9vNFzSEQdd7cc6\" target=\"_blank\" rel=\"noopener noreferrer\"><strong>Zdj\u0119cia w galerii Google&gt;&gt;&gt;<\/strong><\/a><\/span><\/p>\n<p><strong>Tekst:<\/strong> S\u0142awek Chyli\u0144ski<\/p>\n<p><strong>Foto:<\/strong> S\u0142awek Chyli\u0144ski\/GOK<\/p>\n","protected":false},"excerpt":{"rendered":"<p>Jak dba\u0107 o cer\u0119 na co dzie\u0144 i jak j\u0105 przygotowa\u0107 do makija\u017cu? Jak wykona\u0107 taki makija\u017c?<\/p>\n","protected":false},"author":1,"featured_media":0,"comment_status":"closed","ping_status":"closed","sticky":false,"template":"","format":"standard","meta":{"footnotes":""},"categories":[5,91,6],"tags":[2799,169],"class_list":["post-21360","post","type-post","status-publish","format-standard","hentry","category-newsy","category-gminny-osrodek-kultury","category-kultura-rozrywka-edukacja","tag-bezplatne-warsztaty-makijazu-firmy-avon","tag-gminny-osrodek-kultury-w-sadownem"],"views":2403,"_links":{"self":[{"href":"http:\/\/info.sadowne.pl\/index.php?rest_route=\/wp\/v2\/posts\/21360","targetHints":{"allow":["GET"]}}],"collection":[{"href":"http:\/\/info.sadowne.pl\/index.php?rest_route=\/wp\/v2\/posts"}],"about":[{"href":"http:\/\/info.sadowne.pl\/index.php?rest_route=\/wp\/v2\/types\/post"}],"author":[{"embeddable":true,"href":"http:\/\/info.sadowne.pl\/index.php?rest_route=\/wp\/v2\/users\/1"}],"replies":[{"embeddable":true,"href":"http:\/\/info.sadowne.pl\/index.php?rest_route=%2Fwp%2Fv2%2Fcomments&post=21360"}],"version-history":[{"count":1,"href":"http:\/\/info.sadowne.pl\/index.php?rest_route=\/wp\/v2\/posts\/21360\/revisions"}],"predecessor-version":[{"id":21362,"href":"http:\/\/info.sadowne.pl\/index.php?rest_route=\/wp\/v2\/posts\/21360\/revisions\/21362"}],"wp:attachment":[{"href":"http:\/\/info.sadowne.pl\/index.php?rest_route=%2Fwp%2Fv2%2Fmedia&parent=21360"}],"wp:term":[{"taxonomy":"category","embeddable":true,"href":"http:\/\/info.sadowne.pl\/index.php?rest_route=%2Fwp%2Fv2%2Fcategories&post=21360"},{"taxonomy":"post_tag","embeddable":true,"href":"http:\/\/info.sadowne.pl\/index.php?rest_route=%2Fwp%2Fv2%2Ftags&post=21360"}],"curies":[{"name":"wp","href":"https:\/\/api.w.org\/{rel}","templated":true}]}}