{"id":21365,"date":"2019-10-25T18:54:47","date_gmt":"2019-10-25T16:54:47","guid":{"rendered":"http:\/\/info.sadowne.pl\/?p=21365"},"modified":"2019-10-25T18:54:47","modified_gmt":"2019-10-25T16:54:47","slug":"pracowity-tydzien-w-gok-u","status":"publish","type":"post","link":"http:\/\/info.sadowne.pl\/?p=21365","title":{"rendered":"Pracowity tydzie\u0144 w GOK-u!"},"content":{"rendered":"<p><strong><a href=\"http:\/\/info.sadowne.pl\/wp-content\/uploads\/2019\/10\/2019.10.25.1.jpg\" target=\"_blank\" rel=\"noopener noreferrer\"><img loading=\"lazy\" decoding=\"async\" class=\"alignleft wp-image-21366 size-thumbnail\" src=\"http:\/\/info.sadowne.pl\/wp-content\/uploads\/2019\/10\/2019.10.25.1-180x130.jpg\" alt=\"\" width=\"180\" height=\"130\" \/><\/a>W tym tygodniu go\u015bcili\u015bmy na warsztatach ceramicznych uczni\u00f3w klas \u201e0\u201d ze Szko\u0142y Podstawowej w Sadownem. <\/strong><!--more--><\/p>\n<p>Dzieci pod okiem instruktor\u00f3w GOK-u i nauczycieli wykonywa\u0142y prace, kt\u00f3re b\u0119d\u0105 ozdabia\u0107 wigilijne sto\u0142y.\u00a0\u00a0Sze\u015bciolatki wykona\u0142y ze \u015blimaczk\u00f3w ozdobne lampiony na \u015bwiece, a pi\u0119ciolatki i czterolatki robi\u0142y ozdobne miseczki z kulek.<\/p>\n<p>Wszystkie dzieciaki wykaza\u0142y si\u0119 olbrzymi\u0105 pracowito\u015bci\u0105 i zaanga\u017cowaniem w wykonanie swoich dzie\u0142. Mamy nadziej\u0119, \u017ce naszym m\u0142odym go\u015bciom zaj\u0119cia w GOK-u przypad\u0142y do gustu i b\u0119d\u0105 nas cz\u0119\u015bciej odwiedza\u0107.<\/p>\n<p><span style=\"color: #0000ff;\"><a style=\"color: #0000ff;\" href=\"https:\/\/photos.app.goo.gl\/gpwPPNEgSG8tSQM96\" target=\"_blank\" rel=\"noopener noreferrer\"><strong>Zdj\u0119cia w galerii Google&gt;&gt;&gt;<\/strong><\/a><\/span><\/p>\n<p><strong>Tekst\/foto:<\/strong> GOK Sadowne<\/p>\n","protected":false},"excerpt":{"rendered":"<p>W tym tygodniu go\u015bcili\u015bmy na warsztatach ceramicznych uczni\u00f3w klas \u201e0\u201d ze Szko\u0142y Podstawowej w Sadownem.<\/p>\n","protected":false},"author":1,"featured_media":0,"comment_status":"closed","ping_status":"closed","sticky":false,"template":"","format":"standard","meta":{"footnotes":""},"categories":[5,91,6],"tags":[169,3235],"class_list":["post-21365","post","type-post","status-publish","format-standard","hentry","category-newsy","category-gminny-osrodek-kultury","category-kultura-rozrywka-edukacja","tag-gminny-osrodek-kultury-w-sadownem","tag-pracowity-tydzien-w-gok-u"],"views":2430,"_links":{"self":[{"href":"http:\/\/info.sadowne.pl\/index.php?rest_route=\/wp\/v2\/posts\/21365","targetHints":{"allow":["GET"]}}],"collection":[{"href":"http:\/\/info.sadowne.pl\/index.php?rest_route=\/wp\/v2\/posts"}],"about":[{"href":"http:\/\/info.sadowne.pl\/index.php?rest_route=\/wp\/v2\/types\/post"}],"author":[{"embeddable":true,"href":"http:\/\/info.sadowne.pl\/index.php?rest_route=\/wp\/v2\/users\/1"}],"replies":[{"embeddable":true,"href":"http:\/\/info.sadowne.pl\/index.php?rest_route=%2Fwp%2Fv2%2Fcomments&post=21365"}],"version-history":[{"count":1,"href":"http:\/\/info.sadowne.pl\/index.php?rest_route=\/wp\/v2\/posts\/21365\/revisions"}],"predecessor-version":[{"id":21367,"href":"http:\/\/info.sadowne.pl\/index.php?rest_route=\/wp\/v2\/posts\/21365\/revisions\/21367"}],"wp:attachment":[{"href":"http:\/\/info.sadowne.pl\/index.php?rest_route=%2Fwp%2Fv2%2Fmedia&parent=21365"}],"wp:term":[{"taxonomy":"category","embeddable":true,"href":"http:\/\/info.sadowne.pl\/index.php?rest_route=%2Fwp%2Fv2%2Fcategories&post=21365"},{"taxonomy":"post_tag","embeddable":true,"href":"http:\/\/info.sadowne.pl\/index.php?rest_route=%2Fwp%2Fv2%2Ftags&post=21365"}],"curies":[{"name":"wp","href":"https:\/\/api.w.org\/{rel}","templated":true}]}}