{"id":21504,"date":"2019-11-29T20:20:18","date_gmt":"2019-11-29T19:20:18","guid":{"rendered":"http:\/\/info.sadowne.pl\/?p=21504"},"modified":"2019-11-29T20:20:18","modified_gmt":"2019-11-29T19:20:18","slug":"gminna-biblioteka-publiczna-w-sadownem-w-krajowej-czolowce","status":"publish","type":"post","link":"http:\/\/info.sadowne.pl\/?p=21504","title":{"rendered":"Gminna Biblioteka Publiczna w Sadownem w krajowej czo\u0142\u00f3wce!"},"content":{"rendered":"<p><strong><a href=\"http:\/\/info.sadowne.pl\/wp-content\/uploads\/2019\/11\/2019.11.29.1.jpg\" target=\"_blank\" rel=\"noopener noreferrer\"><img loading=\"lazy\" decoding=\"async\" class=\"alignleft wp-image-21505 size-thumbnail\" src=\"http:\/\/info.sadowne.pl\/wp-content\/uploads\/2019\/11\/2019.11.29.1-180x130.jpg\" alt=\"\" width=\"180\" height=\"130\" \/><\/a>Dzisiejsza (29 listopada 2019 r.) \u201eRzeczpospolita\u201d publikuje opracowany przez Instytut Ksi\u0105\u017cki krajowy Ranking bibliotek. Mamy dobre wiadomo\u015bci \u2013 gratulacje ju\u017c przyjmuje&#8230; sadowie\u0144ska Gminna Biblioteka Publiczna.<\/strong><!--more--><\/p>\n<p>Instytut ten obok Biblioteki Narodowej i Ministerstwa Edukacji Narodowej odpowiada za Narodowy Program Rozwoju Czytelnictwa. Wys\u0142a\u0142 on ponad 2.300 ankiet do wszystkich gmin wiejskich, miejsko-wiejskich i miejskich (z wy\u0142\u0105czeniem miast na prawach powiat\u00f3w) i otrzyma\u0142 760 odpowiedzi. W oparciu o ankiety zawieraj\u0105ce odpowiedzi na 26 pyta\u0144 sporz\u0105dzi\u0142 krajow\u0105 klasyfikacj\u0119 bibliotek publicznych.<\/p>\n<p>Ocenia\u0142 m.in. powierzchnie bibliotek i filii w przeliczeniu na 1.000 mieszka\u0144c\u00f3w, \u015brednie zatrudnienie w plac\u00f3wkach, czas pracy, ksi\u0119gozbi\u00f3r w przeliczeniu na 1.000 mieszka\u0144c\u00f3w, dost\u0119pno\u015b\u0107 do tytu\u0142\u00f3w prasowych, \u201enowych\u201d medi\u00f3w, e-book\u00f3w, udogodnienia dla niepe\u0142nosprawnych. Wykorzysta\u0142 te\u017c dane z G\u0142\u00f3wnego Urz\u0119du Statystycznego.<\/p>\n<p>Z rankingu mo\u017cemy m.in. wyczyta\u0107, \u017ce w Naszej Bibliotece jeden czytelnika wypo\u017cycza \u015brednio 36 wolumin\u00f3w rocznie, na 1.000 mieszka\u0144c\u00f3w przypada ponad 8.000 pozycji czytelniczych, a w 2018 r. biblioteka naby\u0142a ponad 2. ksi\u0105\u017cki na mieszka\u0144ca.<\/p>\n<p><strong>A jak wypadli\u015bmy?<\/strong> Wg mnie wspaniale. Biblioteka w Sadownem uzyska\u0142a 252,28 punkt\u00f3w (zwyci\u0119ska z Sulmierzyc w \u0142\u00f3dzkiem 294,71) i zaj\u0119\u0142a w rankingu og\u00f3lnopolskim 102. miejsce w Polsce (w 2018 r. by\u0142o 121.) i 11. w wojew\u00f3dztwie mazowieckim.<\/p>\n<p><strong>Gratulujemy<\/strong> i zauwa\u017cmy, \u017ce mamy na czym si\u0119 wzorowa\u0107, bo trudno doszuka\u0107 si\u0119 dziedziny, instytucji czy os\u00f3b z naszej Gminy mog\u0105cych by\u0107 wy\u017cej w jakiejkolwiek klasyfikacji krajowej.<\/p>\n<p><strong>Tekst:<\/strong> R.W.<\/p>\n<p><strong>Foto:<\/strong> S.Ch.<\/p>\n","protected":false},"excerpt":{"rendered":"<p>Dzisiejsza (29 listopada 2019 r.) \u201eRzeczpospolita\u201d publikuje opracowany przez Instytut Ksi\u0105\u017cki krajowy Ranking bibliotek. Mamy dobre wiadomo\u015bci \u2013 gratulacje ju\u017c przyjmuje&#8230; sadowie\u0144ska Gminna Biblioteka Publiczna.<\/p>\n","protected":false},"author":1,"featured_media":0,"comment_status":"closed","ping_status":"closed","sticky":false,"template":"","format":"standard","meta":{"footnotes":""},"categories":[5,2149,6],"tags":[113,3258],"class_list":["post-21504","post","type-post","status-publish","format-standard","hentry","category-newsy","category-gminna-biblioteka-publiczna","category-kultura-rozrywka-edukacja","tag-gminna-biblioteka-publiczna-w-sadownem","tag-ranking-bibliotek-2019"],"views":2598,"_links":{"self":[{"href":"http:\/\/info.sadowne.pl\/index.php?rest_route=\/wp\/v2\/posts\/21504","targetHints":{"allow":["GET"]}}],"collection":[{"href":"http:\/\/info.sadowne.pl\/index.php?rest_route=\/wp\/v2\/posts"}],"about":[{"href":"http:\/\/info.sadowne.pl\/index.php?rest_route=\/wp\/v2\/types\/post"}],"author":[{"embeddable":true,"href":"http:\/\/info.sadowne.pl\/index.php?rest_route=\/wp\/v2\/users\/1"}],"replies":[{"embeddable":true,"href":"http:\/\/info.sadowne.pl\/index.php?rest_route=%2Fwp%2Fv2%2Fcomments&post=21504"}],"version-history":[{"count":1,"href":"http:\/\/info.sadowne.pl\/index.php?rest_route=\/wp\/v2\/posts\/21504\/revisions"}],"predecessor-version":[{"id":21506,"href":"http:\/\/info.sadowne.pl\/index.php?rest_route=\/wp\/v2\/posts\/21504\/revisions\/21506"}],"wp:attachment":[{"href":"http:\/\/info.sadowne.pl\/index.php?rest_route=%2Fwp%2Fv2%2Fmedia&parent=21504"}],"wp:term":[{"taxonomy":"category","embeddable":true,"href":"http:\/\/info.sadowne.pl\/index.php?rest_route=%2Fwp%2Fv2%2Fcategories&post=21504"},{"taxonomy":"post_tag","embeddable":true,"href":"http:\/\/info.sadowne.pl\/index.php?rest_route=%2Fwp%2Fv2%2Ftags&post=21504"}],"curies":[{"name":"wp","href":"https:\/\/api.w.org\/{rel}","templated":true}]}}