{"id":21532,"date":"2019-12-08T18:12:19","date_gmt":"2019-12-08T17:12:19","guid":{"rendered":"http:\/\/info.sadowne.pl\/?p=21532"},"modified":"2021-09-01T21:08:18","modified_gmt":"2021-09-01T19:08:18","slug":"mikolajki-z-kijkami","status":"publish","type":"post","link":"http:\/\/info.sadowne.pl\/?p=21532","title":{"rendered":"Miko\u0142ajki z kijkami"},"content":{"rendered":"<p><strong><a href=\"http:\/\/info.sadowne.pl\/wp-content\/uploads\/2019\/12\/2019.12.08.1.jpg\" target=\"_blank\" rel=\"noopener noreferrer\"><img loading=\"lazy\" decoding=\"async\" class=\"alignleft wp-image-21533 size-thumbnail\" src=\"http:\/\/info.sadowne.pl\/wp-content\/uploads\/2019\/12\/2019.12.08.1-180x130.jpg\" alt=\"\" width=\"180\" height=\"130\" \/><\/a>14 km lasem, po g\u00f3rkach, bezdro\u017cami i asfaltem\u2026 <\/strong><!--more--><\/p>\n<p>Z zaproszenia GOK Sadowne do aktywnego sp\u0119dzenia niedzieli z kijkami skorzysta\u0142o dzi\u015b (8 grudnia br.) ponad 20. \u015bmia\u0142k\u00f3w. O godz. 11.00 pod GOK-iem ch\u0119tni ubrali si\u0119 w miko\u0142ajkowe czapki i ruszyli \u201eskr\u00f3tami\u201d po uliczkach Sadownego, by szybko wkroczy\u0107 do urokliwego Jegla.<\/p>\n<p><img loading=\"lazy\" decoding=\"async\" class=\"aligncenter size-full wp-image-21534\" src=\"http:\/\/info.sadowne.pl\/wp-content\/uploads\/2019\/12\/2019.12.08.2.png\" alt=\"\" width=\"608\" height=\"344\" srcset=\"http:\/\/info.sadowne.pl\/wp-content\/uploads\/2019\/12\/2019.12.08.2.png 608w, http:\/\/info.sadowne.pl\/wp-content\/uploads\/2019\/12\/2019.12.08.2-300x170.png 300w\" sizes=\"auto, (max-width: 608px) 100vw, 608px\" \/><\/p>\n<p>Tu pocz\u0105tkowo w\u0105skie le\u015bne \u015bcie\u017cki \u201ewyd\u0142u\u017cy\u0142y\u201d kolumn\u0119 piechur\u00f3w, a mi\u0119kkie pod\u0142o\u017ce wyciszy\u0142o uderzenia kijk\u00f3w. Du\u017ce tempo marszu od pocz\u0105tku narzuci\u0142y dziewczyny w zielonych koszulkach z Ostr\u00f3wka, ale reszta nie pozostawa\u0142a daleko z ty\u0142u, a po 4. km i nieco ponad p\u00f3\u0142 godzinie od startu, mijaj\u0105c \u015bwie\u017co posadowione przez Nadle\u015bnictwo \u0141och\u00f3w tablice edukacyjne, dotarli\u015bmy do \u201eW\u0105wozu\u201d. Tu oczekiwa\u0142 ju\u017c na nas prof. Krzy\u015b K\u0105dziela, by ze swad\u0105 opisa\u0107 uroki lasu, wst\u0119puj\u0105cej tu ro\u015blinno\u015bci i zwierzyny, \u201eKurzej Grz\u0119dy\u201d, rezerwatu \u201eMokry Jegiel\u201d, do granicy kt\u00f3rego dotarli\u015bmy oraz wspomnie\u0107 pami\u0119\u0107 ukrywaj\u0105cych si\u0119 w pobliskich ziemiankach \u017byd\u00f3w pomordowanych tu w 1943 r.<\/p>\n<p>Po kilkunastominutowym odpoczynku ruszyli\u015bmy dalej, by po zaledwie kilkuset metrach porzuci\u0107 p\u0142aski, szeroki le\u015bny trakt i skr\u0119ci\u0107 w prawo, na poorany bruzdami, pn\u0105cy si\u0119 w g\u00f3r\u0119 \u015bwie\u017cy zr\u0105b. Wspinaczka bezdro\u017cem na grzbiet \u201eKr\u00f3lowej Jegla\u201d skr\u00f3ci\u0142a oddechy, przy\u015bpieszy\u0142a t\u0119tna i zach\u0119ci\u0142a do zdj\u0119ciowej sesji.<\/p>\n<p>Ruszyli\u015bmy z 97. m nad poziomem morza, a szczycik pasemka G\u00f3r Bogackich to 127 m. n.p.m., nic dziwnego wi\u0119c, \u017ce rozleg\u0142a, le\u015bna panorama rozci\u0105gaj\u0105ca si\u0119 pod nami urzek\u0142a i zmusi\u0142a do kr\u00f3tkiego postoju. Potem kr\u00f3tka w\u0119dr\u00f3wka po mchu do linii i piaszczyste zej\u015bcie malowniczym duktem. Za kilometr ju\u017c droga z Ko\u0142odzi\u0105\u017ca do Morzyczyna i \u201e g\u0142az Grzyma\u0142y\u201d. Tu, w \u015brodku lasu, pod roz\u0142o\u017cystym d\u0119bem, zadbana polanka z wygrabionymi li\u015b\u0107mi i kwitn\u0105cym jeszcze wrzosem, ustawionym pod g\u0142azem z male\u0144k\u0105 kapliczk\u0105 z wizerunkiem b\u0142ogos\u0142awionego Edwarda Grzyma\u0142y. I okazja, by uczci\u0107 pami\u0119\u0107 obdarzonego wielkimi zdolno\u015bciami M\u0119czennika, kt\u00f3ry w tym miejscu w 1906 r. przyszed\u0142 na \u015bwiat. Pami\u0105tkowe lampki pod g\u0142azem zapali\u0142a organizatorka naszej w\u0119dr\u00f3wki Ewa Pi\u00f3rkowska i od lat dbaj\u0105cy o porz\u0105dek na polance Tadeusz Kalbarczyk.<\/p>\n<p>Po chwili ruszyli\u015bmy prost\u0105 \u015br\u00f3dle\u015bn\u0105 drog\u0105 ku Kocielnikowi. Kilometr dalej doszli\u015bmy do rzeczki \u201eNowej Treblinki\u201d dalej przez nas zwanej \u201eKana\u0142em Kacapskim\u201d, a na nowym mostku K. K\u0105dziela wspomnia\u0142, \u017ce ten niemal dwudziestokilometrowy ciek wodny przekopali je\u0144cy rosyjscy, kt\u00f3rych Pi\u0142sudski w 20. roku wzi\u0105\u0142 do niewoli. Z perspektywy mostku mogli\u015bmy te\u017c zauwa\u017cy\u0107 kilka \u017ceremi bobrzych skutecznie spi\u0119trzaj\u0105cych wod\u0119. A za niespe\u0142na kilometr kolejna przyrodnicza atrakcja. Tu\u017c przed Kocielnikiem zboczyli\u015bmy zaledwie sto metr\u00f3w w prawo, by podziwia\u0107 3 pomniki przyrody: ogromne sosnowe, bartne \u201eTrzy Siostry\u201d, kt\u00f3rych obwody pni z trudem obejmowa\u0142y dwie doros\u0142e osoby.<\/p>\n<p>Spod sosen ruszyli\u015bmy przez sadolesk\u0105 \u201eChoin\u0119\u201d, by dalej ju\u017c asfaltow\u0105 szos\u0105 przez rzadkie zabudowania Sadolesia szybko zmierza\u0107 ku Sadownemu. W GOK-u byli\u015bmy tu\u017c po godz. 14. Okaza\u0142o si\u0119, \u017ce w 3 godziny pokonali\u015bmy ok. 14 km. Nic dziwnego, \u017ce kawa, herbata, \u017curek i ciasto szybko znika\u0142y z go\u015bcinnych stolik\u00f3w. Za to z twarzy nie znika\u0142y u\u015bmiechy zadowolonych z tak pe\u0142nej wra\u017ce\u0144 miko\u0142ajkowej w\u0119dr\u00f3wki.<\/p>\n<p><span style=\"color: #0000ff;\"><a style=\"color: #0000ff;\" href=\"https:\/\/photos.app.goo.gl\/ua6LUiZgBzzYX3dV7\" target=\"_blank\" rel=\"noopener noreferrer\"><strong>Zdj\u0119cia w galerii Google&gt;&gt;&gt;<\/strong><\/a><\/span><\/p>\n<p><strong>Tekst\/foto:<\/strong> RW<\/p>\n","protected":false},"excerpt":{"rendered":"<p>14 km lasem, po g\u00f3rkach, bezdro\u017cami i asfaltem\u2026<\/p>\n","protected":false},"author":1,"featured_media":0,"comment_status":"closed","ping_status":"closed","sticky":false,"template":"","format":"standard","meta":{"footnotes":""},"categories":[5,91,6,3627],"tags":[169,2673],"class_list":["post-21532","post","type-post","status-publish","format-standard","hentry","category-newsy","category-gminny-osrodek-kultury","category-kultura-rozrywka-edukacja","category-nordic-walking","tag-gminny-osrodek-kultury-w-sadownem","tag-mikolajkowy-marsz-nordic-walking-w-sadownem"],"views":2841,"_links":{"self":[{"href":"http:\/\/info.sadowne.pl\/index.php?rest_route=\/wp\/v2\/posts\/21532","targetHints":{"allow":["GET"]}}],"collection":[{"href":"http:\/\/info.sadowne.pl\/index.php?rest_route=\/wp\/v2\/posts"}],"about":[{"href":"http:\/\/info.sadowne.pl\/index.php?rest_route=\/wp\/v2\/types\/post"}],"author":[{"embeddable":true,"href":"http:\/\/info.sadowne.pl\/index.php?rest_route=\/wp\/v2\/users\/1"}],"replies":[{"embeddable":true,"href":"http:\/\/info.sadowne.pl\/index.php?rest_route=%2Fwp%2Fv2%2Fcomments&post=21532"}],"version-history":[{"count":1,"href":"http:\/\/info.sadowne.pl\/index.php?rest_route=\/wp\/v2\/posts\/21532\/revisions"}],"predecessor-version":[{"id":21535,"href":"http:\/\/info.sadowne.pl\/index.php?rest_route=\/wp\/v2\/posts\/21532\/revisions\/21535"}],"wp:attachment":[{"href":"http:\/\/info.sadowne.pl\/index.php?rest_route=%2Fwp%2Fv2%2Fmedia&parent=21532"}],"wp:term":[{"taxonomy":"category","embeddable":true,"href":"http:\/\/info.sadowne.pl\/index.php?rest_route=%2Fwp%2Fv2%2Fcategories&post=21532"},{"taxonomy":"post_tag","embeddable":true,"href":"http:\/\/info.sadowne.pl\/index.php?rest_route=%2Fwp%2Fv2%2Ftags&post=21532"}],"curies":[{"name":"wp","href":"https:\/\/api.w.org\/{rel}","templated":true}]}}