{"id":21559,"date":"2019-12-16T12:56:13","date_gmt":"2019-12-16T11:56:13","guid":{"rendered":"http:\/\/info.sadowne.pl\/?p=21559"},"modified":"2019-12-27T13:29:29","modified_gmt":"2019-12-27T12:29:29","slug":"turniej-tenisa-stolowego-2","status":"publish","type":"post","link":"http:\/\/info.sadowne.pl\/?p=21559","title":{"rendered":"Turniej tenisa sto\u0142owego\u2026"},"content":{"rendered":"<p><strong><a href=\"http:\/\/info.sadowne.pl\/wp-content\/uploads\/2019\/12\/2019.12.16.1.jpg\" target=\"_blank\" rel=\"noopener noreferrer\"><img loading=\"lazy\" decoding=\"async\" class=\"alignleft wp-image-21560 size-thumbnail\" src=\"http:\/\/info.sadowne.pl\/wp-content\/uploads\/2019\/12\/2019.12.16.1-180x130.jpg\" alt=\"\" width=\"180\" height=\"130\" \/><\/a>Troch\u0119 p\u00f3\u017aniej ni\u017c co roku, bo 15 grudnia w sadowie\u0144skiej Gminnej Hali Sportowej odby\u0142 si\u0119 Miko\u0142ajkowy Turniej Tenisa Sto\u0142owego. By\u0142a to ju\u017c dziewi\u0105ta edycja tej imprezy.<\/strong><br \/>\n<!--more--><\/p>\n<p>Organizatorami tych zawod\u00f3w byli: Klub Sportowy WICHER Sadowne, Urz\u0105d Gminy w Sadownem i Gminny O\u015brodek Kultury w Sadownem, a zawodnicy walczyli o Puchar W\u00f3jta Gminy Sadowne.<br \/>\nTenisi\u015bci, a by\u0142o ich wszystkich oko\u0142o 40, rozgrywali swoje spotkania na o\u015bmiu sto\u0142ach w czterech kategoriach. Wyniki ko\u0144cowe przedstawiaj\u0105 si\u0119 nast\u0119puj\u0105co:<\/p>\n<p><strong>Kategoria: dziewcz\u0119ta do 16 lat<\/strong><\/p>\n<p>I miejsce \u2013 Katarzyna Purga\u0142, Mist\u00f3w<\/p>\n<p>II miejsce \u2013 Aleksandra Wo\u017cnicka, Ostr\u00f3wek<\/p>\n<p>III miejsce \u2013 Kamila Sk\u00f3ra, Pruszk\u00f3w<\/p>\n<p><strong>Kategoria: open \u2013 kobiety<\/strong><\/p>\n<p>I miejsce \u2013 Agnieszka Jechna, Zieleniec<\/p>\n<p>II miejsce \u2013 Dominika Markowska, Sok\u00f3\u0142ka<\/p>\n<p>III miejsce \u2013 Kamila Wojtyra, Ostr\u00f3wek<\/p>\n<p><strong>Kategoria: ch\u0142opcy do 16 lat<\/strong><\/p>\n<p>I miejsce \u2013 Marcin Tyszka, P\u0142atkownica<\/p>\n<p>II miejsce \u2013 Mateusz Ziembowski, Ostr\u00f3wek<\/p>\n<p>III miejsce \u2013 Micha\u0142 Kucharek, Kie\u0142czew<\/p>\n<p><strong>Kategoria: open \u2013 m\u0119\u017cczy\u017ani<\/strong><\/p>\n<p>I miejsce \u2013\u00a0Bartosz Rzepczy\u0144ski, \u0141och\u00f3w<\/p>\n<p>II miejsce \u2013 Emil Or\u0142owski, \u0141opianka<\/p>\n<p>III miejsce \u2013 Dominik Kluczewski, Sadowne<\/p>\n<p>Zwyci\u0119zcom Turnieju puchary, medale, dyplomy i nagrody wr\u0119czy\u0142 Wiceprezes KS \u201eWicher\u201d Sadowne p. Sebastian Kowalczyk.<\/p>\n<p>Organizatorzy dzi\u0119kuj\u0105 wszystkim zawodnikom za udzia\u0142 w Turnieju i gratuluj\u0105 jego zwyci\u0119zcom, kt\u00f3rzy naprawd\u0119 prezentowali wysoki poziom rozgrywek tenisowych.<\/p>\n<p><strong>Zapraszamy na kolejny turniej za rok!<\/strong><\/p>\n<p><span style=\"color: #0000ff;\"><a style=\"color: #0000ff;\" href=\"https:\/\/photos.app.goo.gl\/6dwBaHadvJu5mjsAA\" target=\"_blank\" rel=\"noopener noreferrer\"><strong>Zdj\u0119cia w galerii Google&gt;&gt;&gt;<\/strong><\/a><\/span><\/p>\n<p><strong>Tekst\/foto: <\/strong>Sebastian Kowalczyk<\/p>\n","protected":false},"excerpt":{"rendered":"<p>Troch\u0119 p\u00f3\u017aniej ni\u017c co roku, bo 15 grudnia w sadowie\u0144skiej Gminnej Hali Sportowej odby\u0142 si\u0119 Miko\u0142ajkowy Turniej Tenisa Sto\u0142owego. By\u0142a to ju\u017c dziewi\u0105ta edycja tej imprezy.<\/p>\n","protected":false},"author":1,"featured_media":0,"comment_status":"closed","ping_status":"closed","sticky":false,"template":"","format":"standard","meta":{"footnotes":""},"categories":[5,7,2138],"tags":[3263],"class_list":["post-21559","post","type-post","status-publish","format-standard","hentry","category-newsy","category-sport","category-tenis-stolowy","tag-ix-mikolajkowy-turniej-tenisa-stolowego-w-sadownem"],"views":2458,"_links":{"self":[{"href":"http:\/\/info.sadowne.pl\/index.php?rest_route=\/wp\/v2\/posts\/21559","targetHints":{"allow":["GET"]}}],"collection":[{"href":"http:\/\/info.sadowne.pl\/index.php?rest_route=\/wp\/v2\/posts"}],"about":[{"href":"http:\/\/info.sadowne.pl\/index.php?rest_route=\/wp\/v2\/types\/post"}],"author":[{"embeddable":true,"href":"http:\/\/info.sadowne.pl\/index.php?rest_route=\/wp\/v2\/users\/1"}],"replies":[{"embeddable":true,"href":"http:\/\/info.sadowne.pl\/index.php?rest_route=%2Fwp%2Fv2%2Fcomments&post=21559"}],"version-history":[{"count":1,"href":"http:\/\/info.sadowne.pl\/index.php?rest_route=\/wp\/v2\/posts\/21559\/revisions"}],"predecessor-version":[{"id":21561,"href":"http:\/\/info.sadowne.pl\/index.php?rest_route=\/wp\/v2\/posts\/21559\/revisions\/21561"}],"wp:attachment":[{"href":"http:\/\/info.sadowne.pl\/index.php?rest_route=%2Fwp%2Fv2%2Fmedia&parent=21559"}],"wp:term":[{"taxonomy":"category","embeddable":true,"href":"http:\/\/info.sadowne.pl\/index.php?rest_route=%2Fwp%2Fv2%2Fcategories&post=21559"},{"taxonomy":"post_tag","embeddable":true,"href":"http:\/\/info.sadowne.pl\/index.php?rest_route=%2Fwp%2Fv2%2Ftags&post=21559"}],"curies":[{"name":"wp","href":"https:\/\/api.w.org\/{rel}","templated":true}]}}