{"id":2171,"date":"2013-06-03T17:33:53","date_gmt":"2013-06-03T15:33:53","guid":{"rendered":"http:\/\/www.infosadowne.boo.pl\/?p=2171"},"modified":"2020-04-24T20:18:47","modified_gmt":"2020-04-24T18:18:47","slug":"karuzela-trampoliny-zjezdzalnie","status":"publish","type":"post","link":"http:\/\/info.sadowne.pl\/?p=2171","title":{"rendered":"Karuzela, trampoliny, zje\u017cd\u017calnie \u2026"},"content":{"rendered":"<p style=\"text-align: justify;\"><strong>K<img loading=\"lazy\" decoding=\"async\" class=\"alignleft size-thumbnail wp-image-2172\" src=\"http:\/\/www.info.sadowne.pl\/wp-content\/uploads\/2013\/06\/2013.06.03.1-180x130.jpg\" alt=\"2013.06.03.1\" width=\"180\" height=\"130\" \/>aruzela, trampoliny, zje\u017cd\u017calnie \u2026 to tylko niekt\u00f3re atrakcje, z kt\u00f3rych mog\u0142y korzysta\u0107 dzieci podczas Gminnego Dnia Dziecka w Sadownem.<!--more--><\/strong><\/p>\n<p style=\"text-align: justify;\">3 czerwca od rana pogoda nam sprzyja\u0142a i dzi\u0119ki temu nasze dzieci mog\u0142y skorzysta\u0107 ze wszystkich przygotowanych dla nich atrakcji. Organizatorzy Gminnego Dnia Dziecka w Sadownem \u00a0&#8211; W\u00f3jt Gminy Sadowne, Gminna Komisja Rozwi\u0105zywania Problem\u00f3w Alkoholowych, SP Sadowne, Gimnazjum w Sadownem i Gminny O\u015brodek Kultury &#8211; stan\u0119li na wysoko\u015bci zadania. Po cz\u0119\u015bci oficjalnej, podczas kt\u00f3rej dzieci obejrza\u0142y koncert ko\u0142a muzycznego i wyst\u0119p zespo\u0142u tanecznego gimnazjalist\u00f3w, wszyscy pospieszyli wyszale\u0107 si\u0119 na boiskach i placu przed Gimnazjum, gdzie odbywa\u0142y si\u0119 zaj\u0119cia sportowo \u2013 rekreacyjne.<\/p>\n<p style=\"text-align: justify;\">Opr\u00f3cz stoisk do tworzenia \u201ewyszukanych\u201d fryzur i malowania twarzy, du\u017c\u0105 popularno\u015bci\u0105 cieszy\u0142o si\u0119 stoisko Nadle\u015bnictwa \u0141och\u00f3w, gdzie mo\u017cna by\u0142o nie tylko obejrze\u0107 zwierzaki z naszych las\u00f3w, ale te\u017c us\u0142ysze\u0107 ciekawe opowie\u015bci le\u015bnik\u00f3w i zagra\u0107 w wyszukan\u0105 gr\u0119.<\/p>\n<p style=\"text-align: justify;\">Podczas gier i zabaw wskazane te\u017c by\u0142o wys\u0142ucha\u0107 prelekcji policjanta na temat bezpiecznych wakacji, a co bardziej przezorni, mogli ju\u017c oznakowa\u0107 na wakacje swoje rowery. Ale chyba najwi\u0119ksz\u0105 popularno\u015bci\u0105 cieszy\u0142y si\u0119 radiowozy policyjne KPP W\u0119gr\u00f3w i KP \u0141och\u00f3w oraz bojowy w\u00f3z stra\u017cacki OSP Sadowne \u2013 wielk\u0105 frajd\u0105 by\u0142o przejecha\u0107 si\u0119 radiowozem z w\u0142\u0105czonymi sygna\u0142ami d\u017awi\u0119kowymi.<\/p>\n<p style=\"text-align: justify;\">Dzie\u0144 sp\u0119dzony na takich przyjemno\u015bciach (oczywi\u015bcie organizatorzy nie zapomnieli te\u017c o napojach, lodach i posi\u0142kach) chyba na d\u0142ugo pozostanie w pami\u0119ci naszych milusi\u0144skich. Dzi\u0119kujemy organizatorom, a dzieciom \u017cyczymy samych \u015bwi\u0105tecznych dni w ich dalszym \u017cyciu.<\/p>\n<p><a href=\"https:\/\/photos.app.goo.gl\/u8nTPu1QpCjT91Eh7\" target=\"_blank\" rel=\"noopener noreferrer\"><strong>Zdj\u0119cia w galerii Google&gt;&gt;&gt;<\/strong><\/a><\/p>\n<p style=\"text-align: justify;\"><strong>Zobacz te\u017c film <a href=\"http:\/\/youtu.be\/d8h-HKWjetY\" target=\"_blank\" rel=\"noopener noreferrer\">&gt;&gt;&gt;<\/a><\/strong><\/p>\n<p><strong>Tekst\/foto:<\/strong> S\u0142awek Chyli\u0144ski<\/p>\n<p>&nbsp;<\/p>\n","protected":false},"excerpt":{"rendered":"<p>Karuzela, trampoliny, zje\u017cd\u017calnie \u2026 to tylko niekt\u00f3re atrakcje, z kt\u00f3rych mog\u0142y korzysta\u0107 dzieci podczas Gminnego Dnia Dziecka w Sadownem.<\/p>\n","protected":false},"author":1,"featured_media":0,"comment_status":"open","ping_status":"open","sticky":false,"template":"","format":"standard","meta":{"footnotes":""},"categories":[5,83,84],"tags":[125,230],"class_list":["post-2171","post","type-post","status-publish","format-standard","hentry","category-newsy","category-gimnazjum","category-szkola-podstawowa-im-cz-wycecha","tag-gminna-komisja-rozwiazywania-problemow-alkoholowych-w-sadownem","tag-gminny-dzien-dziecka-w-sadownem"],"views":3527,"_links":{"self":[{"href":"http:\/\/info.sadowne.pl\/index.php?rest_route=\/wp\/v2\/posts\/2171","targetHints":{"allow":["GET"]}}],"collection":[{"href":"http:\/\/info.sadowne.pl\/index.php?rest_route=\/wp\/v2\/posts"}],"about":[{"href":"http:\/\/info.sadowne.pl\/index.php?rest_route=\/wp\/v2\/types\/post"}],"author":[{"embeddable":true,"href":"http:\/\/info.sadowne.pl\/index.php?rest_route=\/wp\/v2\/users\/1"}],"replies":[{"embeddable":true,"href":"http:\/\/info.sadowne.pl\/index.php?rest_route=%2Fwp%2Fv2%2Fcomments&post=2171"}],"version-history":[{"count":5,"href":"http:\/\/info.sadowne.pl\/index.php?rest_route=\/wp\/v2\/posts\/2171\/revisions"}],"predecessor-version":[{"id":23366,"href":"http:\/\/info.sadowne.pl\/index.php?rest_route=\/wp\/v2\/posts\/2171\/revisions\/23366"}],"wp:attachment":[{"href":"http:\/\/info.sadowne.pl\/index.php?rest_route=%2Fwp%2Fv2%2Fmedia&parent=2171"}],"wp:term":[{"taxonomy":"category","embeddable":true,"href":"http:\/\/info.sadowne.pl\/index.php?rest_route=%2Fwp%2Fv2%2Fcategories&post=2171"},{"taxonomy":"post_tag","embeddable":true,"href":"http:\/\/info.sadowne.pl\/index.php?rest_route=%2Fwp%2Fv2%2Ftags&post=2171"}],"curies":[{"name":"wp","href":"https:\/\/api.w.org\/{rel}","templated":true}]}}