{"id":21733,"date":"2020-01-23T20:18:44","date_gmt":"2020-01-23T19:18:44","guid":{"rendered":"http:\/\/info.sadowne.pl\/?p=21733"},"modified":"2020-01-23T20:18:44","modified_gmt":"2020-01-23T19:18:44","slug":"koncert-koled-w-gok-u","status":"publish","type":"post","link":"http:\/\/info.sadowne.pl\/?p=21733","title":{"rendered":"Koncert kol\u0119d w GOK-u"},"content":{"rendered":"<p><strong><a href=\"http:\/\/info.sadowne.pl\/wp-content\/uploads\/2020\/01\/2020.01.23.11.jpg\"><img loading=\"lazy\" decoding=\"async\" class=\"alignleft size-thumbnail wp-image-21734\" src=\"http:\/\/info.sadowne.pl\/wp-content\/uploads\/2020\/01\/2020.01.23.11-180x130.jpg\" alt=\"\" width=\"180\" height=\"130\" \/><\/a>23 stycznia w Gminnym O\u015brodku Kultury w Sadownem odby\u0142 si\u0119 Koncert Kol\u0119d<\/strong> <strong>\u2013 znane kol\u0119dy i pastora\u0142ki wykonali cz\u0142onkowie Ko\u0142a Muzycznego GOK prowadzonego przez p. Ew\u0119 Jakubik.<\/strong><!--more--><\/p>\n<p>W pierwszej cz\u0119\u015bci spotkania Dyrektor GOK-u p. Ewa Pi\u00f3rkowska og\u0142osi\u0142a oficjalne wyniki konkursu pn. \u201eSzopka Bo\u017conarodzeniowa\u201d i wr\u0119czy\u0142a dyplomy oraz nagrody jego laureatom.<\/p>\n<p>W poszczeg\u00f3lnych grupach wiekowych laureatami zostali:<br \/>\n<strong>Kategoria: klasy I-IV szko\u0142y podstawowej<\/strong><\/p>\n<ol>\n<li>Praca zbiorowa: Magdalena Rydzewska, Emilia Kania i Amelia Suska<\/li>\n<li>Justyna Zawistowska<\/li>\n<li>Szymon Zawistowski<\/li>\n<\/ol>\n<p><strong>Kategoria: klasy V-VIII szko\u0142y podstawowej<\/strong><\/p>\n<ol>\n<li>Izabela Ilczuk<\/li>\n<li>Praca zbiorowa: Szymon i Maciej Zakrzewscy<\/li>\n<\/ol>\n<p>Nagrody dla nieobecnych laureat\u00f3w s\u0105 do odbioru w GOK Sadowne.<\/p>\n<p><strong>Zaraz po wr\u0119czeniu nagr\u00f3d rozpocz\u0105\u0142 si\u0119 Koncert Kol\u0119d. <\/strong>Uczestnicy zaj\u0119\u0107 Ko\u0142a Muzycznego GOK-u wykonali utwory w nast\u0119puj\u0105cej kolejno\u015bci:<\/p>\n<ol>\n<li>W\u015br\u00f3d nocnej ciszy &#8211; \u015bpiewa\u0142a Magda Narowska, Natalia Rostek, Wiktoria Ga\u0142\u0105zka, Maria Wierzbicka, akompaniament gitarowy, na keyboardzie zagra\u0142a Oliwia Krupa.<\/li>\n<li>W\u015br\u00f3d nocnej ciszy &#8211; na gitarach zagrali: Aleks Rostek i Piotr Kozanka.<\/li>\n<li>Gdy Pan Jezus si\u0119 narodzi\u0142 \u2013 \u015bpiewa\u0142a Oliwia Wieliczko, akompaniament gitarowy.<\/li>\n<li>Przybie\u017celi do Betlejem \u2013 \u015bpiewa\u0142a Natalia Rostek, Wiktoria Ga\u0142\u0105zka i Oliwia Feli\u0144ska, akompaniament gitarowy, na klawiszach zagra\u0142a Oliwia Wieliczko.<\/li>\n<li>Gloria \u2013 \u015bpiewa\u0142a Magda Narowska i Weronika W\u00f3jcik, akompaniament gitarowy.<\/li>\n<li>Gdy \u015bliczna Panna, na gitarze zagra\u0142a Maria Wierzbicka.<\/li>\n<li>Lulaj\u017ce Jezuniu \u2013 \u015bpiewa\u0142a Izabela Ilczuk, akompaniament gitarowy.<\/li>\n<li>W Betlejem \u2013 \u015bpiewa\u0142a Maja Pop\u0142awska i Oliwia Wieliczko, akompaniament gitarowy.<\/li>\n<li>P\u00f3jd\u017amy wszyscy \u2013 \u015bpiewa\u0142a Oliwia Feli\u0144ska, na keyboardzie zagra\u0142a Oliwia Krupa.<\/li>\n<li>P\u00f3jd\u017amy wszyscy \u2013 melodia instrumentalna.<\/li>\n<li>Do szopy \u2013 \u015bpiewa\u0142 Filip Gierej, na klawiszach zagra\u0142a Amelia Pu\u015bcion, Izabela Ilczuk i Marcin Rusiniak.<\/li>\n<li>Jezus Malusie\u0144ki \u2013 \u015bpiewa\u0142a Magda Narowska, na klawiszach zgra\u0142a Amelia Pu\u015bcion, Izabela Ilczuk, Filip Gierej i Marcin Rusiniak.<\/li>\n<li>Bosy pastuszek \u2013 za\u015bpiewa\u0142 Maciej Szcze\u015bnik i Weronika W\u00f3jcik, akompaniament gitarowy i klawiszowy.<\/li>\n<li>Cicha noc \u2013 za\u015bpiewa\u0142a Amelia Pu\u015bcion, na keyboardach zgrali: Izabela Ilczuk, Filip Gierej i Marcin Rusiniak.<\/li>\n<\/ol>\n<p>\u015awietny koncert Ko\u0142a Muzycznego, kt\u00f3rym kieruje p. Ewa Jakubik. Publiczno\u015b\u0107 doceni\u0142a starania i umiej\u0119tno\u015bci cz\u0142onk\u00f3w Ko\u0142a, nagradzaj\u0105c ka\u017cdy wyst\u0119p burzliwymi oklaskami.<\/p>\n<p><span style=\"color: #0000ff;\"><a style=\"color: #0000ff;\" href=\"https:\/\/photos.app.goo.gl\/xLqwqHuRcXBKXaZJ6\" target=\"_blank\" rel=\"noopener noreferrer\"><strong>Zdj\u0119cia w galerii Google&gt;&gt;&gt;<\/strong><\/a><\/span><\/p>\n<p><strong>Tekst:<\/strong> S\u0142awek Chyli\u0144ski\/Ewa Jakubik<\/p>\n<p><strong>Foto:<\/strong> S\u0142awek Chyli\u0144ski<\/p>\n","protected":false},"excerpt":{"rendered":"<p>23 stycznia w Gminnym O\u015brodku Kultury w Sadownem odby\u0142 si\u0119 Koncert Kol\u0119d \u2013 znane kol\u0119dy i pastora\u0142ki wykonali cz\u0142onkowie Ko\u0142a Muzycznego GOK prowadzonego przez p. Ew\u0119 Jakubik.<\/p>\n","protected":false},"author":1,"featured_media":0,"comment_status":"closed","ping_status":"closed","sticky":false,"template":"","format":"standard","meta":{"footnotes":""},"categories":[5,91,6],"tags":[212,169,2321,1105],"class_list":["post-21733","post","type-post","status-publish","format-standard","hentry","category-newsy","category-gminny-osrodek-kultury","category-kultura-rozrywka-edukacja","tag-ewa-jakubik","tag-gminny-osrodek-kultury-w-sadownem","tag-kolo-muzyczne-gok-sadowne","tag-koncert-koled-i-pastoralek"],"views":2520,"_links":{"self":[{"href":"http:\/\/info.sadowne.pl\/index.php?rest_route=\/wp\/v2\/posts\/21733","targetHints":{"allow":["GET"]}}],"collection":[{"href":"http:\/\/info.sadowne.pl\/index.php?rest_route=\/wp\/v2\/posts"}],"about":[{"href":"http:\/\/info.sadowne.pl\/index.php?rest_route=\/wp\/v2\/types\/post"}],"author":[{"embeddable":true,"href":"http:\/\/info.sadowne.pl\/index.php?rest_route=\/wp\/v2\/users\/1"}],"replies":[{"embeddable":true,"href":"http:\/\/info.sadowne.pl\/index.php?rest_route=%2Fwp%2Fv2%2Fcomments&post=21733"}],"version-history":[{"count":1,"href":"http:\/\/info.sadowne.pl\/index.php?rest_route=\/wp\/v2\/posts\/21733\/revisions"}],"predecessor-version":[{"id":21735,"href":"http:\/\/info.sadowne.pl\/index.php?rest_route=\/wp\/v2\/posts\/21733\/revisions\/21735"}],"wp:attachment":[{"href":"http:\/\/info.sadowne.pl\/index.php?rest_route=%2Fwp%2Fv2%2Fmedia&parent=21733"}],"wp:term":[{"taxonomy":"category","embeddable":true,"href":"http:\/\/info.sadowne.pl\/index.php?rest_route=%2Fwp%2Fv2%2Fcategories&post=21733"},{"taxonomy":"post_tag","embeddable":true,"href":"http:\/\/info.sadowne.pl\/index.php?rest_route=%2Fwp%2Fv2%2Ftags&post=21733"}],"curies":[{"name":"wp","href":"https:\/\/api.w.org\/{rel}","templated":true}]}}