{"id":21806,"date":"2020-02-04T20:55:12","date_gmt":"2020-02-04T19:55:12","guid":{"rendered":"http:\/\/info.sadowne.pl\/?p=21806"},"modified":"2020-02-04T20:55:12","modified_gmt":"2020-02-04T19:55:12","slug":"mialem-sen-o-zjednoczonej-europie","status":"publish","type":"post","link":"http:\/\/info.sadowne.pl\/?p=21806","title":{"rendered":"Mia\u0142em sen\u2026 o zjednoczonej Europie"},"content":{"rendered":"<p><strong><a href=\"http:\/\/info.sadowne.pl\/wp-content\/uploads\/2020\/02\/2020.02.04.1.jpg\" target=\"_blank\" rel=\"noopener noreferrer\"><img loading=\"lazy\" decoding=\"async\" class=\"alignleft wp-image-21807 size-thumbnail\" src=\"http:\/\/info.sadowne.pl\/wp-content\/uploads\/2020\/02\/2020.02.04.1-180x130.jpg\" alt=\"\" width=\"180\" height=\"130\" \/><\/a>\u201eMia\u0142em sen\u201d to znany zwrot z przem\u00f3wienia Martina Luthera Kinga wyg\u0142oszonego w 1963 roku. Jego pi\u0119kne marzenie &#8211; sen, kt\u00f3ry wydawa\u0142 si\u0119 nierealny, jednak zi\u015bci\u0142 si\u0119. <\/strong><!--more--><\/p>\n<p><strong>Taki \u201esen na jawie\u201d i dotycz\u0105cy zjednoczonej Europy mia\u0142 prawie dwie\u015bcie lat temu Wojciech Jastrz\u0119bowski.<\/strong><\/p>\n<p>4 lutego br., w ramach projektu i g\u0142\u00f3wnie za spraw\u0105 Fundacji im. Wojciecha Bogumi\u0142a Jastrz\u0119bowskiego &#8222;My obywatele Unii Europejskiej&#8221;, kt\u00f3rej za\u0142o\u017cycielem jest Olgierd \u0141ukaszewicz, odby\u0142 si\u0119 \u201eDzie\u0144 Europejski w Sadownem\u201d.<\/p>\n<p>Celem wspomnianego projektu jest przypomnienie, \u017ce od wiek\u00f3w w naszym kraju marzono i m\u00f3wiono o tworzeniu wsp\u00f3lnej Europy, kt\u00f3ra dzisiaj przechodzi pr\u00f3b\u0119 okresu zjednoczenia. Ten obecny stan, w tym kszta\u0142t i g\u0142\u00f3wne zasady wsp\u00f3\u0142istnienia narod\u00f3w europejskich, Europa mo\u017ce zawdzi\u0119cza\u0107 tak\u017ce wybitnym Polakom, a w\u015br\u00f3d nich Wojciechowi Jastrz\u0119bowskiemu, kt\u00f3ry jest autorem wizjonerskiego dzie\u0142a pt. \u201eKonstytucja dla Europy, jako ustawa maj\u0105ca zapobiec wojnom\u201d. Stanowi ono projekt zasad po\u0142\u0105czenia pa\u0144stw europejskich i pokoju mi\u0119dzy narodami. Sk\u0142adaj\u0105cy si\u0119 z 77. artyku\u0142\u00f3w projekt traktatu stworzony przez Jastrz\u0119bowskiego by\u0142 niczym Karta Narod\u00f3w Zjednoczonych z 1945 roku zamkni\u0119t\u0105 i sp\u00f3jn\u0105 ca\u0142o\u015bci\u0105. Wiele z jego pomys\u0142\u00f3w zrealizowa\u0142o si\u0119 w obecnym kszta\u0142cie Unii Europejskiej.<\/p>\n<p><strong>Kim by\u0142 Wojciech Jastrz\u0119bowski?<\/strong><\/p>\n<p><strong>Wojciech Bogumi\u0142 Jastrz\u0119bowski<\/strong>\u00a0\u017cy\u0142 w latach 1799 \u2013 1882. Urodzi\u0142 si\u0119 we wsi Giewarty, obecnie nale\u017c\u0105cej do gminy Janowo, w wojew\u00f3dztwie warmi\u0144sko-mazurskim.<\/p>\n<p>Zas\u0142u\u017cy\u0142 si\u0119 przede wszystkim jako botanik i florysta (zgromadzi\u0142 oko\u0142o 1500 gatunk\u00f3w ro\u015blin krajowych). Szczeg\u00f3lnie ukocha\u0142 botanik\u0119 le\u015bn\u0105. Nale\u017ca\u0142 do pionier\u00f3w turystyki i krajoznawstwa polskiego. Zna\u0142 si\u0119 na miernictwie, gnomonice. Zbudowa\u0142 gnomo graf &#8211; narz\u0119dzie do wykre\u015blenia zegara s\u0142onecznego na nieregularnej powierzchni.<\/p>\n<p>Uwa\u017cany jest za protoplast\u0119 ergonomii. By\u0142 uczonym, kt\u00f3ry przyrod\u0119 rozpatrywa\u0142 jako integraln\u0105 ca\u0142o\u015b\u0107 i ju\u017c w XIX w. postulowa\u0142 ochron\u0119 \u015brodowiska naturalnego. Dzi\u015b mo\u017cemy stwierdzi\u0107, \u017ce d\u0105\u017cy\u0142 do harmonii cz\u0142owieka z ca\u0142ym ekosystemem. By\u0142 profesorem zoologii, botaniki, mineralogii i fizyki w Instytucie Gospodarstwa Wiejskiego\u00a0w Marymoncie, a nast\u0119pnie tw\u00f3rc\u0105 Zak\u0142adu Praktyki Le\u015bnej w Feliksowie. Jako profesor Instytutu rolniczego, zyska\u0142 nies\u0142ychan\u0105 mi\u0142o\u015b\u0107 i sympati\u0119 student\u00f3w oraz praktykant\u00f3w.<\/p>\n<p>Dzi\u0119ki swojemu traktatowi o pokoju mi\u0119dzy narodami i konstytucji dla zjednoczonej Europy, nie tylko wszed\u0142 do grona my\u015blicieli europejskich, ale da\u0142 podwaliny pod nauk\u0119 o pokoju, kt\u00f3ra niedawno si\u0119 wyodr\u0119bni\u0142a. By\u0142 autorem prekursorskich \u201e\u2026my\u015bli o wiecznym przymierzu mi\u0119dzy narodami ucywilizowanymi\u201d Europy z 1831r.\u00a0i \u201eKonstytucji dla Europy\u201d. S\u0105 to dzie\u0142a unikalne. G\u0142osi\u0142 on ide\u0119 pokojowego wsp\u00f3\u0142istnienia narod\u00f3w wolnych, demokratycznych\u00a0i samorz\u0105dnych. \u017by\u0142 przecie\u017c w czasach, kiedy ziemie polskie by\u0142y pod zaborami. Sam uczestniczy\u0142 w powstaniu listopadowym, bra\u0142 udzia\u0142\u00a0w bitwie pod Olszynk\u0105 Grochowsk\u0105.<\/p>\n<p>Na szczeg\u00f3ln\u0105 uwag\u0119 zas\u0142uguj\u0105 jego zainteresowania\u00a0i przekonania pacyfistyczne. Zawar\u0142 je w og\u0142oszonym w 1831 r.\u00a0\u00a0traktacie \u201eWolne chwile \u017co\u0142nierza polskiego, czyli my\u015bli o wiecznym przymierzu mi\u0119dzy narodami ucywilizowanymi\u201d. Drug\u0105 cz\u0119\u015b\u0107 traktatu stanowi\u0142a Konstytucja dla Europy\u00a0<strong>\u2013<\/strong>\u201eNiekt\u00f3re my\u015bli do prawa ustalaj\u0105cego wieczny pok\u00f3j w Europie\u201d.\u00a0Jako wizjoner zjednoczonej Europy by\u0142 protoplast\u0105 wsp\u00f3\u0142czesnego globalizmu, zak\u0142ada\u0142 odej\u015bcie od w\u0105sko pojmowanych interes\u00f3w narodowych na rzecz idei bratniego przymierza. Celem ka\u017cdego narodu mia\u0142o by\u0107 doskonalenie cz\u0142owieka\u00a0i \u201ezaszczepienie mi\u0142o\u015bci mi\u0119dzy narodami\u201d.<\/p>\n<p><strong>Jak przebiega\u0142o wydarzenie \u201eDzie\u0144 Europejski w Sadownem\u201d?<\/strong><\/p>\n<p>We wtorek 4 lutego w Sali OSP w Sadownem przyby\u0142ych powitali w imieniu Organizator\u00f3w spotkania: p. Ewa Pi\u00f3rkowska \u2013 Dyrektor Gminnego O\u015brodka Kultury w Sadownem oraz p. Waldemar Cyran \u2013 W\u00f3jt Gminy Sadowne.<\/p>\n<p>Dzie\u0144 Europejski rozpocz\u0119to prezentacj\u0105 multimedialn\u0105 o ksi\u0105\u017cce p. Alicji Wejner \u201eAzymut wsp\u00f3lna Europa. Jastrz\u0119bowski\u201d. Publikacja ta stanowi publicystyczno \u2013 literacki portret wybitnego botanika, wynalazcy, meteorologa, le\u015bnika, klimatologa, ojca ergonomii, krajoznawcy, pedagoga, powsta\u0144ca listopadowego i autora Konstytucji dla Europy 1831r. w jednej osobie \u2013 Wojciecha Bogumi\u0142a Jastrz\u0119bowskiego.<\/p>\n<p>Po prezentacji ksi\u0105\u017cki odby\u0142o si\u0119 wsp\u00f3lne czytanie i teatralna prezentacja fragment\u00f3w \u201eKonstytucji dla Europy 1831 &#8211; Romantycznego Testamentu Jastrz\u0119bowskiego\u201d w wykonaniu aktor\u00f3w: p. Janusza Le\u015bniewskiego i p. Olgierda \u0141ukaszewicza oraz uczestnik\u00f3w wydarzenia. Prelekcj\u0119 \u201eWarto \u017cy\u0107 w zjednoczonej Europie\u201d wyg\u0142osi\u0142 p. Piotr Maciej Kaczy\u0144ski, po czym nast\u0105pi\u0142a kr\u00f3tka debata i dialog obywatelski o wsp\u00f3\u0142czesnej Europie i jej przysz\u0142o\u015bci, a ju\u017c na koniec &#8211; Prezes Stowarzyszenia \u201eMy Obywatele Unii Europejskiej\u201d p. Witold Moszy\u0144ski wyg\u0142osi\u0142 apel: \u201eUratuj\u0105 nas drzewa \u2013 sad\u017amy lasy Jastrz\u0119bowskiego\u201d.<\/p>\n<p><strong>\u201eMia\u0142em sen, wielki sen\u2026\u201d \u2013 czy sen Wojciecha Jastrz\u0119bowskiego w pe\u0142ni si\u0119 zi\u015bci? Tego chyba nie wie nikt i na pe\u0142ne zmaterializowanie Jego marze\u0144 potrzeba b\u0119dzie wiele, wiele lat \u2013 oczywi\u015bcie ju\u017c tylko i wy\u0142\u0105cznie na jawie.<\/strong><\/p>\n<p><span style=\"color: #0000ff;\"><strong><a style=\"color: #0000ff;\" href=\"https:\/\/photos.app.goo.gl\/y9M3AHCoBJu2ucqj8\" target=\"_blank\" rel=\"noopener noreferrer\">Zdj\u0119cia w galerii Google&gt;&gt;&gt;<\/a><\/strong><\/span><\/p>\n<p><strong>Tekst\/foto:<\/strong> S\u0142awek Chyli\u0144ski<\/p>\n<p><strong>\u0179r\u00f3d\u0142a:<\/strong><\/p>\n<p><a href=\"https:\/\/myobywateleue.org\/\" target=\"_blank\" rel=\"noopener noreferrer\">https:\/\/myobywateleue.org\/<\/a><\/p>\n<p><a href=\"http:\/\/zsriojagarzewo.pl\/\" target=\"_blank\" rel=\"noopener noreferrer\">http:\/\/zsriojagarzewo.pl\/<\/a><\/p>\n","protected":false},"excerpt":{"rendered":"<p>\u201eMia\u0142em sen\u201d to znany zwrot z przem\u00f3wienia Martina Luthera Kinga wyg\u0142oszonego w 1963 roku. Jego pi\u0119kne marzenie &#8211; sen, kt\u00f3ry wydawa\u0142 si\u0119 nierealny, jednak zi\u015bci\u0142 si\u0119.<\/p>\n","protected":false},"author":1,"featured_media":0,"comment_status":"closed","ping_status":"closed","sticky":false,"template":"","format":"standard","meta":{"footnotes":""},"categories":[5,41],"tags":[3295,3294,1827],"class_list":["post-21806","post","type-post","status-publish","format-standard","hentry","category-newsy","category-wiesci-gminne","tag-dzien-europejski-w-sadownem","tag-fundacja-my-obywatele-unii-europejskiej","tag-gmina-sadowne"],"views":3011,"_links":{"self":[{"href":"http:\/\/info.sadowne.pl\/index.php?rest_route=\/wp\/v2\/posts\/21806","targetHints":{"allow":["GET"]}}],"collection":[{"href":"http:\/\/info.sadowne.pl\/index.php?rest_route=\/wp\/v2\/posts"}],"about":[{"href":"http:\/\/info.sadowne.pl\/index.php?rest_route=\/wp\/v2\/types\/post"}],"author":[{"embeddable":true,"href":"http:\/\/info.sadowne.pl\/index.php?rest_route=\/wp\/v2\/users\/1"}],"replies":[{"embeddable":true,"href":"http:\/\/info.sadowne.pl\/index.php?rest_route=%2Fwp%2Fv2%2Fcomments&post=21806"}],"version-history":[{"count":1,"href":"http:\/\/info.sadowne.pl\/index.php?rest_route=\/wp\/v2\/posts\/21806\/revisions"}],"predecessor-version":[{"id":21808,"href":"http:\/\/info.sadowne.pl\/index.php?rest_route=\/wp\/v2\/posts\/21806\/revisions\/21808"}],"wp:attachment":[{"href":"http:\/\/info.sadowne.pl\/index.php?rest_route=%2Fwp%2Fv2%2Fmedia&parent=21806"}],"wp:term":[{"taxonomy":"category","embeddable":true,"href":"http:\/\/info.sadowne.pl\/index.php?rest_route=%2Fwp%2Fv2%2Fcategories&post=21806"},{"taxonomy":"post_tag","embeddable":true,"href":"http:\/\/info.sadowne.pl\/index.php?rest_route=%2Fwp%2Fv2%2Ftags&post=21806"}],"curies":[{"name":"wp","href":"https:\/\/api.w.org\/{rel}","templated":true}]}}