{"id":21838,"date":"2020-02-10T15:48:13","date_gmt":"2020-02-10T14:48:13","guid":{"rendered":"http:\/\/info.sadowne.pl\/?p=21838"},"modified":"2020-02-10T15:48:13","modified_gmt":"2020-02-10T14:48:13","slug":"w-karnawale","status":"publish","type":"post","link":"http:\/\/info.sadowne.pl\/?p=21838","title":{"rendered":"W karnawale\u2026"},"content":{"rendered":"<p><strong><a href=\"http:\/\/info.sadowne.pl\/wp-content\/uploads\/2020\/02\/2020.02.10.7.jpg\"><img loading=\"lazy\" decoding=\"async\" class=\"alignleft size-thumbnail wp-image-21839\" src=\"http:\/\/info.sadowne.pl\/wp-content\/uploads\/2020\/02\/2020.02.10.7-180x130.jpg\" alt=\"\" width=\"180\" height=\"130\" \/><\/a>\u2026same bale. Bajkowe przebrania by\u0142y konieczne na balu karnawa\u0142owym Niepublicznej Szko\u0142y Podstawowej w Ko\u0142odzi\u0105\u017cu.<\/strong><!--more--><\/p>\n<p><strong>Ta\u0144com, grom i zabawom nie by\u0142o ko\u0144ca. Zobaczmy fotorelacj\u0119!<\/strong><\/p>\n<p><a href=\"http:\/\/info.sadowne.pl\/wp-content\/uploads\/2020\/02\/2020.02.10.8.jpg\"><img loading=\"lazy\" decoding=\"async\" class=\"aligncenter size-full wp-image-21840\" src=\"http:\/\/info.sadowne.pl\/wp-content\/uploads\/2020\/02\/2020.02.10.8.jpg\" alt=\"\" width=\"603\" height=\"452\" srcset=\"http:\/\/info.sadowne.pl\/wp-content\/uploads\/2020\/02\/2020.02.10.8.jpg 603w, http:\/\/info.sadowne.pl\/wp-content\/uploads\/2020\/02\/2020.02.10.8-300x225.jpg 300w\" sizes=\"auto, (max-width: 603px) 100vw, 603px\" \/><\/a><\/p>\n<p><strong>Zdj\u0119cia na stronie <a href=\"http:\/\/www.spkolodziaz.szkolnastrona.pl\/art,255,bal-karnawalowy-2020\">http:\/\/www.spkolodziaz.szkolnastrona.pl\/art,255,bal-karnawalowy-2020<\/a><\/strong><\/p>\n<p><strong>\u0179r\u00f3d\u0142o:<\/strong> www.spkolodziaz.szkolnastrona.pl<\/p>\n","protected":false},"excerpt":{"rendered":"<p>\u2026same bale. Bajkowe przebrania by\u0142y konieczne na balu karnawa\u0142owym Niepublicznej Szko\u0142y Podstawowej w Ko\u0142odzi\u0105\u017cu.<\/p>\n","protected":false},"author":1,"featured_media":0,"comment_status":"closed","ping_status":"closed","sticky":false,"template":"","format":"standard","meta":{"footnotes":""},"categories":[5,1752,42],"tags":[3304,1151],"class_list":["post-21838","post","type-post","status-publish","format-standard","hentry","category-newsy","category-edukacja","category-szkola-podstawowa-w-kolodziazu","tag-bal-karnawalowy-w-kolodziazu","tag-niepubliczna-szkola-podstawowa-w-kolodziazu"],"views":3044,"_links":{"self":[{"href":"http:\/\/info.sadowne.pl\/index.php?rest_route=\/wp\/v2\/posts\/21838","targetHints":{"allow":["GET"]}}],"collection":[{"href":"http:\/\/info.sadowne.pl\/index.php?rest_route=\/wp\/v2\/posts"}],"about":[{"href":"http:\/\/info.sadowne.pl\/index.php?rest_route=\/wp\/v2\/types\/post"}],"author":[{"embeddable":true,"href":"http:\/\/info.sadowne.pl\/index.php?rest_route=\/wp\/v2\/users\/1"}],"replies":[{"embeddable":true,"href":"http:\/\/info.sadowne.pl\/index.php?rest_route=%2Fwp%2Fv2%2Fcomments&post=21838"}],"version-history":[{"count":1,"href":"http:\/\/info.sadowne.pl\/index.php?rest_route=\/wp\/v2\/posts\/21838\/revisions"}],"predecessor-version":[{"id":21841,"href":"http:\/\/info.sadowne.pl\/index.php?rest_route=\/wp\/v2\/posts\/21838\/revisions\/21841"}],"wp:attachment":[{"href":"http:\/\/info.sadowne.pl\/index.php?rest_route=%2Fwp%2Fv2%2Fmedia&parent=21838"}],"wp:term":[{"taxonomy":"category","embeddable":true,"href":"http:\/\/info.sadowne.pl\/index.php?rest_route=%2Fwp%2Fv2%2Fcategories&post=21838"},{"taxonomy":"post_tag","embeddable":true,"href":"http:\/\/info.sadowne.pl\/index.php?rest_route=%2Fwp%2Fv2%2Ftags&post=21838"}],"curies":[{"name":"wp","href":"https:\/\/api.w.org\/{rel}","templated":true}]}}