{"id":21847,"date":"2020-02-12T12:45:34","date_gmt":"2020-02-12T11:45:34","guid":{"rendered":"http:\/\/info.sadowne.pl\/?p=21847"},"modified":"2020-02-12T12:45:34","modified_gmt":"2020-02-12T11:45:34","slug":"bal-karnawalowy-w-grabinach","status":"publish","type":"post","link":"http:\/\/info.sadowne.pl\/?p=21847","title":{"rendered":"Bal karnawa\u0142owy w Grabinach"},"content":{"rendered":"<p><strong><a href=\"http:\/\/info.sadowne.pl\/wp-content\/uploads\/2020\/02\/2020.02.12.1.jpg\"><img loading=\"lazy\" decoding=\"async\" class=\"alignleft size-thumbnail wp-image-21848\" src=\"http:\/\/info.sadowne.pl\/wp-content\/uploads\/2020\/02\/2020.02.12.1-180x130.jpg\" alt=\"\" width=\"180\" height=\"130\" \/><\/a>11 lutego 2020 roku instruktorzy GOK\u00a0\u00a0Sadowne wzi\u0119li udzia\u0142 w Balu karnawa\u0142owym organizowanym przez Ko\u0142o Gospody\u0144 Wiejskich w Zarzetce dla dzieci z Grabin i Zarzetki.<\/strong><strong>\u00a0<\/strong><!--more--><\/p>\n<p>Dla najm\u0142odszych przygotowano wiele niespodzianek &#8211; gry i zabawy przy muzyce, malowanie twarzy i niezliczone konkursy, w kt\u00f3rych ka\u017cdy by\u0142 zwyci\u0119zc\u0105. Na dzieci czeka\u0142 te\u017c s\u0142odki pocz\u0119stunek.<\/p>\n<p>Bardzo wa\u017cnym elementem balu by\u0142o spotkanie z policjantami z \u0141ochowa, kt\u00f3rzy opowiadali dzieciom o zasadach bezpiecze\u0144stwa. Ka\u017cdy z m\u0142odych uczestnik\u00f3w balu dosta\u0142 w prezencie od policji drobny upominek.<\/p>\n<p>Wszyscy obecni na balu bawili si\u0119 wy\u015bmienicie, a dobry humor zabrali ze sob\u0105 do dom\u00f3w.<\/p>\n<p><span style=\"color: #0000ff;\"><a style=\"color: #0000ff;\" href=\"https:\/\/photos.app.goo.gl\/1ZjaUDnqiSfEvZz99\" target=\"_blank\" rel=\"noopener noreferrer\"><strong>Zdj\u0119cia w galerii Google&gt;&gt;&gt;<\/strong><\/a><\/span><\/p>\n<p><strong>Tekst\/foto: <\/strong>GOK Sadowne<\/p>\n","protected":false},"excerpt":{"rendered":"<p>11 lutego 2020 roku instruktorzy GOK\u00a0\u00a0Sadowne wzi\u0119li udzia\u0142 w Balu karnawa\u0142owym organizowanym przez Ko\u0142o Gospody\u0144 Wiejskich w Zarzetce dla dzieci z Grabin i Zarzetki.\u00a0<\/p>\n","protected":false},"author":1,"featured_media":0,"comment_status":"closed","ping_status":"closed","sticky":false,"template":"","format":"standard","meta":{"footnotes":""},"categories":[5,91,6],"tags":[3307,169],"class_list":["post-21847","post","type-post","status-publish","format-standard","hentry","category-newsy","category-gminny-osrodek-kultury","category-kultura-rozrywka-edukacja","tag-bal-karnawalowy-w-grabinach","tag-gminny-osrodek-kultury-w-sadownem"],"views":2335,"_links":{"self":[{"href":"http:\/\/info.sadowne.pl\/index.php?rest_route=\/wp\/v2\/posts\/21847","targetHints":{"allow":["GET"]}}],"collection":[{"href":"http:\/\/info.sadowne.pl\/index.php?rest_route=\/wp\/v2\/posts"}],"about":[{"href":"http:\/\/info.sadowne.pl\/index.php?rest_route=\/wp\/v2\/types\/post"}],"author":[{"embeddable":true,"href":"http:\/\/info.sadowne.pl\/index.php?rest_route=\/wp\/v2\/users\/1"}],"replies":[{"embeddable":true,"href":"http:\/\/info.sadowne.pl\/index.php?rest_route=%2Fwp%2Fv2%2Fcomments&post=21847"}],"version-history":[{"count":1,"href":"http:\/\/info.sadowne.pl\/index.php?rest_route=\/wp\/v2\/posts\/21847\/revisions"}],"predecessor-version":[{"id":21849,"href":"http:\/\/info.sadowne.pl\/index.php?rest_route=\/wp\/v2\/posts\/21847\/revisions\/21849"}],"wp:attachment":[{"href":"http:\/\/info.sadowne.pl\/index.php?rest_route=%2Fwp%2Fv2%2Fmedia&parent=21847"}],"wp:term":[{"taxonomy":"category","embeddable":true,"href":"http:\/\/info.sadowne.pl\/index.php?rest_route=%2Fwp%2Fv2%2Fcategories&post=21847"},{"taxonomy":"post_tag","embeddable":true,"href":"http:\/\/info.sadowne.pl\/index.php?rest_route=%2Fwp%2Fv2%2Ftags&post=21847"}],"curies":[{"name":"wp","href":"https:\/\/api.w.org\/{rel}","templated":true}]}}