{"id":21861,"date":"2020-02-14T16:26:52","date_gmt":"2020-02-14T15:26:52","guid":{"rendered":"http:\/\/info.sadowne.pl\/?p=21861"},"modified":"2020-02-14T16:26:52","modified_gmt":"2020-02-14T15:26:52","slug":"pierwszy-tydzien-ferii-za-nami","status":"publish","type":"post","link":"http:\/\/info.sadowne.pl\/?p=21861","title":{"rendered":"Pierwszy tydzie\u0144 ferii za nami"},"content":{"rendered":"<p><strong><a href=\"http:\/\/info.sadowne.pl\/wp-content\/uploads\/2020\/02\/2020.02.14.2.jpg\" target=\"_blank\" rel=\"noopener noreferrer\"><img loading=\"lazy\" decoding=\"async\" class=\"alignleft wp-image-21862 size-thumbnail\" src=\"http:\/\/info.sadowne.pl\/wp-content\/uploads\/2020\/02\/2020.02.14.2-180x130.jpg\" alt=\"\" width=\"180\" height=\"130\" \/><\/a>W tym roku w zaj\u0119ciach feryjnych Gminnego O\u015brodka Kultury w Sadownem bierze udzia\u0142 wyj\u0105tkowo du\u017co dzieci. <\/strong><!--more--><\/p>\n<p>Jest to dla nas wielka rado\u015b\u0107, a zarazem du\u017ce wyzwanie, aby zorganizowa\u0107 zaj\u0119cia tak, by nikt si\u0119 nie nudzi\u0142. Jest to o tyle trudne, bo za oknem plucha i pogoda, co zmusza nas do zaj\u0119\u0107 w budynku.<\/p>\n<p>W pierwszym tygodniu ferii zimowych przygotowali\u015bmy dla naszych najm\u0142odszych gry i zabawy \u2013 \u015bmiechu by\u0142o wiele, a przy okazji sporo ruchu i nauka wsp\u00f3\u0142dzia\u0142ania. Na zaj\u0119ciach plastycznych postanowili\u015bmy rozwi\u0105za\u0107 problem braku \u015bniegu i ulepili\u015bmy pi\u0119kne, dorodne ba\u0142wany, kt\u00f3re na razie zdobi\u0105 du\u017c\u0105 sal\u0119 GOK-u.<\/p>\n<p>Dla poprawy sprawno\u015bci fizycznej zorganizowali\u015bmy zaj\u0119cia sportowe w hali, w czasie kt\u00f3rych kr\u00f3lowa\u0142y: gimnastyka i zabawy ruchowe.\u00a0\u00a0Mamy nadziej\u0119, \u017ce dzieci, kt\u00f3re odwiedzaj\u0105 GOK w Sadownem, nie tylko mi\u0142o i weso\u0142o sp\u0119dz\u0105 czas, ale przy okazji naucz\u0105 si\u0119 czego\u015b nowego.<\/p>\n<p>W Walentynki nasi podopieczni mogli wzi\u0105\u0107 tak\u017ce udzia\u0142 w turnieju gier planszowych w Orze\u0142ku, kt\u00f3ry po\u0142\u0105czony by\u0142 z pokazem stra\u017cackim i s\u0142odkim pocz\u0119stunkiem.<\/p>\n<p><span style=\"color: #0000ff;\"><a style=\"color: #0000ff;\" href=\"https:\/\/photos.app.goo.gl\/cvcuPNoqFEoyB7Gw5\" target=\"_blank\" rel=\"noopener noreferrer\"><strong>Zdj\u0119cia w galerii Google&gt;&gt;&gt;<\/strong><\/a><\/span><\/p>\n<p><strong>Tekst\/foto:<\/strong> GOK Sadowne<\/p>\n","protected":false},"excerpt":{"rendered":"<p>W tym roku w zaj\u0119ciach feryjnych Gminnego O\u015brodka Kultury w Sadownem bierze udzia\u0142 wyj\u0105tkowo du\u017co dzieci.<\/p>\n","protected":false},"author":1,"featured_media":0,"comment_status":"closed","ping_status":"closed","sticky":false,"template":"","format":"standard","meta":{"footnotes":""},"categories":[5,91,6],"tags":[3311,169,3312],"class_list":["post-21861","post","type-post","status-publish","format-standard","hentry","category-newsy","category-gminny-osrodek-kultury","category-kultura-rozrywka-edukacja","tag-ferie-zimowe-2020","tag-gminny-osrodek-kultury-w-sadownem","tag-pierwszy-tydzien-ferii-za-nami"],"views":2238,"_links":{"self":[{"href":"http:\/\/info.sadowne.pl\/index.php?rest_route=\/wp\/v2\/posts\/21861","targetHints":{"allow":["GET"]}}],"collection":[{"href":"http:\/\/info.sadowne.pl\/index.php?rest_route=\/wp\/v2\/posts"}],"about":[{"href":"http:\/\/info.sadowne.pl\/index.php?rest_route=\/wp\/v2\/types\/post"}],"author":[{"embeddable":true,"href":"http:\/\/info.sadowne.pl\/index.php?rest_route=\/wp\/v2\/users\/1"}],"replies":[{"embeddable":true,"href":"http:\/\/info.sadowne.pl\/index.php?rest_route=%2Fwp%2Fv2%2Fcomments&post=21861"}],"version-history":[{"count":1,"href":"http:\/\/info.sadowne.pl\/index.php?rest_route=\/wp\/v2\/posts\/21861\/revisions"}],"predecessor-version":[{"id":21863,"href":"http:\/\/info.sadowne.pl\/index.php?rest_route=\/wp\/v2\/posts\/21861\/revisions\/21863"}],"wp:attachment":[{"href":"http:\/\/info.sadowne.pl\/index.php?rest_route=%2Fwp%2Fv2%2Fmedia&parent=21861"}],"wp:term":[{"taxonomy":"category","embeddable":true,"href":"http:\/\/info.sadowne.pl\/index.php?rest_route=%2Fwp%2Fv2%2Fcategories&post=21861"},{"taxonomy":"post_tag","embeddable":true,"href":"http:\/\/info.sadowne.pl\/index.php?rest_route=%2Fwp%2Fv2%2Ftags&post=21861"}],"curies":[{"name":"wp","href":"https:\/\/api.w.org\/{rel}","templated":true}]}}