{"id":21918,"date":"2020-02-21T18:40:50","date_gmt":"2020-02-21T17:40:50","guid":{"rendered":"http:\/\/info.sadowne.pl\/?p=21918"},"modified":"2020-02-21T18:40:50","modified_gmt":"2020-02-21T17:40:50","slug":"ferie-dobiegly-konca","status":"publish","type":"post","link":"http:\/\/info.sadowne.pl\/?p=21918","title":{"rendered":"Ferie dobieg\u0142y ko\u0144ca"},"content":{"rendered":"<p><strong><a href=\"http:\/\/info.sadowne.pl\/wp-content\/uploads\/2020\/02\/2020.02.21.11.jpg\" target=\"_blank\" rel=\"noopener noreferrer\"><img loading=\"lazy\" decoding=\"async\" class=\"alignleft wp-image-21919 size-thumbnail\" src=\"http:\/\/info.sadowne.pl\/wp-content\/uploads\/2020\/02\/2020.02.21.11-180x130.jpg\" alt=\"\" width=\"180\" height=\"130\" \/><\/a>Drugi tydzie\u0144 wolnego od szko\u0142y obfitowa\u0142 w r\u00f3\u017cnego rodzaju atrakcje, kt\u00f3re przygotowa\u0142 Gminny O\u015brodek Kultury w Sadownem. <\/strong><!--more--><\/p>\n<p>Opr\u00f3cz zaj\u0119\u0107 sportowych, plastycznych oraz gier i zabaw dzieciaki mog\u0142y wzi\u0105\u0107 udzia\u0142 w balu karnawa\u0142owym, kt\u00f3ry prowadzony by\u0142 przez Klub Czerwonego Noska. Opr\u00f3cz wielu animacji na najm\u0142odszych czeka\u0142o malowanie twarzy i s\u0142odki pocz\u0119stunek.<\/p>\n<p>Podsumowaniem ferii by\u0142 wsp\u00f3lny wyjazd na lodowisko dla najbardziej wytrwa\u0142ych. Mogli\u015bmy spr\u00f3bowa\u0107 swoich si\u0142 na \u0142y\u017cwach i zje\u015b\u0107 smaczny posi\u0142ek w barze.<\/p>\n<p><span style=\"color: #0000ff;\"><a style=\"color: #0000ff;\" href=\"https:\/\/photos.app.goo.gl\/vHA4i1yMSRM1FZ5P7\" target=\"_blank\" rel=\"noopener noreferrer\"><strong>Zdj\u0119cia w galerii Google&gt;&gt;&gt;<\/strong><\/a><\/span><\/p>\n<p><strong>Tekst\/foto:<\/strong> GOK Sadowne<\/p>\n","protected":false},"excerpt":{"rendered":"<p>Drugi tydzie\u0144 wolnego od szko\u0142y obfitowa\u0142 w r\u00f3\u017cnego rodzaju atrakcje, kt\u00f3re przygotowa\u0142 Gminny O\u015brodek Kultury w Sadownem.<\/p>\n","protected":false},"author":1,"featured_media":0,"comment_status":"closed","ping_status":"closed","sticky":false,"template":"","format":"standard","meta":{"footnotes":""},"categories":[5,91,6],"tags":[3293,169],"class_list":["post-21918","post","type-post","status-publish","format-standard","hentry","category-newsy","category-gminny-osrodek-kultury","category-kultura-rozrywka-edukacja","tag-ferie-zimowe-2020-w-sadownem","tag-gminny-osrodek-kultury-w-sadownem"],"views":2274,"_links":{"self":[{"href":"http:\/\/info.sadowne.pl\/index.php?rest_route=\/wp\/v2\/posts\/21918","targetHints":{"allow":["GET"]}}],"collection":[{"href":"http:\/\/info.sadowne.pl\/index.php?rest_route=\/wp\/v2\/posts"}],"about":[{"href":"http:\/\/info.sadowne.pl\/index.php?rest_route=\/wp\/v2\/types\/post"}],"author":[{"embeddable":true,"href":"http:\/\/info.sadowne.pl\/index.php?rest_route=\/wp\/v2\/users\/1"}],"replies":[{"embeddable":true,"href":"http:\/\/info.sadowne.pl\/index.php?rest_route=%2Fwp%2Fv2%2Fcomments&post=21918"}],"version-history":[{"count":1,"href":"http:\/\/info.sadowne.pl\/index.php?rest_route=\/wp\/v2\/posts\/21918\/revisions"}],"predecessor-version":[{"id":21920,"href":"http:\/\/info.sadowne.pl\/index.php?rest_route=\/wp\/v2\/posts\/21918\/revisions\/21920"}],"wp:attachment":[{"href":"http:\/\/info.sadowne.pl\/index.php?rest_route=%2Fwp%2Fv2%2Fmedia&parent=21918"}],"wp:term":[{"taxonomy":"category","embeddable":true,"href":"http:\/\/info.sadowne.pl\/index.php?rest_route=%2Fwp%2Fv2%2Fcategories&post=21918"},{"taxonomy":"post_tag","embeddable":true,"href":"http:\/\/info.sadowne.pl\/index.php?rest_route=%2Fwp%2Fv2%2Ftags&post=21918"}],"curies":[{"name":"wp","href":"https:\/\/api.w.org\/{rel}","templated":true}]}}