{"id":22016,"date":"2020-03-23T11:44:03","date_gmt":"2020-03-23T10:44:03","guid":{"rendered":"http:\/\/info.sadowne.pl\/?p=22016"},"modified":"2020-03-23T11:44:03","modified_gmt":"2020-03-23T10:44:03","slug":"kronika-policyjna-16-22-marca","status":"publish","type":"post","link":"http:\/\/info.sadowne.pl\/?p=22016","title":{"rendered":"Kronika policyjna &#8211; 16-22 marca"},"content":{"rendered":"<p><strong><a href=\"http:\/\/info.sadowne.pl\/wp-content\/uploads\/2019\/08\/komisariat16.jpg\"><img loading=\"lazy\" decoding=\"async\" class=\"alignleft size-thumbnail wp-image-20958\" src=\"http:\/\/info.sadowne.pl\/wp-content\/uploads\/2019\/08\/komisariat16-180x130.jpg\" alt=\"\" width=\"180\" height=\"130\" \/><\/a>W ostatnich dniach na terenie powiatu w\u0119growskiego dosz\u0142o do zdarze\u0144 drogowych. Policjanci apeluj\u0105 o ostro\u017cno\u015b\u0107 i rozwag\u0119 na drodze.<\/strong><!--more--><\/p>\n<p>16 marca w m. Szaruty mieszkaniec pow. w\u0119growskiego, kieruj\u0105c ci\u0105gnikiem rolniczym podczas manewru skr\u0119tu w lewo nie ust\u0105pi\u0142 pierwsze\u0144stwa przejazdu prawid\u0142owo jad\u0105cemu pojazdowi Opel. Nikt nie dozna\u0142 obra\u017ce\u0144.<\/p>\n<p>W tym samym dniu w m. W\u0119gr\u00f3w na ul. \u017beromskiego mieszkaniec pow. w\u0119growskiego kieruj\u0105c pojazdem marki Mercedes na skrzy\u017cowaniu nie ust\u0105pi\u0142 pierwsze\u0144stwa prawid\u0142owo jad\u0105cemu pojazdowi Peugeot. Nikt nie dozna\u0142 obra\u017ce\u0144.<\/p>\n<p>17 marca w m. Kamionna mieszkaniec pow. w\u0119growskiego kieruj\u0105c pojazdem marki Opel nie ust\u0105pi\u0142 pierwsze\u0144stwa przejazdu na skrzy\u017cowaniu prawid\u0142owo jad\u0105cemu motocyklem marki Honda, w wyniku czego dosz\u0142o do zderzenia si\u0119 pojazd\u00f3w. Kieruj\u0105cy motocyklem dozna\u0142 obra\u017ce\u0144 cia\u0142a.<\/p>\n<p><strong>21 marca w m. Z\u0142otki<\/strong> mieszkaniec pow. w\u0119growskiego b\u0119d\u0105cy w stanie nietrze\u017awo\u015bci (0,54 mg\/l alkoholu w wydychanym powietrzu) kierowa\u0142 rowerem. Na skrzy\u017cowaniu nie ust\u0105pi\u0142 pierwsze\u0144stwa przejazdu pojazdowi Opel, w wyniku czego dosz\u0142o do zderzenia. Kieruj\u0105cy rowerem zosta\u0142 przewieziony do szpitala. Post\u0119powanie prowadzi KP w \u0141ochowie.<\/p>\n<p>22 marca w m. Drgicz mieszkanka pow. legionowskiego b\u0119d\u0105c w stanie nietrze\u017awo\u015bci (0,69 mg\/l alkoholu w wydychanym powietrzu) kierowa\u0142a pojazdem marki Opel. \u00a0Doprowadzi\u0142a do zderzenia uderzaj\u0105c w bok wyprzedzaj\u0105cego j\u0105 prawid\u0142owo pojazdu marki VW. Post\u0119powanie prowadzi KP w \u0141ochowie.<\/p>\n<p><strong>Apelujemy do wszystkich uczestnik\u00f3w ruchu drogowego o rozwag\u0119 i ostro\u017cno\u015b\u0107 na drodze. Szczeg\u00f3lnie o jazd\u0119 zgodn\u0105 z przepisami ruchu i zdrowym rozs\u0105dkiem.<\/strong><strong>\u00a0<\/strong><\/p>\n<p><strong>sier\u017c. sztab. Monika Ksi\u0119\u017copolska<\/strong><\/p>\n","protected":false},"excerpt":{"rendered":"<p>W ostatnich dniach na terenie powiatu w\u0119growskiego dosz\u0142o do zdarze\u0144 drogowych. Policjanci apeluj\u0105 o ostro\u017cno\u015b\u0107 i rozwag\u0119 na drodze.<\/p>\n","protected":false},"author":1,"featured_media":0,"comment_status":"closed","ping_status":"closed","sticky":false,"template":"","format":"standard","meta":{"footnotes":""},"categories":[5,266,4],"tags":[261,3174],"class_list":["post-22016","post","type-post","status-publish","format-standard","hentry","category-newsy","category-policja-policja-straz-pozarna-pogotowie-ratunkowe","category-policja-straz-pozarna-pogotowie-ratunkowe","tag-komenda-powiatowa-policji-w-wegrowie","tag-kronika-policyjna"],"views":2745,"_links":{"self":[{"href":"http:\/\/info.sadowne.pl\/index.php?rest_route=\/wp\/v2\/posts\/22016","targetHints":{"allow":["GET"]}}],"collection":[{"href":"http:\/\/info.sadowne.pl\/index.php?rest_route=\/wp\/v2\/posts"}],"about":[{"href":"http:\/\/info.sadowne.pl\/index.php?rest_route=\/wp\/v2\/types\/post"}],"author":[{"embeddable":true,"href":"http:\/\/info.sadowne.pl\/index.php?rest_route=\/wp\/v2\/users\/1"}],"replies":[{"embeddable":true,"href":"http:\/\/info.sadowne.pl\/index.php?rest_route=%2Fwp%2Fv2%2Fcomments&post=22016"}],"version-history":[{"count":1,"href":"http:\/\/info.sadowne.pl\/index.php?rest_route=\/wp\/v2\/posts\/22016\/revisions"}],"predecessor-version":[{"id":22017,"href":"http:\/\/info.sadowne.pl\/index.php?rest_route=\/wp\/v2\/posts\/22016\/revisions\/22017"}],"wp:attachment":[{"href":"http:\/\/info.sadowne.pl\/index.php?rest_route=%2Fwp%2Fv2%2Fmedia&parent=22016"}],"wp:term":[{"taxonomy":"category","embeddable":true,"href":"http:\/\/info.sadowne.pl\/index.php?rest_route=%2Fwp%2Fv2%2Fcategories&post=22016"},{"taxonomy":"post_tag","embeddable":true,"href":"http:\/\/info.sadowne.pl\/index.php?rest_route=%2Fwp%2Fv2%2Ftags&post=22016"}],"curies":[{"name":"wp","href":"https:\/\/api.w.org\/{rel}","templated":true}]}}