{"id":22065,"date":"2020-03-30T13:17:14","date_gmt":"2020-03-30T11:17:14","guid":{"rendered":"http:\/\/info.sadowne.pl\/?p=22065"},"modified":"2020-03-30T13:17:14","modified_gmt":"2020-03-30T11:17:14","slug":"kronika-policyjna-25-28-marca","status":"publish","type":"post","link":"http:\/\/info.sadowne.pl\/?p=22065","title":{"rendered":"Kronika policyjna &#8211; 25-28 marca"},"content":{"rendered":"<p><strong><a href=\"http:\/\/info.sadowne.pl\/wp-content\/uploads\/2015\/04\/komisariat-3.jpg\"><img loading=\"lazy\" decoding=\"async\" class=\"alignleft size-thumbnail wp-image-8553\" src=\"http:\/\/info.sadowne.pl\/wp-content\/uploads\/2015\/04\/komisariat-3-180x130.jpg\" alt=\"\" width=\"180\" height=\"130\" \/><\/a>W ostatnich dniach na terenie powiatu w\u0119growskiego dosz\u0142o do zdarze\u0144 drogowych. Policjanci apeluj\u0105 o ostro\u017cno\u015b\u0107 i rozwag\u0119 na drodze.<\/strong><!--more--><\/p>\n<p>25 marca w m. W\u0119gr\u00f3w na ul. Ko\u015bciuszki mieszkaniec pow. piaseczy\u0144skiego, kieruj\u0105c pojazdem ci\u0119\u017carowym marki Volvo w trakcie manewru cofania uderzy\u0142 w s\u0142up energetyczny. Nikt nie dozna\u0142 obra\u017ce\u0144.<\/p>\n<p>27 marca w m. W\u0119gr\u00f3w mieszkanka pow. soko\u0142owskiego, kieruj\u0105c pojazdem marki Skoda podczas manewru cofania zderzy\u0142a si\u0119 z pojazdem marki Dacia, kt\u00f3rego kieruj\u0105cy r\u00f3wnie\u017c wykonywa\u0142 manewr cofania. Nikt nie dozna\u0142 obra\u017ce\u0144.<\/p>\n<p><strong>28 marca w m. Sadowne<\/strong> obywatel Litwy, kieruj\u0105c samochodem ci\u0119\u017carowym marki MAN nie zachowa\u0142 nale\u017cytej ostro\u017cno\u015bci od poprzedzaj\u0105cego go pojazdu, w wyniku czego najecha\u0142 na ty\u0142 pojazdu VW. Nikt nie dozna\u0142 obra\u017ce\u0144.<\/p>\n<p>Apelujemy do wszystkich uczestnik\u00f3w ruchu drogowego o rozwag\u0119 i ostro\u017cno\u015b\u0107 na drodze. Szczeg\u00f3lnie o jazd\u0119 zgodn\u0105 z przepisami ruchu i zdrowym rozs\u0105dkiem.<\/p>\n<p><strong>sier\u017c. sztab. Monika Ksi\u0119\u017copolska<\/strong><\/p>\n","protected":false},"excerpt":{"rendered":"<p>W ostatnich dniach na terenie powiatu w\u0119growskiego dosz\u0142o do zdarze\u0144 drogowych. Policjanci apeluj\u0105 o ostro\u017cno\u015b\u0107 i rozwag\u0119 na drodze.<\/p>\n","protected":false},"author":1,"featured_media":0,"comment_status":"closed","ping_status":"closed","sticky":false,"template":"","format":"standard","meta":{"footnotes":""},"categories":[5,266,4],"tags":[261,2514],"class_list":["post-22065","post","type-post","status-publish","format-standard","hentry","category-newsy","category-policja-policja-straz-pozarna-pogotowie-ratunkowe","category-policja-straz-pozarna-pogotowie-ratunkowe","tag-komenda-powiatowa-policji-w-wegrowie","tag-zdarzenia-drogowe-w-powiecie-wegrowskim"],"views":2469,"_links":{"self":[{"href":"http:\/\/info.sadowne.pl\/index.php?rest_route=\/wp\/v2\/posts\/22065","targetHints":{"allow":["GET"]}}],"collection":[{"href":"http:\/\/info.sadowne.pl\/index.php?rest_route=\/wp\/v2\/posts"}],"about":[{"href":"http:\/\/info.sadowne.pl\/index.php?rest_route=\/wp\/v2\/types\/post"}],"author":[{"embeddable":true,"href":"http:\/\/info.sadowne.pl\/index.php?rest_route=\/wp\/v2\/users\/1"}],"replies":[{"embeddable":true,"href":"http:\/\/info.sadowne.pl\/index.php?rest_route=%2Fwp%2Fv2%2Fcomments&post=22065"}],"version-history":[{"count":1,"href":"http:\/\/info.sadowne.pl\/index.php?rest_route=\/wp\/v2\/posts\/22065\/revisions"}],"predecessor-version":[{"id":22066,"href":"http:\/\/info.sadowne.pl\/index.php?rest_route=\/wp\/v2\/posts\/22065\/revisions\/22066"}],"wp:attachment":[{"href":"http:\/\/info.sadowne.pl\/index.php?rest_route=%2Fwp%2Fv2%2Fmedia&parent=22065"}],"wp:term":[{"taxonomy":"category","embeddable":true,"href":"http:\/\/info.sadowne.pl\/index.php?rest_route=%2Fwp%2Fv2%2Fcategories&post=22065"},{"taxonomy":"post_tag","embeddable":true,"href":"http:\/\/info.sadowne.pl\/index.php?rest_route=%2Fwp%2Fv2%2Ftags&post=22065"}],"curies":[{"name":"wp","href":"https:\/\/api.w.org\/{rel}","templated":true}]}}