{"id":22082,"date":"2020-04-01T15:07:44","date_gmt":"2020-04-01T13:07:44","guid":{"rendered":"http:\/\/info.sadowne.pl\/?p=22082"},"modified":"2020-04-01T15:07:44","modified_gmt":"2020-04-01T13:07:44","slug":"75-lat-lo-w-sadownem","status":"publish","type":"post","link":"http:\/\/info.sadowne.pl\/?p=22082","title":{"rendered":"75 lat LO w Sadownem"},"content":{"rendered":"<p><strong><a href=\"http:\/\/info.sadowne.pl\/wp-content\/uploads\/2015\/03\/szkola5.jpg\" target=\"_blank\" rel=\"noopener noreferrer\"><img loading=\"lazy\" decoding=\"async\" class=\"alignleft wp-image-8026 size-thumbnail\" src=\"http:\/\/info.sadowne.pl\/wp-content\/uploads\/2015\/03\/szkola5-180x130.jpg\" alt=\"\" width=\"180\" height=\"130\" \/><\/a>Na razie musimy pozosta\u0107 w domach, ale Liceum Og\u00f3lnokszta\u0142c\u0105ce im. W. Orkana w Sadownem ju\u017c planuje i zaprasza na kolejny Zjazd Absolwent\u00f3w. Miejmy nadziej\u0119, \u017ce odb\u0119dzie si\u0119 on jesieni\u0105 tego roku. <\/strong><!--more--><\/p>\n<p>A oto komunikat ze strony szko\u0142y, na razie z pro\u015bb\u0105 o przesy\u0142anie materia\u0142\u00f3w dot. naszego Liceum.<\/p>\n<p><em>W zwi\u0105zku ze zbli\u017caj\u0105cym si\u0119 terminem kolejnego Zjazdu Absolwent\u00f3w Liceum Og\u00f3lnokszta\u0142c\u0105cego im. W. Orkana w Sadownem pragniemy zach\u0119ci\u0107 wszystkich absolwent\u00f3w do w\u0142\u0105czenia si\u0119 w akcj\u0119 gromadzenia materia\u0142\u00f3w: zdj\u0119\u0107 (wraz z opisem), ciekawych wspomnie\u0144 i\u00a0 anegdot zwi\u0105zanych z nasz\u0105 szko\u0142\u0105. Chcemy, \u017ceby\u015bcie byli wsp\u00f3\u0142autorami publikacji po\u015bwi\u0119conej\u00a0 temu wydarzeniu.\u00a0 Spotkamy si\u0119 jesieni\u0105, ale ju\u017c dzi\u015b warto dzieli\u0107 si\u0119 wspomnieniami o tych, kt\u00f3rzy tworzyli histori\u0119 tej szko\u0142y. Prosimy o przesy\u0142anie informacji\u2026\u00a0 Z g\u00f3ry dzi\u0119kujemy za wsp\u00f3\u0142prac\u0119.\u00a0 \u00a0<\/em><\/p>\n<p><strong>Zapraszamy te\u017c na stron\u0119 szko\u0142y &#8211; <span style=\"color: #0000ff;\"><a style=\"color: #0000ff;\" href=\"http:\/\/www.liceumsadowne.pl\/\" target=\"_blank\" rel=\"noopener noreferrer\">http:\/\/www.liceumsadowne.pl\/<\/a><\/span><\/strong><\/p>\n","protected":false},"excerpt":{"rendered":"<p>Na razie musimy pozosta\u0107 w domach, ale Liceum Og\u00f3lnokszta\u0142c\u0105ce im. W. Orkana w Sadownem ju\u017c planuje i zaprasza na kolejny Zjazd Absolwent\u00f3w. Miejmy nadziej\u0119, \u017ce odb\u0119dzie si\u0119 on jesieni\u0105 tego roku.<\/p>\n","protected":false},"author":1,"featured_media":0,"comment_status":"closed","ping_status":"closed","sticky":false,"template":"","format":"standard","meta":{"footnotes":""},"categories":[5,1752,85],"tags":[3344,1233,1537],"class_list":["post-22082","post","type-post","status-publish","format-standard","hentry","category-newsy","category-edukacja","category-zsp","tag-75-lat-lo-w-sadownem","tag-liceum-ogolnoksztalcace-im-w-orkana-w-sadownem","tag-zsp-w-sadownem"],"views":3460,"_links":{"self":[{"href":"http:\/\/info.sadowne.pl\/index.php?rest_route=\/wp\/v2\/posts\/22082","targetHints":{"allow":["GET"]}}],"collection":[{"href":"http:\/\/info.sadowne.pl\/index.php?rest_route=\/wp\/v2\/posts"}],"about":[{"href":"http:\/\/info.sadowne.pl\/index.php?rest_route=\/wp\/v2\/types\/post"}],"author":[{"embeddable":true,"href":"http:\/\/info.sadowne.pl\/index.php?rest_route=\/wp\/v2\/users\/1"}],"replies":[{"embeddable":true,"href":"http:\/\/info.sadowne.pl\/index.php?rest_route=%2Fwp%2Fv2%2Fcomments&post=22082"}],"version-history":[{"count":1,"href":"http:\/\/info.sadowne.pl\/index.php?rest_route=\/wp\/v2\/posts\/22082\/revisions"}],"predecessor-version":[{"id":22083,"href":"http:\/\/info.sadowne.pl\/index.php?rest_route=\/wp\/v2\/posts\/22082\/revisions\/22083"}],"wp:attachment":[{"href":"http:\/\/info.sadowne.pl\/index.php?rest_route=%2Fwp%2Fv2%2Fmedia&parent=22082"}],"wp:term":[{"taxonomy":"category","embeddable":true,"href":"http:\/\/info.sadowne.pl\/index.php?rest_route=%2Fwp%2Fv2%2Fcategories&post=22082"},{"taxonomy":"post_tag","embeddable":true,"href":"http:\/\/info.sadowne.pl\/index.php?rest_route=%2Fwp%2Fv2%2Ftags&post=22082"}],"curies":[{"name":"wp","href":"https:\/\/api.w.org\/{rel}","templated":true}]}}