{"id":22112,"date":"2021-11-29T20:42:38","date_gmt":"2021-11-29T19:42:38","guid":{"rendered":"http:\/\/info.sadowne.pl\/?p=22112"},"modified":"2021-11-29T20:49:58","modified_gmt":"2021-11-29T19:49:58","slug":"odwiedzmy-strone-parafii-w-sadownem","status":"publish","type":"post","link":"http:\/\/info.sadowne.pl\/?p=22112","title":{"rendered":"Uwaga! Strona Parafii Sadowne ponownie dzia\u0142a!"},"content":{"rendered":"<p><strong><a href=\"http:\/\/info.sadowne.pl\/wp-content\/uploads\/2020\/04\/parafia.jpg\" target=\"_blank\" rel=\"noopener noreferrer\"><img loading=\"lazy\" decoding=\"async\" class=\"alignleft wp-image-22113 size-thumbnail\" src=\"http:\/\/info.sadowne.pl\/wp-content\/uploads\/2020\/04\/parafia-180x130.jpg\" alt=\"\" width=\"180\" height=\"130\" \/><\/a>Facebook daje wiele mo\u017cliwo\u015bci \u2013 w okresie kwarantanny powsta\u0142a te\u017c strona Parafii pw. \u015bw. Jana Chrzciciela w Sadownem. Chwilowo jej nie by\u0142o, ale ju\u017c wr\u00f3ci\u0142a do nas!<\/strong><\/p>\n<p>&nbsp;<\/p>\n<p><!--more--><\/p>\n<p><b>Facebookowa strona Parafii Sadowne chwilowo nie dzia\u0142a\u0142a, ale jest ju\u017c dost\u0119pna pod adresem <span style=\"color: #0000ff;\"><a style=\"color: #0000ff;\" href=\"https:\/\/www.facebook.com\/ParafiiSadowne\" target=\"_blank\" rel=\"noopener\">https:\/\/www.facebook.com\/ParafiiSadowne<\/a><\/span>. <\/b><\/p>\n<p><b>Zapraszamy te\u017c na podstron\u0119 Diecezji Drohiczy\u0144skiej &#8211; <span style=\"color: #0000ff;\"><a style=\"color: #0000ff;\" href=\"https:\/\/drohiczynska.pl\/parafie\/sadowne-parafia-sw-jana-chrzciciela\/#o-parafii\" target=\"_blank\" rel=\"noopener\">https:\/\/drohiczynska.pl\/parafie\/sadowne-parafia-sw-jana-chrzciciela\/#o-parafii.<\/a><\/span><\/b><\/p>\n","protected":false},"excerpt":{"rendered":"<p>Facebook daje wiele mo\u017cliwo\u015bci \u2013 w okresie kwarantanny powsta\u0142a te\u017c strona Parafii pw. \u015bw. Jana Chrzciciela w Sadownem. Chwilowo jej nie by\u0142o, ale ju\u017c wr\u00f3ci\u0142a do nas! &nbsp;<\/p>\n","protected":false},"author":1,"featured_media":0,"comment_status":"closed","ping_status":"closed","sticky":false,"template":"","format":"standard","meta":{"footnotes":""},"categories":[5,1],"tags":[3348,2199],"class_list":["post-22112","post","type-post","status-publish","format-standard","hentry","category-newsy","category-inne","tag-facebook-parafii-w-sadownem","tag-parafia-pw-sw-jana-chrzciciela-w-sadownem"],"views":12904,"_links":{"self":[{"href":"http:\/\/info.sadowne.pl\/index.php?rest_route=\/wp\/v2\/posts\/22112","targetHints":{"allow":["GET"]}}],"collection":[{"href":"http:\/\/info.sadowne.pl\/index.php?rest_route=\/wp\/v2\/posts"}],"about":[{"href":"http:\/\/info.sadowne.pl\/index.php?rest_route=\/wp\/v2\/types\/post"}],"author":[{"embeddable":true,"href":"http:\/\/info.sadowne.pl\/index.php?rest_route=\/wp\/v2\/users\/1"}],"replies":[{"embeddable":true,"href":"http:\/\/info.sadowne.pl\/index.php?rest_route=%2Fwp%2Fv2%2Fcomments&post=22112"}],"version-history":[{"count":4,"href":"http:\/\/info.sadowne.pl\/index.php?rest_route=\/wp\/v2\/posts\/22112\/revisions"}],"predecessor-version":[{"id":25298,"href":"http:\/\/info.sadowne.pl\/index.php?rest_route=\/wp\/v2\/posts\/22112\/revisions\/25298"}],"wp:attachment":[{"href":"http:\/\/info.sadowne.pl\/index.php?rest_route=%2Fwp%2Fv2%2Fmedia&parent=22112"}],"wp:term":[{"taxonomy":"category","embeddable":true,"href":"http:\/\/info.sadowne.pl\/index.php?rest_route=%2Fwp%2Fv2%2Fcategories&post=22112"},{"taxonomy":"post_tag","embeddable":true,"href":"http:\/\/info.sadowne.pl\/index.php?rest_route=%2Fwp%2Fv2%2Ftags&post=22112"}],"curies":[{"name":"wp","href":"https:\/\/api.w.org\/{rel}","templated":true}]}}