{"id":22130,"date":"2020-04-16T15:24:06","date_gmt":"2020-04-16T13:24:06","guid":{"rendered":"http:\/\/info.sadowne.pl\/?p=22130"},"modified":"2020-04-16T15:24:06","modified_gmt":"2020-04-16T13:24:06","slug":"w-gok-u-szyja-maseczki","status":"publish","type":"post","link":"http:\/\/info.sadowne.pl\/?p=22130","title":{"rendered":"W GOK-u szyj\u0105 maseczki"},"content":{"rendered":"<p><strong><a href=\"http:\/\/info.sadowne.pl\/wp-content\/uploads\/2020\/04\/2020.04.16.6.jpeg\" target=\"_blank\" rel=\"noopener noreferrer\"><img loading=\"lazy\" decoding=\"async\" class=\"alignleft wp-image-22131 size-thumbnail\" src=\"http:\/\/info.sadowne.pl\/wp-content\/uploads\/2020\/04\/2020.04.16.6-180x130.jpeg\" alt=\"\" width=\"180\" height=\"130\" \/><\/a>Gminny O\u015brodek Kultury w Sadownem w\u0142\u0105czy\u0142 si\u0119 w akcj\u0119 szycia maseczek ochronnych.<\/strong><!--more--><\/p>\n<p>Od dzisiaj (16 kwietnia) w zwi\u0105zku z epidemi\u0105 koronawirusa wszed\u0142 obowi\u0105zek zakrywania ust i nosa. W tym celu potrzebne s\u0105 wszystkim maseczki ochronne, ale nie wszyscy zaopatrzyli si\u0119 w nie lub maj\u0105 problem z dost\u0119pem do nich. St\u0105d og\u00f3lnokrajowa, spo\u0142eczna akcja szycia maseczek jednorazowych i wielokrotnego u\u017cytku.<\/p>\n<p><a href=\"http:\/\/info.sadowne.pl\/wp-content\/uploads\/2020\/04\/2020.04.16.5.jpeg\" target=\"_blank\" rel=\"noopener noreferrer\"><img loading=\"lazy\" decoding=\"async\" class=\"alignright wp-image-22132 size-medium\" src=\"http:\/\/info.sadowne.pl\/wp-content\/uploads\/2020\/04\/2020.04.16.5-300x216.jpeg\" alt=\"\" width=\"300\" height=\"216\" srcset=\"http:\/\/info.sadowne.pl\/wp-content\/uploads\/2020\/04\/2020.04.16.5-300x216.jpeg 300w, http:\/\/info.sadowne.pl\/wp-content\/uploads\/2020\/04\/2020.04.16.5-180x130.jpeg 180w, http:\/\/info.sadowne.pl\/wp-content\/uploads\/2020\/04\/2020.04.16.5.jpeg 720w\" sizes=\"auto, (max-width: 300px) 100vw, 300px\" \/><\/a>Do akcji szycia maseczek na potrzeby Gminy Sadowne do\u0142\u0105czy\u0142y sadowie\u0144skie plac\u00f3wki kultury, kt\u00f3rych dzia\u0142alno\u015b\u0107 statutowa zosta\u0142a wcze\u015bniej zawieszona do odwo\u0142ania.<\/p>\n<p>Od kilku dni pracownicy Gminnego O\u015brodka Kultury w Sadownem i Gminnej Biblioteki Publicznej w Sadownem po kilka godzin sp\u0119dzaj\u0105 na realizacji nowego zaj\u0119cia \u2013 szycia maseczek.<\/p>\n<p><a href=\"http:\/\/info.sadowne.pl\/wp-content\/uploads\/2020\/04\/2020.04.16.7.jpeg\" target=\"_blank\" rel=\"noopener noreferrer\"><img loading=\"lazy\" decoding=\"async\" class=\"alignleft wp-image-22133 size-medium\" src=\"http:\/\/info.sadowne.pl\/wp-content\/uploads\/2020\/04\/2020.04.16.7-225x300.jpeg\" alt=\"\" width=\"225\" height=\"300\" srcset=\"http:\/\/info.sadowne.pl\/wp-content\/uploads\/2020\/04\/2020.04.16.7-225x300.jpeg 225w, http:\/\/info.sadowne.pl\/wp-content\/uploads\/2020\/04\/2020.04.16.7.jpeg 524w\" sizes=\"auto, (max-width: 225px) 100vw, 225px\" \/><\/a>Akcj\u0119 koordynuje Zast\u0119pca W\u00f3jta Gminy Sadowne p. Marcin Gr\u0119da, a maseczki? Wkr\u00f3tce trafi\u0105 do wszystkich potrzebuj\u0105cych\u2026<\/p>\n<p>W imieniu potrzebuj\u0105cych \u201eochrony\u201d przed zaraz\u0105, dzi\u0119kujemy\u2026 pami\u0119tajcie, \u017ce dobro wraca ze zdwojon\u0105 si\u0142\u0105\u2026<\/p>\n<p><strong>Tekst:<\/strong> S\u0142awek Chyli\u0144ski<\/p>\n<p><strong>Foto:<\/strong> GOK Sadowne<\/p>\n","protected":false},"excerpt":{"rendered":"<p>Gminny O\u015brodek Kultury w Sadownem w\u0142\u0105czy\u0142 si\u0119 w akcj\u0119 szycia maseczek ochronnych.<\/p>\n","protected":false},"author":1,"featured_media":0,"comment_status":"closed","ping_status":"closed","sticky":false,"template":"","format":"standard","meta":{"footnotes":""},"categories":[5,2149,91,6],"tags":[3354,113,169,3353],"class_list":["post-22130","post","type-post","status-publish","format-standard","hentry","category-newsy","category-gminna-biblioteka-publiczna","category-gminny-osrodek-kultury","category-kultura-rozrywka-edukacja","tag-epidemia-koronawirusa","tag-gminna-biblioteka-publiczna-w-sadownem","tag-gminny-osrodek-kultury-w-sadownem","tag-szycie-maseczek-ochronnych"],"views":2791,"_links":{"self":[{"href":"http:\/\/info.sadowne.pl\/index.php?rest_route=\/wp\/v2\/posts\/22130","targetHints":{"allow":["GET"]}}],"collection":[{"href":"http:\/\/info.sadowne.pl\/index.php?rest_route=\/wp\/v2\/posts"}],"about":[{"href":"http:\/\/info.sadowne.pl\/index.php?rest_route=\/wp\/v2\/types\/post"}],"author":[{"embeddable":true,"href":"http:\/\/info.sadowne.pl\/index.php?rest_route=\/wp\/v2\/users\/1"}],"replies":[{"embeddable":true,"href":"http:\/\/info.sadowne.pl\/index.php?rest_route=%2Fwp%2Fv2%2Fcomments&post=22130"}],"version-history":[{"count":1,"href":"http:\/\/info.sadowne.pl\/index.php?rest_route=\/wp\/v2\/posts\/22130\/revisions"}],"predecessor-version":[{"id":22134,"href":"http:\/\/info.sadowne.pl\/index.php?rest_route=\/wp\/v2\/posts\/22130\/revisions\/22134"}],"wp:attachment":[{"href":"http:\/\/info.sadowne.pl\/index.php?rest_route=%2Fwp%2Fv2%2Fmedia&parent=22130"}],"wp:term":[{"taxonomy":"category","embeddable":true,"href":"http:\/\/info.sadowne.pl\/index.php?rest_route=%2Fwp%2Fv2%2Fcategories&post=22130"},{"taxonomy":"post_tag","embeddable":true,"href":"http:\/\/info.sadowne.pl\/index.php?rest_route=%2Fwp%2Fv2%2Ftags&post=22130"}],"curies":[{"name":"wp","href":"https:\/\/api.w.org\/{rel}","templated":true}]}}