{"id":22147,"date":"2020-04-18T16:42:51","date_gmt":"2020-04-18T14:42:51","guid":{"rendered":"http:\/\/info.sadowne.pl\/?p=22147"},"modified":"2020-04-18T16:42:51","modified_gmt":"2020-04-18T14:42:51","slug":"nie-lekcewazmy-zagrozenia","status":"publish","type":"post","link":"http:\/\/info.sadowne.pl\/?p=22147","title":{"rendered":"Nie lekcewa\u017cmy zagro\u017cenia!"},"content":{"rendered":"<p><strong><a href=\"http:\/\/info.sadowne.pl\/wp-content\/uploads\/2020\/04\/2020.04.18.1.jpg\" target=\"_blank\" rel=\"noopener noreferrer\"><img loading=\"lazy\" decoding=\"async\" class=\"alignleft wp-image-22148 size-thumbnail\" src=\"http:\/\/info.sadowne.pl\/wp-content\/uploads\/2020\/04\/2020.04.18.1-180x130.jpg\" alt=\"\" width=\"180\" height=\"130\" \/><\/a>Od miesi\u0105ca, w zwi\u0105zku z pandemi\u0105 koronawirusa, wszyscy apeluj\u0105 o rozwag\u0119 i stosowanie si\u0119 do nakaz\u00f3w. Tym razem mam na my\u015bli obiekty sportowo \u2013 rekreacyjne na terenie gminy Sadowne.<\/strong><!--more--><\/p>\n<p><strong>W zwi\u0105zku z zagro\u017ceniem epidemicznym koronawirusa w Polsce wprowadzono m.in. zakaz korzystania z plac\u00f3w zabaw, si\u0142owni plenerowych i innych obiekt\u00f3w sportowo \u2013 rekreacyjnych. <\/strong>W trosce o zdrowie mieszka\u0144c\u00f3w, a szczeg\u00f3lnie dzieci, wszystkie tego rodzaju obiekty we w\u0142a\u015bciwy spos\u00f3b zabezpieczono (lub powinny by\u0107 zabezpieczone) przed niepowo\u0142anym korzystaniem i obj\u0119to w\u0142a\u015bciwym nadzorem.<\/p>\n<p>Obecnie przebywanie w t\u0142umie ludzi sprzyja rozprzestrzenianiu si\u0119 koronawirusa, ale je\u015bli musimy jednak wyj\u015b\u0107 z domu, zw\u0142aszcza z dzieckiem, to unikajmy miejsc, w kt\u00f3rych znajduj\u0105 si\u0119 inne osoby, g\u0142\u00f3wnie tych wy\u0142\u0105czonych z funkcjonowania, jakimi s\u0105 place zabaw.<\/p>\n<p><strong><a href=\"http:\/\/info.sadowne.pl\/wp-content\/uploads\/2020\/04\/2020.04.18.2.jpg\" target=\"_blank\" rel=\"noopener noreferrer\"><img loading=\"lazy\" decoding=\"async\" class=\"alignright wp-image-22149 size-medium\" src=\"http:\/\/info.sadowne.pl\/wp-content\/uploads\/2020\/04\/2020.04.18.2-300x225.jpg\" alt=\"\" width=\"300\" height=\"225\" srcset=\"http:\/\/info.sadowne.pl\/wp-content\/uploads\/2020\/04\/2020.04.18.2-300x225.jpg 300w, http:\/\/info.sadowne.pl\/wp-content\/uploads\/2020\/04\/2020.04.18.2-768x576.jpg 768w, http:\/\/info.sadowne.pl\/wp-content\/uploads\/2020\/04\/2020.04.18.2.jpg 778w\" sizes=\"auto, (max-width: 300px) 100vw, 300px\" \/><\/a>Zastan\u00f3wmy si\u0119, jak zrozumie\u0107 ludzi<\/strong>, dla kt\u00f3rych w\u0142asne lub innych zdrowie nie jest wa\u017cne, kt\u00f3rych od z\u0142amania odg\u00f3rnych nakaz\u00f3w nie odstraszaj\u0105 nawet mandaty czy kary wysokiej grzywny? Jest to niepoj\u0119te, brak s\u0142\u00f3w pod adresem takich ignorant\u00f3w\u2026<\/p>\n<p><strong>W czym rzecz?<\/strong> Ot\u00f3\u017c zalecono zabezpieczenia wspomnianych wy\u017cej obiekt\u00f3w, ale czy zrealizowano je prawid\u0142owo i czy obowi\u0105zuj\u0105ce zasady s\u0105 przestrzegane przez wszystkich? Chyba nie! Zw\u0142aszcza <strong>dotyczy to plac\u00f3w zabaw na terenie gminy Sadowne\u2026<\/strong><\/p>\n<p><strong>Czy wszystkie z nich obecnie posiadaj\u0105 w\u0142a\u015bciwe zabezpieczenia, ogrodzenia, stosowne blokady wej\u015b\u0107 g\u0142\u00f3wnych? Czy s\u0105 faktycznie zamkni\u0119te lub kto je stale nadzoruje i posiada klucze na wy\u0142\u0105czno\u015b\u0107?<\/strong> Dobrze by\u0142oby to sprawdzi\u0107, bo \u2013 jak informuj\u0105 mieszka\u0144cy gminy \u2013 cz\u0119sto place zabaw s\u0105 u\u017cytkowane przez dzieci, kt\u00f3rym daleko do przestrzegania zakazu grupowania si\u0119.<\/p>\n<p><strong><a href=\"http:\/\/info.sadowne.pl\/wp-content\/uploads\/2020\/04\/2020.04.18.3.jpg\" target=\"_blank\" rel=\"noopener noreferrer\"><img loading=\"lazy\" decoding=\"async\" class=\"alignleft wp-image-22150 size-medium\" src=\"http:\/\/info.sadowne.pl\/wp-content\/uploads\/2020\/04\/2020.04.18.3-300x225.jpg\" alt=\"\" width=\"300\" height=\"225\" srcset=\"http:\/\/info.sadowne.pl\/wp-content\/uploads\/2020\/04\/2020.04.18.3-300x225.jpg 300w, http:\/\/info.sadowne.pl\/wp-content\/uploads\/2020\/04\/2020.04.18.3-768x576.jpg 768w, http:\/\/info.sadowne.pl\/wp-content\/uploads\/2020\/04\/2020.04.18.3.jpg 778w\" sizes=\"auto, (max-width: 300px) 100vw, 300px\" \/><\/a>I jeszcze jedno \u2013 co z poruszaniem poza domem ma\u0142ych dzieci bez opieki doros\u0142ych? Powiemy, \u017ce Policja ich nie z\u0142apie. <\/strong>Ale, nie o to chodzi, a o ich zdrowie oraz Wasze, drodzy Rodzice, drodzy Doro\u015bli, kt\u00f3rym bez Waszej wiedzy, Wasze pociechy przynios\u0105 do domu niechcianego \u201ego\u015bcia\u201d. Kogo b\u0119dziecie wtedy oskar\u017ca\u0107 o zachorowanie, a nie daj Bo\u017ce\u2026 zej\u015bcie z tego \u015bwiata.<\/p>\n<p><strong>Brzydko to brzmi, ale tak to trzeba nazwa\u0107.<\/strong> Rozejrzyjcie si\u0119 wok\u00f3\u0142 siebie, a posiadaj\u0105cych nadz\u00f3r nad obiektami sportowo \u2013 rekreacyjnymi prosz\u0119 o rozs\u0105dek i w\u0142a\u015bciwe wykonywanie swoich obowi\u0105zk\u00f3w wchodz\u0105cych w sk\u0142ad systemu ochrony lokalnej spo\u0142eczno\u015bci. I nie chodzi o kary, a o \u201eczyste sumienie\u201d\u2026<\/p>\n<p><strong>Tekst\/foto:<\/strong> S\u0142awek Chyli\u0144ski<\/p>\n","protected":false},"excerpt":{"rendered":"<p>Od miesi\u0105ca, w zwi\u0105zku z pandemi\u0105 koronawirusa, wszyscy apeluj\u0105 o rozwag\u0119 i stosowanie si\u0119 do nakaz\u00f3w. Tym razem mam na my\u015bli obiekty sportowo \u2013 rekreacyjne na terenie gminy Sadowne.<\/p>\n","protected":false},"author":1,"featured_media":0,"comment_status":"closed","ping_status":"closed","sticky":false,"template":"","format":"standard","meta":{"footnotes":""},"categories":[5,1,2449],"tags":[3354,1827,3357],"class_list":["post-22147","post","type-post","status-publish","format-standard","hentry","category-newsy","category-inne","category-mieszkancy-pytaja","tag-epidemia-koronawirusa","tag-gmina-sadowne","tag-zamkniecie-placow-zabaw"],"views":2508,"_links":{"self":[{"href":"http:\/\/info.sadowne.pl\/index.php?rest_route=\/wp\/v2\/posts\/22147","targetHints":{"allow":["GET"]}}],"collection":[{"href":"http:\/\/info.sadowne.pl\/index.php?rest_route=\/wp\/v2\/posts"}],"about":[{"href":"http:\/\/info.sadowne.pl\/index.php?rest_route=\/wp\/v2\/types\/post"}],"author":[{"embeddable":true,"href":"http:\/\/info.sadowne.pl\/index.php?rest_route=\/wp\/v2\/users\/1"}],"replies":[{"embeddable":true,"href":"http:\/\/info.sadowne.pl\/index.php?rest_route=%2Fwp%2Fv2%2Fcomments&post=22147"}],"version-history":[{"count":1,"href":"http:\/\/info.sadowne.pl\/index.php?rest_route=\/wp\/v2\/posts\/22147\/revisions"}],"predecessor-version":[{"id":22151,"href":"http:\/\/info.sadowne.pl\/index.php?rest_route=\/wp\/v2\/posts\/22147\/revisions\/22151"}],"wp:attachment":[{"href":"http:\/\/info.sadowne.pl\/index.php?rest_route=%2Fwp%2Fv2%2Fmedia&parent=22147"}],"wp:term":[{"taxonomy":"category","embeddable":true,"href":"http:\/\/info.sadowne.pl\/index.php?rest_route=%2Fwp%2Fv2%2Fcategories&post=22147"},{"taxonomy":"post_tag","embeddable":true,"href":"http:\/\/info.sadowne.pl\/index.php?rest_route=%2Fwp%2Fv2%2Ftags&post=22147"}],"curies":[{"name":"wp","href":"https:\/\/api.w.org\/{rel}","templated":true}]}}