{"id":2222,"date":"2013-06-12T20:26:03","date_gmt":"2013-06-12T18:26:03","guid":{"rendered":"http:\/\/www.infosadowne.boo.pl\/?p=2222"},"modified":"2016-08-30T18:36:58","modified_gmt":"2016-08-30T16:36:58","slug":"deszcz-ich-nie-pokonal","status":"publish","type":"post","link":"http:\/\/info.sadowne.pl\/?p=2222","title":{"rendered":"Deszcz ich nie pokona\u0142"},"content":{"rendered":"<p style=\"text-align: justify;\"><strong><img loading=\"lazy\" decoding=\"async\" class=\"alignleft size-thumbnail wp-image-2223\" alt=\"2013.06.12.2\" src=\"http:\/\/www.info.sadowne.pl\/wp-content\/uploads\/2013\/06\/2013.06.12.2-180x130.jpg\" width=\"180\" height=\"130\" \/>W deszczowe popo\u0142udnie 10 czerwca pracownicy naszej Biblioteki Publicznej oraz mi\u0142o\u015bnicy s\u0142owa pisanego wzi\u0119li udzia\u0142 w rajdzie rowerowym \u201eOdjazdowy bibliotekarz\u201d.<!--more--><\/strong><\/p>\n<p style=\"text-align: justify;\">Odwiedzaj\u0105c filie biblioteki oraz zwiedzaj\u0105c ciekawe miejsca na kilkunastokilometrowej trasie Sadowne \u2013 Morzyczyn \u2013 Zarzetka &#8211; Sadowne, rowerzy\u015bci dotarli do polany le\u015bnej Ko\u0142a \u0141owieckiego \u201eKSZYK\u201d, gdzie oczekiwa\u0142 na nich zas\u0142u\u017cony pocz\u0119stunek. Pomimo niepogody, chyba warto by\u0142o zaryzykowa\u0107 pokonanie tej trasy.<\/p>\n<p style=\"text-align: justify;\">\n<p style=\"text-align: justify;\"><strong>\u0179r\u00f3d\u0142o:<\/strong> <a href=\"http:\/\/www.gbpsadowne.pl\" target=\"_blank\">www.gbpsadowne.pl<\/a><\/p>\n","protected":false},"excerpt":{"rendered":"<p>W deszczowe popo\u0142udnie 10 czerwca pracownicy naszej Biblioteki Publicznej oraz mi\u0142o\u015bnicy s\u0142owa pisanego wzi\u0119li udzia\u0142 w rajdzie rowerowym \u201eOdjazdowy bibliotekarz\u201d.<\/p>\n","protected":false},"author":1,"featured_media":0,"comment_status":"open","ping_status":"open","sticky":false,"template":"","format":"standard","meta":{"footnotes":""},"categories":[5,2149,91,6],"tags":[113,169,235],"class_list":["post-2222","post","type-post","status-publish","format-standard","hentry","category-newsy","category-gminna-biblioteka-publiczna","category-gminny-osrodek-kultury","category-kultura-rozrywka-edukacja","tag-gminna-biblioteka-publiczna-w-sadownem","tag-gminny-osrodek-kultury-w-sadownem","tag-rajd-rowerowy-odjazdowy-bibliotekarz-w-sadownem"],"views":2840,"_links":{"self":[{"href":"http:\/\/info.sadowne.pl\/index.php?rest_route=\/wp\/v2\/posts\/2222","targetHints":{"allow":["GET"]}}],"collection":[{"href":"http:\/\/info.sadowne.pl\/index.php?rest_route=\/wp\/v2\/posts"}],"about":[{"href":"http:\/\/info.sadowne.pl\/index.php?rest_route=\/wp\/v2\/types\/post"}],"author":[{"embeddable":true,"href":"http:\/\/info.sadowne.pl\/index.php?rest_route=\/wp\/v2\/users\/1"}],"replies":[{"embeddable":true,"href":"http:\/\/info.sadowne.pl\/index.php?rest_route=%2Fwp%2Fv2%2Fcomments&post=2222"}],"version-history":[{"count":5,"href":"http:\/\/info.sadowne.pl\/index.php?rest_route=\/wp\/v2\/posts\/2222\/revisions"}],"predecessor-version":[{"id":2965,"href":"http:\/\/info.sadowne.pl\/index.php?rest_route=\/wp\/v2\/posts\/2222\/revisions\/2965"}],"wp:attachment":[{"href":"http:\/\/info.sadowne.pl\/index.php?rest_route=%2Fwp%2Fv2%2Fmedia&parent=2222"}],"wp:term":[{"taxonomy":"category","embeddable":true,"href":"http:\/\/info.sadowne.pl\/index.php?rest_route=%2Fwp%2Fv2%2Fcategories&post=2222"},{"taxonomy":"post_tag","embeddable":true,"href":"http:\/\/info.sadowne.pl\/index.php?rest_route=%2Fwp%2Fv2%2Ftags&post=2222"}],"curies":[{"name":"wp","href":"https:\/\/api.w.org\/{rel}","templated":true}]}}