{"id":23370,"date":"2020-04-25T12:44:40","date_gmt":"2020-04-25T10:44:40","guid":{"rendered":"http:\/\/info.sadowne.pl\/?p=23370"},"modified":"2020-04-25T12:44:40","modified_gmt":"2020-04-25T10:44:40","slug":"troche-historii-na-fotografiach","status":"publish","type":"post","link":"http:\/\/info.sadowne.pl\/?p=23370","title":{"rendered":"Troch\u0119 historii\u2026 na fotografiach"},"content":{"rendered":"<p><strong><a href=\"http:\/\/info.sadowne.pl\/wp-content\/uploads\/2020\/04\/2020.04.25.1.jpg\" target=\"_blank\" rel=\"noopener noreferrer\"><img loading=\"lazy\" decoding=\"async\" class=\"alignleft wp-image-23371 size-thumbnail\" src=\"http:\/\/info.sadowne.pl\/wp-content\/uploads\/2020\/04\/2020.04.25.1-180x130.jpg\" alt=\"\" width=\"180\" height=\"130\" \/><\/a>Staramy si\u0119 jako\u015b przetrwa\u0107 pandemi\u0119 i zgodnie z zaleceniami wi\u0119cej czasu sp\u0119dzamy w domu. Ale jak ten czas spo\u017cytkowa\u0107? Mo\u017ce ogl\u0105daj\u0105c zdj\u0119cia?<\/strong><!--more--><\/p>\n<p>Na \u201ewoln\u0105\u201d chwil\u0119 przygotowa\u0142em dla Pa\u0144stwa kawa\u0142ek historii gminy Sadowne w formie katalog\u00f3w zdj\u0119\u0107, kt\u00f3re zosta\u0142y umieszczone w archiwum album\u00f3w Google i przypisane do konkretnych artyku\u0142\u00f3w strony INFO Sadowne.<\/p>\n<p>Prezentowane zdj\u0119cia obejmuj\u0105 lata 2013 \u2013 2017, a opis do nich mo\u017cna znale\u017a\u0107 na Portalu Info Sadowne, wpisuj\u0105c w ramk\u0119 obok napisu \u201eSzukaj\u201d tytu\u0142 albumu. W ten sam spos\u00f3b lub przegl\u0105daj\u0105c aktualno\u015bci mo\u017cna tak\u017ce wyszuka\u0107 artyku\u0142y opisuj\u0105ce wydarzenia, kt\u00f3re mia\u0142y miejsce na terenie gminy Sadowne po roku 2017, oczywi\u015bcie z za\u0142\u0105czonymi albumami zdj\u0119\u0107.<\/p>\n<p>Zach\u0119cam do lektury zawarto\u015bci Portalu, jak te\u017c ogl\u0105dania za\u0142\u0105czonych do artyku\u0142\u00f3w zdj\u0119\u0107 (zosta\u0142y one przywr\u00f3cone specjalnie dla Pa\u0144stwa po zmianach, jakie wprowadzi\u0142o Google). Dzi\u0119ki temu b\u0119dziemy mieli okazj\u0119 powrotu do wydarze\u0144 i chwil z \u017cycia naszej spo\u0142eczno\u015bci, ale te\u017c dojrzenia urok\u00f3w Regionu Sadowie\u0144skiego, kt\u00f3rych na co dzie\u0144 nie zauwa\u017camy. \u00a0Prezentowane albumy daj\u0105 te\u017c mo\u017cliwo\u015b\u0107 uzupe\u0142nienia prywatnych archiw\u00f3w z fotografiami\u2026<\/p>\n<p>Przy okazji, tylko jedna uwaga. B\u0119dzie wida\u0107 na zdj\u0119ciach, \u017ce Region Sadowie\u0144ski jest specyficzny, a jego po\u0142o\u017cenie, krajobrazy, flora i fauna wyj\u0105tkowe &#8211; nie bez kozery ca\u0142y obszar naszej gminy wszed\u0142 w sk\u0142ad Nadbu\u017ca\u0144skiego Parku Krajobrazowego. Szanujmy wi\u0119c to, co mamy. Nie za\u015bmiecajmy las\u00f3w, nie niszczmy zasob\u00f3w przyrody poprzez r\u00f3\u017cne nieprzemy\u015blane dzia\u0142ania, kt\u00f3rych przyk\u0142adem mo\u017ce by\u0107 np. wypalanie traw czy \u2013 m\u00f3wi\u0105c wprost \u2013 z\u0142o\u015bliwe podpalanie lasu w obr\u0119bie poszczeg\u00f3lnych miejscowo\u015bci. Prosz\u0119 Was o to!<\/p>\n<p>Wracaj\u0105c do tematu, jeszcze raz zapraszam do ogl\u0105dania album\u00f3w z fotografiami na stronie <strong><a href=\"https:\/\/get.google.com\/albumarchive\/112403282836861671980\" target=\"_blank\" rel=\"noopener noreferrer\">https:\/\/get.google.com\/albumarchive\/112403282836861671980<\/a><\/strong> oraz w Portalu Info Sadowne.<\/p>\n<p><strong>Tekst\/foto:<\/strong> S\u0142awek Chyli\u0144ski<\/p>\n","protected":false},"excerpt":{"rendered":"<p>Staramy si\u0119 jako\u015b przetrwa\u0107 pandemi\u0119 i zgodnie z zaleceniami wi\u0119cej czasu sp\u0119dzamy w domu. Ale jak ten czas spo\u017cytkowa\u0107? Mo\u017ce ogl\u0105daj\u0105c zdj\u0119cia?<\/p>\n","protected":false},"author":1,"featured_media":0,"comment_status":"closed","ping_status":"closed","sticky":false,"template":"","format":"standard","meta":{"footnotes":""},"categories":[5,1],"tags":[3358,1626],"class_list":["post-23370","post","type-post","status-publish","format-standard","hentry","category-newsy","category-inne","tag-archiwum-fotografii-info-sadowne","tag-portal-info-sadowne"],"views":2456,"_links":{"self":[{"href":"http:\/\/info.sadowne.pl\/index.php?rest_route=\/wp\/v2\/posts\/23370","targetHints":{"allow":["GET"]}}],"collection":[{"href":"http:\/\/info.sadowne.pl\/index.php?rest_route=\/wp\/v2\/posts"}],"about":[{"href":"http:\/\/info.sadowne.pl\/index.php?rest_route=\/wp\/v2\/types\/post"}],"author":[{"embeddable":true,"href":"http:\/\/info.sadowne.pl\/index.php?rest_route=\/wp\/v2\/users\/1"}],"replies":[{"embeddable":true,"href":"http:\/\/info.sadowne.pl\/index.php?rest_route=%2Fwp%2Fv2%2Fcomments&post=23370"}],"version-history":[{"count":1,"href":"http:\/\/info.sadowne.pl\/index.php?rest_route=\/wp\/v2\/posts\/23370\/revisions"}],"predecessor-version":[{"id":23372,"href":"http:\/\/info.sadowne.pl\/index.php?rest_route=\/wp\/v2\/posts\/23370\/revisions\/23372"}],"wp:attachment":[{"href":"http:\/\/info.sadowne.pl\/index.php?rest_route=%2Fwp%2Fv2%2Fmedia&parent=23370"}],"wp:term":[{"taxonomy":"category","embeddable":true,"href":"http:\/\/info.sadowne.pl\/index.php?rest_route=%2Fwp%2Fv2%2Fcategories&post=23370"},{"taxonomy":"post_tag","embeddable":true,"href":"http:\/\/info.sadowne.pl\/index.php?rest_route=%2Fwp%2Fv2%2Ftags&post=23370"}],"curies":[{"name":"wp","href":"https:\/\/api.w.org\/{rel}","templated":true}]}}