{"id":23447,"date":"2020-05-22T11:27:04","date_gmt":"2020-05-22T09:27:04","guid":{"rendered":"http:\/\/info.sadowne.pl\/?p=23447"},"modified":"2020-05-22T11:27:04","modified_gmt":"2020-05-22T09:27:04","slug":"bylby-to-jubileuszowy-plener","status":"publish","type":"post","link":"http:\/\/info.sadowne.pl\/?p=23447","title":{"rendered":"By\u0142by to jubileuszowy Plener\u2026"},"content":{"rendered":"<p><strong><a href=\"http:\/\/info.sadowne.pl\/wp-content\/uploads\/2020\/05\/2020.05.22.1.jpg\" target=\"_blank\" rel=\"noopener noreferrer\"><img loading=\"lazy\" decoding=\"async\" class=\"alignleft wp-image-23448 size-thumbnail\" src=\"http:\/\/info.sadowne.pl\/wp-content\/uploads\/2020\/05\/2020.05.22.1-180x130.jpg\" alt=\"\" width=\"180\" height=\"130\" \/><\/a>Jak podaje oficjalny harmonogram imprez kulturalnych w gminie Sadowne, w\u0142a\u015bnie w maju mia\u0142 odby\u0107 si\u0119 kolejny Plener Malarski Artyst\u00f3w Plastyk\u00f3w. Nie liczmy na to &#8211; wiemy z jakiego powodu!<\/strong><!--more--><\/p>\n<p>Plener Malarski Artyst\u00f3w Plastyk\u00f3w odbywa\u0142 si\u0119 w Sadownem od wielu lat. Wpisa\u0142 si\u0119 na sta\u0142e w harmonogram imprez kulturalnych naszej gminy i brali w nim udzia\u0142 przewa\u017cnie ci sami arty\u015bci plastycy. W maju 2020 roku mia\u0142 odby\u0107 si\u0119 jubileuszowy \u2013 XX Plener, ale\u2026 w tym terminie, niestety, nie dojdzie do skutku i wiemy dlaczego.<\/p>\n<p>Ale, aby\u015bmy nie odsuwali si\u0119 zbyt daleko od kontaktu z tego rodzaju sztuk\u0105 i spotka\u0144 z artystami, mo\u017ce przypomnijmy sobie wernisa\u017c poprzedniego Pleneru, kt\u00f3ry odby\u0142 si\u0119 17 wrze\u015bnia 2019 roku w Gminnym O\u015brodku Kultury w Sadownem.<\/p>\n<p><strong>Zapraszamy na stron\u0119 <a href=\"http:\/\/info.sadowne.pl\/?p=21126\" target=\"_blank\" rel=\"noopener noreferrer\">http:\/\/info.sadowne.pl\/?p=21126<\/a>.\u00a0\u00a0\u00a0\u00a0\u00a0\u00a0\u00a0\u00a0\u00a0 <\/strong><\/p>\n<p><strong>Tekst\/foto:<\/strong> S\u0142awek Chyli\u0144ski<\/p>\n","protected":false},"excerpt":{"rendered":"<p>Jak podaje oficjalny harmonogram imprez kulturalnych w gminie Sadowne, w\u0142a\u015bnie w maju mia\u0142 odby\u0107 si\u0119 kolejny Plener Malarski Artyst\u00f3w Plastyk\u00f3w. Nie liczmy na to &#8211; wiemy z jakiego powodu!<\/p>\n","protected":false},"author":1,"featured_media":0,"comment_status":"closed","ping_status":"closed","sticky":false,"template":"","format":"standard","meta":{"footnotes":""},"categories":[5,91,6],"tags":[169,3374],"class_list":["post-23447","post","type-post","status-publish","format-standard","hentry","category-newsy","category-gminny-osrodek-kultury","category-kultura-rozrywka-edukacja","tag-gminny-osrodek-kultury-w-sadownem","tag-xx-plener-malarski-artystow-plastykow-w-sadownem"],"views":2274,"_links":{"self":[{"href":"http:\/\/info.sadowne.pl\/index.php?rest_route=\/wp\/v2\/posts\/23447","targetHints":{"allow":["GET"]}}],"collection":[{"href":"http:\/\/info.sadowne.pl\/index.php?rest_route=\/wp\/v2\/posts"}],"about":[{"href":"http:\/\/info.sadowne.pl\/index.php?rest_route=\/wp\/v2\/types\/post"}],"author":[{"embeddable":true,"href":"http:\/\/info.sadowne.pl\/index.php?rest_route=\/wp\/v2\/users\/1"}],"replies":[{"embeddable":true,"href":"http:\/\/info.sadowne.pl\/index.php?rest_route=%2Fwp%2Fv2%2Fcomments&post=23447"}],"version-history":[{"count":1,"href":"http:\/\/info.sadowne.pl\/index.php?rest_route=\/wp\/v2\/posts\/23447\/revisions"}],"predecessor-version":[{"id":23449,"href":"http:\/\/info.sadowne.pl\/index.php?rest_route=\/wp\/v2\/posts\/23447\/revisions\/23449"}],"wp:attachment":[{"href":"http:\/\/info.sadowne.pl\/index.php?rest_route=%2Fwp%2Fv2%2Fmedia&parent=23447"}],"wp:term":[{"taxonomy":"category","embeddable":true,"href":"http:\/\/info.sadowne.pl\/index.php?rest_route=%2Fwp%2Fv2%2Fcategories&post=23447"},{"taxonomy":"post_tag","embeddable":true,"href":"http:\/\/info.sadowne.pl\/index.php?rest_route=%2Fwp%2Fv2%2Ftags&post=23447"}],"curies":[{"name":"wp","href":"https:\/\/api.w.org\/{rel}","templated":true}]}}