{"id":23477,"date":"2020-06-01T15:17:53","date_gmt":"2020-06-01T13:17:53","guid":{"rendered":"http:\/\/info.sadowne.pl\/?p=23477"},"modified":"2020-06-01T15:17:53","modified_gmt":"2020-06-01T13:17:53","slug":"kronika-policyjna-15-30-maja-2020","status":"publish","type":"post","link":"http:\/\/info.sadowne.pl\/?p=23477","title":{"rendered":"Kronika policyjna 15-30 maja 2020"},"content":{"rendered":"<p><strong><a href=\"http:\/\/info.sadowne.pl\/wp-content\/uploads\/2015\/04\/komisariat-3.jpg\"><img loading=\"lazy\" decoding=\"async\" class=\"alignleft size-thumbnail wp-image-8553\" src=\"http:\/\/info.sadowne.pl\/wp-content\/uploads\/2015\/04\/komisariat-3-180x130.jpg\" alt=\"\" width=\"180\" height=\"130\" \/><\/a>W minionym tygodniu na terenie powiatu w\u0119growskiego dosz\u0142o do zdarze\u0144 drogowych. Policjanci apeluj\u0105 o ostro\u017cno\u015b\u0107 i rozwag\u0119 na drodze.<\/strong><!--more--><\/p>\n<p>25 maja w m. \u0141och\u00f3w mieszkaniec pow. w\u0119growskiego, kieruj\u0105c pojazdem marki Opel nie dostosowa\u0142 pr\u0119dko\u015bci do warunk\u00f3w panuj\u0105cych na drodze i wykonuj\u0105c manewr skr\u0119tu w lewo wjecha\u0142 na lewy pas jezdni doprowadzaj\u0105c do zderzenia bocznego z pojazdem Daewoo. Nikt nie dozna\u0142 obra\u017ce\u0144.<\/p>\n<p><strong>W tym samym dniu w m. Sojk\u00f3wek <\/strong>obywatel Bia\u0142orusi kieruj\u0105c pojazdem ci\u0119\u017carowym Volvo podczas wykonywania manewru omijania rowerzysty zjecha\u0142 na przeciwleg\u0142y pas ruchu doprowadzaj\u0105c do zderzenia z ci\u0105gnikiem rolniczym Fendet. Nikt nie dozna\u0142 obra\u017ce\u0144.<\/p>\n<p>26 maja w m. Liw mieszkaniec pow. w\u0119growskiego, kieruj\u0105c pojazdem marki Opel nie ust\u0105pi\u0142 pierwsze\u0144stwa przejazdu jad\u0105cemu prawid\u0142owo VW doprowadzaj\u0105c do zderzenia. Nikt nie dozna\u0142 obra\u017ce\u0144.<\/p>\n<p>27 maja w m. Jasior\u00f3wka mieszkaniec pow. ostrowskiego, znajduj\u0105c si\u0119 w stanie po u\u017cyciu alkoholu (0,13 mg\/l alkoholu w wydychanym powietrzu) kierowa\u0142 pojazdem marki Fiat. Ponadto wykonuj\u0105c manewr cofania chc\u0105c w\u0142\u0105czy\u0107 si\u0119 do ruchu nie ust\u0105pi\u0142 pierwsze\u0144stwa przejazdu pojazdowi marki Skoda w wyniku czego dosz\u0142o do zderzenia pojazd\u00f3w. Post\u0119powanie prowadzi KP \u0141och\u00f3w.<\/p>\n<p>29 maja w m. \u015anice kieruj\u0105cy pojazdem marki Citroen oraz kieruj\u0105cy pojazdem marki Renault podczas wykonywania manewru wymijania nie zachowali nale\u017cytego odst\u0119pu w wyniku czego doprowadzili do zderzenia lusterkami. Nikt nie dozna\u0142 obra\u017ce\u0144.<\/p>\n<p>30 maja w m. W\u0119gr\u00f3w mieszkaniec pow. w\u0119growskiego, kieruj\u0105c pojazdem marki Daewoo cofaj\u0105c w\u0142\u0105cza\u0142 si\u0119 do ruchu i nie ust\u0105pi\u0142 pierwsze\u0144stwa przejazdu jad\u0105cemu prawid\u0142owo Fordowi w wyniku czego doprowadzi\u0142 od zderzenia. Nikt nie dozna\u0142 obra\u017ce\u0144.<\/p>\n<p>Apelujemy do wszystkich uczestnik\u00f3w ruchu drogowego o rozwag\u0119 i ostro\u017cno\u015b\u0107 na drodze. Szczeg\u00f3lnie o jazd\u0119 zgodn\u0105 z przepisami ruchu i zdrowym rozs\u0105dkiem.<\/p>\n<p><strong>\u00a0sier\u017c. sztab. Monika Ksi\u0119\u017copolska<\/strong><\/p>\n","protected":false},"excerpt":{"rendered":"<p>W minionym tygodniu na terenie powiatu w\u0119growskiego dosz\u0142o do zdarze\u0144 drogowych. Policjanci apeluj\u0105 o ostro\u017cno\u015b\u0107 i rozwag\u0119 na drodze.<\/p>\n","protected":false},"author":1,"featured_media":0,"comment_status":"closed","ping_status":"closed","sticky":false,"template":"","format":"standard","meta":{"footnotes":""},"categories":[5,266,4],"tags":[261,3174],"class_list":["post-23477","post","type-post","status-publish","format-standard","hentry","category-newsy","category-policja-policja-straz-pozarna-pogotowie-ratunkowe","category-policja-straz-pozarna-pogotowie-ratunkowe","tag-komenda-powiatowa-policji-w-wegrowie","tag-kronika-policyjna"],"views":2407,"_links":{"self":[{"href":"http:\/\/info.sadowne.pl\/index.php?rest_route=\/wp\/v2\/posts\/23477","targetHints":{"allow":["GET"]}}],"collection":[{"href":"http:\/\/info.sadowne.pl\/index.php?rest_route=\/wp\/v2\/posts"}],"about":[{"href":"http:\/\/info.sadowne.pl\/index.php?rest_route=\/wp\/v2\/types\/post"}],"author":[{"embeddable":true,"href":"http:\/\/info.sadowne.pl\/index.php?rest_route=\/wp\/v2\/users\/1"}],"replies":[{"embeddable":true,"href":"http:\/\/info.sadowne.pl\/index.php?rest_route=%2Fwp%2Fv2%2Fcomments&post=23477"}],"version-history":[{"count":1,"href":"http:\/\/info.sadowne.pl\/index.php?rest_route=\/wp\/v2\/posts\/23477\/revisions"}],"predecessor-version":[{"id":23478,"href":"http:\/\/info.sadowne.pl\/index.php?rest_route=\/wp\/v2\/posts\/23477\/revisions\/23478"}],"wp:attachment":[{"href":"http:\/\/info.sadowne.pl\/index.php?rest_route=%2Fwp%2Fv2%2Fmedia&parent=23477"}],"wp:term":[{"taxonomy":"category","embeddable":true,"href":"http:\/\/info.sadowne.pl\/index.php?rest_route=%2Fwp%2Fv2%2Fcategories&post=23477"},{"taxonomy":"post_tag","embeddable":true,"href":"http:\/\/info.sadowne.pl\/index.php?rest_route=%2Fwp%2Fv2%2Ftags&post=23477"}],"curies":[{"name":"wp","href":"https:\/\/api.w.org\/{rel}","templated":true}]}}