{"id":23486,"date":"2020-06-05T14:51:50","date_gmt":"2020-06-05T12:51:50","guid":{"rendered":"http:\/\/info.sadowne.pl\/?p=23486"},"modified":"2020-06-05T14:51:50","modified_gmt":"2020-06-05T12:51:50","slug":"to-dzieki-naszym-czytelnikom","status":"publish","type":"post","link":"http:\/\/info.sadowne.pl\/?p=23486","title":{"rendered":"To dzi\u0119ki naszym czytelnikom!"},"content":{"rendered":"<p><strong><a href=\"http:\/\/info.sadowne.pl\/wp-content\/uploads\/2020\/06\/2020.06.05.3.jpg\" target=\"_blank\" rel=\"noopener noreferrer\"><img loading=\"lazy\" decoding=\"async\" class=\"alignleft wp-image-23487 size-thumbnail\" src=\"http:\/\/info.sadowne.pl\/wp-content\/uploads\/2020\/06\/2020.06.05.3-180x130.jpg\" alt=\"\" width=\"180\" height=\"130\" \/><\/a>O wysokiej jako\u015bci us\u0142ug serwowanych czytelnikom przez Gminn\u0105 Bibliotek\u0119 Publiczn\u0105 w Sadownem wszyscy ju\u017c zapewne s\u0142yszeli. <\/strong><!--more--><\/p>\n<p><strong>Tym razem potwierdzaj\u0105 to wska\u017aniki przekazane przez Bibliotek\u0119<\/strong> <strong>Publiczn\u0105 m.st. Warszawy \u2013 Bibliotek\u0119 G\u0142\u00f3wn\u0105 Woj. Mazowieckiego w Warszawie.<\/strong><\/p>\n<p>Krajowy ranking bibliotek, opracowywany co roku przez Instytut Ksi\u0105\u017cki i publikowany w \u201eRzeczpospolitej\u201d na pewno nie k\u0142amie. Ju\u017c w listopadzie ubieg\u0142ego roku wskazywali\u015bmy \u015bwietne miejsce w tym rankingu naszej Gminnej Biblioteki Publicznej w Sadownem \u2013 102. miejsce w Polsce i 11. w wojew\u00f3dztwie mazowieckim.<\/p>\n<p>Na pocz\u0105tku tego roku Gminna Biblioteka Publiczna w Sadownem uchyli\u0142a r\u0105bka tajemnicy i poda\u0142a nam troch\u0119 szczeg\u00f3\u0142\u00f3w na temat swojej dzia\u0142alno\u015bci. Oto niekt\u00f3re z nich:<\/p>\n<p>&#8211; sadowie\u0144ska biblioteka skorzysta\u0142a z wieloletniego programu \u201eNarodowy rozw\u00f3j czytelnictwa\u201d, dzi\u0119ki kt\u00f3remu otrzyma\u0142a 16 000 z\u0142. na zakup nowo\u015bci wydawniczych ( w 2019 roku przeznaczy\u0142a na ten cel \u0142\u0105cznie ponad 32 000 z\u0142.);<\/p>\n<p>&#8211; ksi\u0119gozbi\u00f3r w bibliotece w ubieg\u0142ym roku powi\u0119kszy\u0142 si\u0119 o 1 608 nowych pozycji. W przewa\u017caj\u0105cej cz\u0119\u015bci nowe nabytki to beletrystyka oraz ksi\u0105\u017cki dla dzieci i m\u0142odzie\u017cy;<\/p>\n<p>&#8211; w minionym roku zarejestrowa\u0142a ok. 1 300 czytelnik\u00f3w. Czytelnicy wypo\u017cyczyli ponad 45 ty\u015b. ksi\u0105\u017cek. Z czytelni biblioteki skorzystano 1 711 razy;<\/p>\n<p>&#8211; w 2019 roku biblioteka pozyska\u0142a nowy sprz\u0119t do czytelni internetowej z programu \u201eKraszewski. Komputery dla bibliotek\u201d.<\/p>\n<p>A w ostatnich dniach z Biblioteki Publicznej m.st. Warszawy \u2013 Biblioteki G\u0142\u00f3wnej Woj. Mazowieckiego wp\u0142yn\u0119\u0142o do terenowych bibliotek oficjalne podsumowanie roku 2019. Jak przedstawia si\u0119 statystyka? Zobaczmy sami \u2013 niezmiennie GBP w Sadownem przoduje w powiecie.<\/p>\n<p><a href=\"http:\/\/info.sadowne.pl\/wp-content\/uploads\/2020\/06\/2020.06.05.1.jpg\"><img loading=\"lazy\" decoding=\"async\" class=\"aligncenter size-full wp-image-23488\" src=\"http:\/\/info.sadowne.pl\/wp-content\/uploads\/2020\/06\/2020.06.05.1.jpg\" alt=\"\" width=\"603\" height=\"317\" srcset=\"http:\/\/info.sadowne.pl\/wp-content\/uploads\/2020\/06\/2020.06.05.1.jpg 603w, http:\/\/info.sadowne.pl\/wp-content\/uploads\/2020\/06\/2020.06.05.1-300x158.jpg 300w\" sizes=\"auto, (max-width: 603px) 100vw, 603px\" \/><\/a><\/p>\n<p><span style=\"color: #0000ff;\"><a style=\"color: #0000ff;\" href=\"http:\/\/info.sadowne.pl\/wp-content\/uploads\/2020\/06\/pow.-w\u0119growski-2019.pdf\" target=\"_blank\" rel=\"noopener noreferrer\"><strong>Szczeg\u00f3\u0142y: Powiat W\u0119growski 2019&gt;&gt;&gt;<\/strong><\/a><\/span><\/p>\n<p><a href=\"http:\/\/info.sadowne.pl\/wp-content\/uploads\/2020\/06\/2020.06.05.2.jpg\"><img loading=\"lazy\" decoding=\"async\" class=\"aligncenter size-full wp-image-23489\" src=\"http:\/\/info.sadowne.pl\/wp-content\/uploads\/2020\/06\/2020.06.05.2.jpg\" alt=\"\" width=\"519\" height=\"465\" srcset=\"http:\/\/info.sadowne.pl\/wp-content\/uploads\/2020\/06\/2020.06.05.2.jpg 519w, http:\/\/info.sadowne.pl\/wp-content\/uploads\/2020\/06\/2020.06.05.2-300x269.jpg 300w\" sizes=\"auto, (max-width: 519px) 100vw, 519px\" \/><\/a><\/p>\n<p><span style=\"color: #0000ff;\"><a style=\"color: #0000ff;\" href=\"http:\/\/info.sadowne.pl\/wp-content\/uploads\/2020\/06\/Woj.-Mazowieckie-2019.pdf\" target=\"_blank\" rel=\"noopener noreferrer\"><strong>Szczeg\u00f3\u0142y: Wojew\u00f3dztwo Mazowieckie 2019&gt;&gt;&gt;<\/strong><\/a><\/span><\/p>\n<p>Bardzo du\u017cy wp\u0142yw na takie wyniki Gminnej Biblioteki Publicznej w Sadownem oczywi\u015bcie ma praca zatrudnionych tu Pa\u0144 Bibliotekarek, ale\u2026 s\u0105 one skromne i stwierdzaj\u0105: To wszystko dzi\u0119ki naszym czytelnikom!<\/p>\n<p><strong>A wi\u0119c c\u00f3\u017c\u2013 brawo Biblioteka i brawo jej niez\u0142omni czytelnicy!<\/strong><\/p>\n<p><strong>Tekst:<\/strong> S\u0142awek Chyli\u0144ski<\/p>\n","protected":false},"excerpt":{"rendered":"<p>O wysokiej jako\u015bci us\u0142ug serwowanych czytelnikom przez Gminn\u0105 Bibliotek\u0119 Publiczn\u0105 w Sadownem wszyscy ju\u017c zapewne s\u0142yszeli.<\/p>\n","protected":false},"author":1,"featured_media":0,"comment_status":"closed","ping_status":"closed","sticky":false,"template":"","format":"standard","meta":{"footnotes":""},"categories":[5,2149,6],"tags":[113,3258],"class_list":["post-23486","post","type-post","status-publish","format-standard","hentry","category-newsy","category-gminna-biblioteka-publiczna","category-kultura-rozrywka-edukacja","tag-gminna-biblioteka-publiczna-w-sadownem","tag-ranking-bibliotek-2019"],"views":2808,"_links":{"self":[{"href":"http:\/\/info.sadowne.pl\/index.php?rest_route=\/wp\/v2\/posts\/23486","targetHints":{"allow":["GET"]}}],"collection":[{"href":"http:\/\/info.sadowne.pl\/index.php?rest_route=\/wp\/v2\/posts"}],"about":[{"href":"http:\/\/info.sadowne.pl\/index.php?rest_route=\/wp\/v2\/types\/post"}],"author":[{"embeddable":true,"href":"http:\/\/info.sadowne.pl\/index.php?rest_route=\/wp\/v2\/users\/1"}],"replies":[{"embeddable":true,"href":"http:\/\/info.sadowne.pl\/index.php?rest_route=%2Fwp%2Fv2%2Fcomments&post=23486"}],"version-history":[{"count":2,"href":"http:\/\/info.sadowne.pl\/index.php?rest_route=\/wp\/v2\/posts\/23486\/revisions"}],"predecessor-version":[{"id":23493,"href":"http:\/\/info.sadowne.pl\/index.php?rest_route=\/wp\/v2\/posts\/23486\/revisions\/23493"}],"wp:attachment":[{"href":"http:\/\/info.sadowne.pl\/index.php?rest_route=%2Fwp%2Fv2%2Fmedia&parent=23486"}],"wp:term":[{"taxonomy":"category","embeddable":true,"href":"http:\/\/info.sadowne.pl\/index.php?rest_route=%2Fwp%2Fv2%2Fcategories&post=23486"},{"taxonomy":"post_tag","embeddable":true,"href":"http:\/\/info.sadowne.pl\/index.php?rest_route=%2Fwp%2Fv2%2Ftags&post=23486"}],"curies":[{"name":"wp","href":"https:\/\/api.w.org\/{rel}","templated":true}]}}