{"id":23494,"date":"2020-06-08T17:04:13","date_gmt":"2020-06-08T15:04:13","guid":{"rendered":"http:\/\/info.sadowne.pl\/?p=23494"},"modified":"2020-06-08T17:04:13","modified_gmt":"2020-06-08T15:04:13","slug":"lgd-badzmy-razem","status":"publish","type":"post","link":"http:\/\/info.sadowne.pl\/?p=23494","title":{"rendered":"LGD \u201eB\u0105d\u017amy Razem\u201d"},"content":{"rendered":"<p><strong><a href=\"http:\/\/info.sadowne.pl\/wp-content\/uploads\/2020\/06\/2020.06.06.5.jpg\" target=\"_blank\" rel=\"noopener noreferrer\"><img loading=\"lazy\" decoding=\"async\" class=\"alignleft wp-image-23495 size-thumbnail\" src=\"http:\/\/info.sadowne.pl\/wp-content\/uploads\/2020\/06\/2020.06.06.5-180x130.jpg\" alt=\"\" width=\"180\" height=\"130\" \/><\/a>Co to jest LGD? To Lokalna Grupa Dzia\u0142ania, kt\u00f3ra jest partnerstwem publiczno-prywatnym. <\/strong><!--more--><\/p>\n<p>Powstaje jako oddolna inicjatywa mieszka\u0144c\u00f3w chc\u0105cych aktywnie dzia\u0142a\u0107 na rzecz lokalnej spo\u0142eczno\u015bci, zrzeszaj\u0105c przedstawicieli lokalnych organizacji (z sektora publicznego, prywatnego i pozarz\u0105dowego) oraz mieszka\u0144c\u00f3w danego obszaru wyznaczonego granic\u0105 gmin cz\u0142onkowskich. LGD dba o rozw\u00f3j w\u0142asnego regionu, promuje go, wykorzystuje lokalne zasoby. Jest to wi\u0119c swoista \u201emini agencja rozwoju lokalnego\u201d.<\/p>\n<p><strong>Na naszym terenie dzia\u0142a LGD \u201eB\u0105d\u017amy Razem\u201d<\/strong>, kt\u00f3ra obejmuje ca\u0142y powiat w\u0119growski, tj. gminy: Gr\u0119bk\u00f3w, Korytnica, Liw, \u0141och\u00f3w, Miedzna, Sadowne, Stoczek, Wierzbno i miasto W\u0119gr\u00f3w oraz z powiatu soko\u0142owskiego gmin\u0119 Bielany.<\/p>\n<p><strong><a href=\"http:\/\/info.sadowne.pl\/wp-content\/uploads\/2020\/06\/2020.06.06.1.jpg\"><img loading=\"lazy\" decoding=\"async\" class=\"alignright size-full wp-image-23496\" src=\"http:\/\/info.sadowne.pl\/wp-content\/uploads\/2020\/06\/2020.06.06.1.jpg\" alt=\"\" width=\"207\" height=\"300\" \/><\/a>Troch\u0119 historii LGD\u2026\u00a0\u00a0\u00a0\u00a0\u00a0\u00a0\u00a0\u00a0\u00a0\u00a0\u00a0\u00a0\u00a0\u00a0\u00a0\u00a0\u00a0\u00a0\u00a0\u00a0\u00a0\u00a0 <\/strong><\/p>\n<p>Na pocz\u0105tku czerwca 2008 roku przedstawiciele trzech gmin: Korytnicy, Stoczka i \u0141ochowa podczas spotkania roboczego postanowili, \u017ce zostanie powo\u0142ane do \u017cycia Stowarzyszenie \u2013 Lokalna Grupa Dzia\u0142ania \u201eB\u0105d\u017amy Razem\u201d. 18 czerwca 2008 roku w \u0141ochowie odby\u0142o si\u0119 zebranie za\u0142o\u017cycielskie, w kt\u00f3rym wzi\u0119\u0142o udzia\u0142 56 os\u00f3b. Uczestnicy podj\u0119li uchwa\u0142\u0119 w sprawie powo\u0142ania stowarzyszenia i jego w\u0142adz.<\/p>\n<p><strong>Obszar Lokalnej Grupy Dzia\u0142ania tworzy dziesi\u0119\u0107 s\u0105siaduj\u0105cych ze sob\u0105 gmin powiatu w\u0119growskiego: gm. \u0141och\u00f3w, Stoczek, Korytnica, Liw, Miedzna, Wierzbno, Gr\u0119bk\u00f3w, Sadowne, Miasto W\u0119gr\u00f3w oraz jedna gmina z powiatu soko\u0142owskiego: Bielany.<\/strong> Obszar LGD to 133 083 ha i 270 miejscowo\u015bci. \u0141\u0105czna liczba ludno\u015bci zamieszkuj\u0105cej obszar LSR wynosi ponad 71 tys. os\u00f3b.<br \/>\n<a href=\"http:\/\/info.sadowne.pl\/wp-content\/uploads\/2020\/06\/2020.06.06.2.jpg\"><img loading=\"lazy\" decoding=\"async\" class=\"alignleft size-full wp-image-23497\" src=\"http:\/\/info.sadowne.pl\/wp-content\/uploads\/2020\/06\/2020.06.06.2.jpg\" alt=\"\" width=\"207\" height=\"300\" \/><\/a>Lata 2008-2015 to czas, kiedy Stowarzyszenie efektywnie d\u0105\u017cy\u0142o do aktywizacji i rozwoju obszaru LSR. Pozyskano 3 416 432, 00 z\u0142 dofinansowania. \u015arodki finansowe otrzymane z Unii Europejskiej w ramach Osi 4 Leader Programu Rozwoju Obszar\u00f3w Wiejskich pozwoli\u0142y na zrealizowanie 74 projekt\u00f3w przez organizacje pozarz\u0105dowe, przedsi\u0119biorc\u00f3w, rolnik\u00f3w, jednostki samorz\u0105du terytorialnego, instytucje kultury i osoby poszukuj\u0105ce zatrudnienia. Dodatkowo LGD \u201eB\u0105d\u017amy Razem\u201d zrealizowa\u0142o dwa krajowe projekty wsp\u00f3\u0142pracy: \u201eProgram Aktywno\u015bci Turystycznej i Rozwoju Obszaru Liwca PATROL\u201d i \u201eProgram Europejskich Szlak\u00f3w Turystycznych i Grup Edukacyjnych PRESTIGE\u201d o og\u00f3lnej warto\u015bci 88 356, 00 z\u0142 oraz projekt w\u0142asny \u201eSzlak przyrodniczo \u2013 ekologiczny \u201eDolin\u0105 Liwca\u201d, zrealizowany ze \u015brodk\u00f3w UE i JST Powiatu W\u0119growskiego. Projekty wspiera\u0142y rozw\u00f3j przedsi\u0119biorczo\u015bci, aktywno\u015b\u0107 zawodow\u0105 mieszka\u0144c\u00f3w obszaru, promowa\u0142y dziedzictwo historyczne i kulturowe, edukacj\u0119 turystyczn\u0105, kulturaln\u0105.<br \/>\nW ramach strategii Rozwoju Lokalnego Kierowanego przez Spo\u0142eczno\u015b\u0107 obj\u0119tego PROW 2014-2020. Wsparcie na wdra\u017canie operacji z poddzia\u0142ania 19.2 LGD \u201eB\u0105d\u017amy Razem\u201d do 2018 roku przeprowadzono 12 nabor\u00f3w, wp\u0142yn\u0119\u0142o 151 wniosk\u00f3w na \u0142\u0105czn\u0105 kwot\u0119 13 590 563, 78 z\u0142. W pierwszym kamieniu milowym obejmuj\u0105cym dzia\u0142alno\u015b\u0107 LGD w latach 2014 \u2013 2018 ze \u015brodk\u00f3w naszego Stowarzyszenia utworzonych zosta\u0142o 13 nowych przedsi\u0119biorstw, a rozwini\u0119tych 9, powsta\u0142o 19 miejsc pracy. \u015aredni poziom realizacji wszystkich wska\u017anik\u00f3w produktu zaplanowanych na ten okres wynosi 93%, co czyni Lokaln\u0105 Strategi\u0119 Rozwoju LGD \u201eB\u0105d\u017amy Razem\u201d jedn\u0105 z najbardziej zaawansowanych na Mazowszu. Z bud\u017cetu na ten cel w wys. 9 mln z\u0142 wykorzystany zosta\u0142o pond 7 mln 910 tys. z\u0142.<\/p>\n<p><a href=\"http:\/\/info.sadowne.pl\/wp-content\/uploads\/2020\/06\/2020.06.06.3.jpg\"><img loading=\"lazy\" decoding=\"async\" class=\"alignright size-full wp-image-23498\" src=\"http:\/\/info.sadowne.pl\/wp-content\/uploads\/2020\/06\/2020.06.06.3.jpg\" alt=\"\" width=\"212\" height=\"300\" \/><\/a>LGD \u201eB\u0105d\u017amy Razem\u201d realizowa\u0142 te\u017c 3 projekty wsp\u00f3\u0142pracy. Jeden z nich to projekt mi\u0119dzynarodowy z Litw\u0105 i partnerem krajowym LGD \u201eTygiel Doliny Bugu\u201d pn. \u201eM\u0142odzi Lokalni Liderzy\u201d. Dotyczy on aktywizacji m\u0142odzie\u017cy. Projekt krajowy realizowany wsp\u00f3lnie z LGD \u201eR\u00f3wniny Wo\u0142omi\u0144skiej\u201d i LGD \u201eTygiel Doliny Bugu pt. \u201eRzeki atrakcyjne turystycznie\u201d nakierowany jest na rozw\u00f3j turystyki wzd\u0142u\u017c rzek Bug i Liwiec. Natomiast projekt \u201eZachowanie dziedzictwa lokalnego poprzez promocj\u0119 potraw regionalnych i r\u0119kodzie\u0142a artystycznego\u201d realizowano w partnerstwie z LGD \u201eR\u00f3wniny Wo\u0142omi\u0144skiej\u201d. Og\u00f3lna kwota tych projekt\u00f3w wynosi 180 tys. z\u0142, jednak decyzj\u0105 Walnego Zebrania Cz\u0142onk\u00f3w kwota ta zosta\u0142a powi\u0119kszona do 270 tys., dzi\u0119ki czemu b\u0119dzie mo\u017cna zrealizowa\u0107 kolejne potrzebne projekty tego typu.<\/p>\n<p><strong>LGD \u201eB\u0105d\u017amy Razem\u201d realizuje te\u017c zadania publiczne ze \u015brodk\u00f3w Samorz\u0105du Wojew\u00f3dztwa Mazowieckiego<\/strong>, m.in. \u201eJeste\u015bmy Razem! Gra planszowa promuj\u0105ca LGD \u201eB\u0105d\u017amy Razem\u201d (2018), \u201eBior\u00f3\u017cnorodno\u015b\u0107 nad Liwcem\u201d oraz \u201ePromowanie Dziedzictwa Kulinarnego pogranicza mazowiecko-podlaskiego na obszarze LGD \u201eB\u0105d\u017amy Razem\u201d (2019). Z kolei ze \u015brodk\u00f3w Mazowieckiego Wojew\u00f3dzkiego Konserwatora Zabytk\u00f3w realizowany jest projekt \u201eTezaurus nadliwiecki\u201d po\u015bwi\u0119cony spo\u0142ecznej ochronie zabytk\u00f3w.<\/p>\n<p><strong><a href=\"http:\/\/info.sadowne.pl\/wp-content\/uploads\/2020\/06\/2020.06.06.4.jpg\"><img loading=\"lazy\" decoding=\"async\" class=\"alignleft size-full wp-image-23499\" src=\"http:\/\/info.sadowne.pl\/wp-content\/uploads\/2020\/06\/2020.06.06.4.jpg\" alt=\"\" width=\"212\" height=\"300\" \/><\/a>Stowarzyszenie systematycznie organizuje i wsp\u00f3\u0142organizuje z samorz\u0105dami i organizacjami pozarz\u0105dowymi wydarzenia animacyjne, sprawuje te\u017c patronat medialny nad imprezami spo\u0142eczno-kulturalnymi, patriotycznymi, turystycznymi, kulinarnymi, sportowymi, do\u017cynkami, jubileuszami.<\/strong> Przyk\u0142adem s\u0105: Festyny Rodzin Zast\u0119pczych Powiatu W\u0119growskiego, \u201eUczty pierogowe\u201d, festyny rodzinne i szkolne, festiwale, Kongresy Turystyczne Powiatu W\u0119growskiego, Piknik K\u00f3\u0142 Gospody\u0144 Wiejskich. Od roku 2018 przy okazji takich wydarze\u0144 przyznajemy te\u017c \u201eLaur Kulinarny LGD \u201eB\u0105d\u017amy Razem\u201d za wysokiej jako\u015bci lokalny produkt kulinarny\u201d. Od marca 2016 do stycznia 2019 r. Stowarzyszenie by\u0142o wydawc\u0105 lokalnego miesi\u0119cznika \u201eW\u0119growskie B\u0105d\u017amy Razem\u201d, kt\u00f3rego ukaza\u0142o si\u0119 35 numer\u00f3w. Stowarzyszenia posiada w\u0142asn\u0105 stron\u0119 internetow\u0105 oraz strony facebookowe WBR24.pl (gazety) i stowarzyszenia, kt\u00f3re ciesz\u0105 si\u0119 du\u017c\u0105 popularno\u015bci\u0105.<\/p>\n<p><strong>Dbaj\u0105c o sta\u0142y rozw\u00f3j i promocj\u0119 obszaru Stowarzyszenie jest obecne na regionalnych i og\u00f3lnopolskich targach, krajowych i mi\u0119dzynarodowych konferencjach i szkoleniach, samo r\u00f3wnie\u017c jest organizatorem szkole\u0144, konsultacji i bezp\u0142atnego doradztwa.<\/strong> Na swym koncie Stowarzyszenie ma te\u017c kilka wyr\u00f3\u017cnie\u0144. W konkursie na produkt turystyczny Powiatu W\u0119growskiego w 2017 r. zdoby\u0142o I miejsce w kategorii atrakcja turystyczna np. szlak, zabytek, pomnik, park, punkt widokowy za Szlak Przyrodniczo \u2013 Ekologiczny \u201eDolin\u0105 Liwca\u201d. W roku 2018 LGD \u201eB\u0105d\u017amy Razem\u201d otrzyma\u0142o Medal Pami\u0105tkowy \u201ePro Mazovia\u201d, przyznany przez Marsza\u0142ka Wojew\u00f3dztwa Mazowieckiego za wybitne zas\u0142ugi dla dobra i rozwoju Mazowsza oraz Medal im. Heleny i Ignacego Jana Paderewskich za zas\u0142ugi dla Gminy \u0141och\u00f3w. W roku 2019 Miasto \u0141och\u00f3w z okazji swego 50-lecia uhonorowa\u0142o Lokaln\u0105 Grup\u0119 Dzia\u0142ania \u201eB\u0105d\u017amy Razem\u201d medalem \u201eZa wk\u0142ad i zaanga\u017cowanie w rozw\u00f3j miasta oraz zas\u0142ugi na rzecz jego mieszka\u0144c\u00f3w\u201d.<\/p>\n<p><strong>Uwaga! Na stronie <span style=\"color: #0000ff;\"><a style=\"color: #0000ff;\" href=\"http:\/\/www.lgdbadzmyrazem.pl\/wydawnictwa\/\" target=\"_blank\" rel=\"noopener noreferrer\">http:\/\/www.lgdbadzmyrazem.pl\/wydawnictwa\/<\/a><\/span> wi\u0119cej o LGD oraz mo\u017cna znale\u017a\u0107 ciekawe publikacje: <\/strong><\/p>\n<p><strong>&#8211; Folder \u201eM\u0142odzi Liderzy Szans\u0105 rozwoju spo\u0142eczno\u015bci lokalnej\u201d<\/strong><\/p>\n<p><strong>&#8211; Broszura \u201eBior\u00f3\u017cnorodno\u015b\u0107 nad Liwcem\u201d<\/strong><\/p>\n<p><strong>&#8211; ostatnio wydany: \u201eTezaurus Nadliwiecki\u201d<\/strong><\/p>\n<p>a tak\u017ce <strong>Kalendarz <\/strong><strong>\u201ePromowanie dziedzictwa kulinarnego pogranicza mazowiecko-podlaskiego na obszarze LGD <em>B\u0105d\u017amy Razem<\/em>\u201d.<\/strong><\/p>\n<p>Co ciekawe, publikacje mo\u017cna poczyta\u0107 po pobraniu w formie plik\u00f3w pdf. Zach\u0119camy!<\/p>\n<p><strong>Na koniec \u2013 kontakt: <\/strong><strong>Stowarzyszenie \u2013 Lokalna Grupa Dzia\u0142ania \u201eB\u0105d\u017amy Razem\u201d, 07-100 W\u0119gr\u00f3w, ul. Pi\u0142sudskiego 23, www.lgdbadzmyrazem.pl, lgdbadzmyrazem@gmail.com, tel. (22) 300 14 55.<\/strong><\/p>\n<p><strong>Tekst: S\u0142awek Chyli\u0144ski<\/strong><\/p>\n<p><strong>\u0179r\u00f3d\u0142o: <a href=\"http:\/\/www.lgdbadzmyrazem.pl\/\" target=\"_blank\" rel=\"noopener noreferrer\">http:\/\/www.lgdbadzmyrazem.pl\/<\/a><\/strong><\/p>\n","protected":false},"excerpt":{"rendered":"<p>Co to jest LGD? To Lokalna Grupa Dzia\u0142ania, kt\u00f3ra jest partnerstwem publiczno-prywatnym.<\/p>\n","protected":false},"author":1,"featured_media":0,"comment_status":"closed","ping_status":"closed","sticky":false,"template":"","format":"standard","meta":{"footnotes":""},"categories":[5,1],"tags":[1578,3380],"class_list":["post-23494","post","type-post","status-publish","format-standard","hentry","category-newsy","category-inne","tag-lokalna-grupa-dzialania-badzmy-razem","tag-wydawnictwa-lgd-badzmy-razem"],"views":3483,"_links":{"self":[{"href":"http:\/\/info.sadowne.pl\/index.php?rest_route=\/wp\/v2\/posts\/23494","targetHints":{"allow":["GET"]}}],"collection":[{"href":"http:\/\/info.sadowne.pl\/index.php?rest_route=\/wp\/v2\/posts"}],"about":[{"href":"http:\/\/info.sadowne.pl\/index.php?rest_route=\/wp\/v2\/types\/post"}],"author":[{"embeddable":true,"href":"http:\/\/info.sadowne.pl\/index.php?rest_route=\/wp\/v2\/users\/1"}],"replies":[{"embeddable":true,"href":"http:\/\/info.sadowne.pl\/index.php?rest_route=%2Fwp%2Fv2%2Fcomments&post=23494"}],"version-history":[{"count":1,"href":"http:\/\/info.sadowne.pl\/index.php?rest_route=\/wp\/v2\/posts\/23494\/revisions"}],"predecessor-version":[{"id":23500,"href":"http:\/\/info.sadowne.pl\/index.php?rest_route=\/wp\/v2\/posts\/23494\/revisions\/23500"}],"wp:attachment":[{"href":"http:\/\/info.sadowne.pl\/index.php?rest_route=%2Fwp%2Fv2%2Fmedia&parent=23494"}],"wp:term":[{"taxonomy":"category","embeddable":true,"href":"http:\/\/info.sadowne.pl\/index.php?rest_route=%2Fwp%2Fv2%2Fcategories&post=23494"},{"taxonomy":"post_tag","embeddable":true,"href":"http:\/\/info.sadowne.pl\/index.php?rest_route=%2Fwp%2Fv2%2Ftags&post=23494"}],"curies":[{"name":"wp","href":"https:\/\/api.w.org\/{rel}","templated":true}]}}