{"id":23504,"date":"2020-06-21T16:29:27","date_gmt":"2020-06-21T14:29:27","guid":{"rendered":"http:\/\/info.sadowne.pl\/?p=23504"},"modified":"2020-06-21T16:31:43","modified_gmt":"2020-06-21T14:31:43","slug":"powiat-wegrowski-21-06-2020","status":"publish","type":"post","link":"http:\/\/info.sadowne.pl\/?p=23504","title":{"rendered":"Powiat W\u0119growski \u2013 21.06.2020"},"content":{"rendered":"<p><strong><a href=\"http:\/\/info.sadowne.pl\/wp-content\/uploads\/2020\/06\/koronawirus.jpg\"><img loading=\"lazy\" decoding=\"async\" class=\"alignleft size-thumbnail wp-image-23505\" src=\"http:\/\/info.sadowne.pl\/wp-content\/uploads\/2020\/06\/koronawirus-180x130.jpg\" alt=\"\" width=\"180\" height=\"130\" \/><\/a>Drodzy Pa\u0144stwo!<\/strong> <strong>Od pocz\u0105tku pandemii na Facebooku publikujemy dla Pa\u0144stwa codzienne komunikaty Pa\u0144stwowego Powiatowego Inspektora Sanitarnego w W\u0119growie przedstawiaj\u0105ce aktualn\u0105 sytuacj\u0119 epidemiologiczn\u0105 w powiecie w\u0119growskim. <\/strong><!--more--><\/p>\n<p>Oczywi\u015bcie publikacje te maj\u0105 na celu przypomnienie o tym, \u017ce zagro\u017cenie koronawirusem nadal jest aktualne, ale tak\u017ce o tym, \u017ce nadal obowi\u0105zuj\u0105 pewne obostrzenia zwi\u0119kszaj\u0105ce nasze bezpiecze\u0144stwo.<\/p>\n<p><a href=\"http:\/\/info.sadowne.pl\/wp-content\/uploads\/2020\/06\/2020.06.21.1.jpg\" target=\"_blank\" rel=\"noopener noreferrer\"><img loading=\"lazy\" decoding=\"async\" class=\"alignright wp-image-23506 size-medium\" src=\"http:\/\/info.sadowne.pl\/wp-content\/uploads\/2020\/06\/2020.06.21.1-207x300.jpg\" alt=\"\" width=\"207\" height=\"300\" srcset=\"http:\/\/info.sadowne.pl\/wp-content\/uploads\/2020\/06\/2020.06.21.1-207x300.jpg 207w, http:\/\/info.sadowne.pl\/wp-content\/uploads\/2020\/06\/2020.06.21.1-707x1024.jpg 707w, http:\/\/info.sadowne.pl\/wp-content\/uploads\/2020\/06\/2020.06.21.1-768x1112.jpg 768w, http:\/\/info.sadowne.pl\/wp-content\/uploads\/2020\/06\/2020.06.21.1.jpg 797w\" sizes=\"auto, (max-width: 207px) 100vw, 207px\" \/><\/a>Codzienne obserwacje funkcjonowania spo\u0142eczno\u015bci lokalnej potwierdzaj\u0105, \u017ce po cz\u0119\u015bci zapomnieli\u015bmy o trwaj\u0105cej pandemii i wi\u0119kszo\u015b\u0107 z nas nie stosuje si\u0119 do nakaz\u00f3w, np. noszenia maseczek czy zachowania odst\u0119p\u00f3w pomi\u0119dzy osobami w pewnych miejscach lub okoliczno\u015bciach. W ten spos\u00f3b nie tylko lekcewa\u017cymy obowi\u0105zuj\u0105ce zasady, ale przede wszystkim \u201emamy gdzie\u015b\u201d inne osoby, kt\u00f3re z po\u015bwi\u0119ceniem stosuj\u0105 te obostrzenia dla swojego dobra i wsp\u00f3\u0142mieszka\u0144c\u00f3w Ziemi\u2026 tej Ziemi.<\/p>\n<p>Maj\u0105c to na uwadze, zasadne jest stwierdzenie, i\u017c kontynuowanie codziennego publikowania danych, wg niekt\u00f3rych \u201enieciekawych informacji\u201d, jest bezzasadne i nie przynosi po\u017c\u0105danego skutku. Zaprzestajemy ich publikowania, a zainteresowanych aktualnymi informacjami o zagro\u017ceniu koronawirusem w powiecie w\u0119growskim odsy\u0142am na stron\u0119 Powiatowej Stacji Sanitarno \u2013 Epidemiologicznej w W\u0119growie &#8211; <span style=\"color: #0000ff;\"><strong><a style=\"color: #0000ff;\" href=\"http:\/\/wegrow.psse.waw.pl\/strona-glowna-1503\" target=\"_blank\" rel=\"noopener noreferrer\">http:\/\/wegrow.psse.waw.pl\/strona-glowna-1503<\/a><\/strong><\/span><\/p>\n<p><strong>Tekst:<\/strong> S\u0142awek Chyli\u0144ski<\/p>\n","protected":false},"excerpt":{"rendered":"<p>Drodzy Pa\u0144stwo! Od pocz\u0105tku pandemii na Facebooku publikujemy dla Pa\u0144stwa codzienne komunikaty Pa\u0144stwowego Powiatowego Inspektora Sanitarnego w W\u0119growie przedstawiaj\u0105ce aktualn\u0105 sytuacj\u0119 epidemiologiczn\u0105 w powiecie w\u0119growskim.<\/p>\n","protected":false},"author":1,"featured_media":0,"comment_status":"closed","ping_status":"closed","sticky":false,"template":"","format":"standard","meta":{"footnotes":""},"categories":[5,1],"tags":[3354,2880,3381],"class_list":["post-23504","post","type-post","status-publish","format-standard","hentry","category-newsy","category-inne","tag-epidemia-koronawirusa","tag-powiat-wegrowski","tag-powiatowa-stacja-sanitarno-epidemiologiczna-w-wegrowie"],"views":2154,"_links":{"self":[{"href":"http:\/\/info.sadowne.pl\/index.php?rest_route=\/wp\/v2\/posts\/23504","targetHints":{"allow":["GET"]}}],"collection":[{"href":"http:\/\/info.sadowne.pl\/index.php?rest_route=\/wp\/v2\/posts"}],"about":[{"href":"http:\/\/info.sadowne.pl\/index.php?rest_route=\/wp\/v2\/types\/post"}],"author":[{"embeddable":true,"href":"http:\/\/info.sadowne.pl\/index.php?rest_route=\/wp\/v2\/users\/1"}],"replies":[{"embeddable":true,"href":"http:\/\/info.sadowne.pl\/index.php?rest_route=%2Fwp%2Fv2%2Fcomments&post=23504"}],"version-history":[{"count":3,"href":"http:\/\/info.sadowne.pl\/index.php?rest_route=\/wp\/v2\/posts\/23504\/revisions"}],"predecessor-version":[{"id":23509,"href":"http:\/\/info.sadowne.pl\/index.php?rest_route=\/wp\/v2\/posts\/23504\/revisions\/23509"}],"wp:attachment":[{"href":"http:\/\/info.sadowne.pl\/index.php?rest_route=%2Fwp%2Fv2%2Fmedia&parent=23504"}],"wp:term":[{"taxonomy":"category","embeddable":true,"href":"http:\/\/info.sadowne.pl\/index.php?rest_route=%2Fwp%2Fv2%2Fcategories&post=23504"},{"taxonomy":"post_tag","embeddable":true,"href":"http:\/\/info.sadowne.pl\/index.php?rest_route=%2Fwp%2Fv2%2Ftags&post=23504"}],"curies":[{"name":"wp","href":"https:\/\/api.w.org\/{rel}","templated":true}]}}