{"id":23534,"date":"2020-06-29T17:30:54","date_gmt":"2020-06-29T15:30:54","guid":{"rendered":"http:\/\/info.sadowne.pl\/?p=23534"},"modified":"2020-06-29T17:30:54","modified_gmt":"2020-06-29T15:30:54","slug":"zdarzenia-drogowe-w-powiecie-wegrowskim","status":"publish","type":"post","link":"http:\/\/info.sadowne.pl\/?p=23534","title":{"rendered":"Zdarzenia drogowe w powiecie w\u0119growskim"},"content":{"rendered":"<p><strong><a href=\"http:\/\/info.sadowne.pl\/wp-content\/uploads\/2019\/08\/komisariat16.jpg\"><img loading=\"lazy\" decoding=\"async\" class=\"alignleft size-thumbnail wp-image-20958\" src=\"http:\/\/info.sadowne.pl\/wp-content\/uploads\/2019\/08\/komisariat16-180x130.jpg\" alt=\"\" width=\"180\" height=\"130\" \/><\/a>W minionym tygodniu na terenie powiatu w\u0119growskiego dosz\u0142o do zdarze\u0144 drogowych. Policjanci apeluj\u0105 o ostro\u017cno\u015b\u0107 i rozwag\u0119 na drodze.<\/strong><!--more--><\/p>\n<p>24 czerwca w m. Karczewiec mieszkanka pow. w\u0119growskiego, kieruj\u0105c pojazdem marki Opel podczas w\u0142\u0105czania si\u0119 do ruchu nie ust\u0105pi\u0142a pierwsze\u0144stwa przejazdu jad\u0105cemu prawid\u0142owo rowerzy\u015bcie, kt\u00f3ry w wyniku doznanym obra\u017ce\u0144 trafi\u0142 do szpitala. Post\u0119powanie prowadzi KPP w W\u0119growie.<\/p>\n<p>27 czerwca w m. Zaj\u0105c mieszkaniec pow. soko\u0142owskiego, kieruj\u0105c pojazdem marki Audi podczas w\u0142\u0105czania si\u0119 do ruchu, nie ust\u0105pi\u0142 pierwsze\u0144stwa przejazdu Toyocie w wyniku czego dosz\u0142o do zderzenia si\u0119 pojazd\u00f3w. Nikt nie dozna\u0142 obra\u017ce\u0144.<\/p>\n<p><strong>W tym samym dniu w m. Sadowne<\/strong>, mieszkaniec pow. w\u0119growskiego, kieruj\u0105c pojazdem marki VW nie dostosowa\u0142 pr\u0119dko\u015bci do warunk\u00f3w panuj\u0105cych na drodze i na \u0142uku drogi w lewo straci\u0142 panowanie nad pojazdem uderzaj\u0105c w zaparkowany na poboczu pojazd Dacia. Nikt nie dozna\u0142 obra\u017ce\u0144. Post\u0119powanie prowadzi KP w \u0141ochowie.<\/p>\n<p>Apelujemy do wszystkich uczestnik\u00f3w ruchu drogowego o rozwag\u0119 i ostro\u017cno\u015b\u0107 na drodze. Szczeg\u00f3lnie o jazd\u0119 zgodn\u0105 z przepisami ruchu i zdrowym rozs\u0105dkiem.<\/p>\n<p><strong>sier\u017c. szt. Monika Ksi\u0119\u017copolska<\/strong><\/p>\n","protected":false},"excerpt":{"rendered":"<p>W minionym tygodniu na terenie powiatu w\u0119growskiego dosz\u0142o do zdarze\u0144 drogowych. Policjanci apeluj\u0105 o ostro\u017cno\u015b\u0107 i rozwag\u0119 na drodze.<\/p>\n","protected":false},"author":1,"featured_media":0,"comment_status":"closed","ping_status":"closed","sticky":false,"template":"","format":"standard","meta":{"footnotes":""},"categories":[5,266,4],"tags":[261,3174],"class_list":["post-23534","post","type-post","status-publish","format-standard","hentry","category-newsy","category-policja-policja-straz-pozarna-pogotowie-ratunkowe","category-policja-straz-pozarna-pogotowie-ratunkowe","tag-komenda-powiatowa-policji-w-wegrowie","tag-kronika-policyjna"],"views":2390,"_links":{"self":[{"href":"http:\/\/info.sadowne.pl\/index.php?rest_route=\/wp\/v2\/posts\/23534","targetHints":{"allow":["GET"]}}],"collection":[{"href":"http:\/\/info.sadowne.pl\/index.php?rest_route=\/wp\/v2\/posts"}],"about":[{"href":"http:\/\/info.sadowne.pl\/index.php?rest_route=\/wp\/v2\/types\/post"}],"author":[{"embeddable":true,"href":"http:\/\/info.sadowne.pl\/index.php?rest_route=\/wp\/v2\/users\/1"}],"replies":[{"embeddable":true,"href":"http:\/\/info.sadowne.pl\/index.php?rest_route=%2Fwp%2Fv2%2Fcomments&post=23534"}],"version-history":[{"count":1,"href":"http:\/\/info.sadowne.pl\/index.php?rest_route=\/wp\/v2\/posts\/23534\/revisions"}],"predecessor-version":[{"id":23535,"href":"http:\/\/info.sadowne.pl\/index.php?rest_route=\/wp\/v2\/posts\/23534\/revisions\/23535"}],"wp:attachment":[{"href":"http:\/\/info.sadowne.pl\/index.php?rest_route=%2Fwp%2Fv2%2Fmedia&parent=23534"}],"wp:term":[{"taxonomy":"category","embeddable":true,"href":"http:\/\/info.sadowne.pl\/index.php?rest_route=%2Fwp%2Fv2%2Fcategories&post=23534"},{"taxonomy":"post_tag","embeddable":true,"href":"http:\/\/info.sadowne.pl\/index.php?rest_route=%2Fwp%2Fv2%2Ftags&post=23534"}],"curies":[{"name":"wp","href":"https:\/\/api.w.org\/{rel}","templated":true}]}}