{"id":23566,"date":"2020-07-06T12:43:28","date_gmt":"2020-07-06T10:43:28","guid":{"rendered":"http:\/\/info.sadowne.pl\/?p=23566"},"modified":"2020-07-06T12:43:28","modified_gmt":"2020-07-06T10:43:28","slug":"kronika-policyjna-01-04-lipca-2020","status":"publish","type":"post","link":"http:\/\/info.sadowne.pl\/?p=23566","title":{"rendered":"Kronika policyjna 01-04 lipca 2020"},"content":{"rendered":"<p><strong><a href=\"http:\/\/info.sadowne.pl\/wp-content\/uploads\/2015\/04\/komisariat-3.jpg\"><img loading=\"lazy\" decoding=\"async\" class=\"alignleft size-thumbnail wp-image-8553\" src=\"http:\/\/info.sadowne.pl\/wp-content\/uploads\/2015\/04\/komisariat-3-180x130.jpg\" alt=\"\" width=\"180\" height=\"130\" \/><\/a>W minionym tygodniu na terenie powiatu w\u0119growskiego dosz\u0142o do zdarze\u0144 drogowych. Policjanci apeluj\u0105 o ostro\u017cno\u015b\u0107 i rozwag\u0119 na drodze.<\/strong><strong>\u00a0<\/strong><!--more--><\/p>\n<p>01 lipca w m. Starawie\u015b mieszkaniec pow. siedleckiego, kieruj\u0105c pojazdem marki BMW, nie zachowa\u0142 bezpiecznej odleg\u0142o\u015bci od poprzedzaj\u0105cego go pojazdu Alfa Romeo, doprowadzaj\u0105c do zderzenia. Nikt nie dozna\u0142 obra\u017ce\u0144.<\/p>\n<p>02 lipca w m. \u0141och\u00f3w mieszkaniec pow. bielskiego, kieruj\u0105c pojazdem marki Audi, straci\u0142 panowanie nad pojazdem, wskutek czego zjecha\u0142 na pobocze i uderzy\u0142 w ogrodzenie posesji. Nikt nie dozna\u0142 obra\u017ce\u0144.<\/p>\n<p>03 lipca w m. W\u0119gr\u00f3w mieszkaniec pow. soko\u0142owskiego, kieruj\u0105c pojazdem marki Opel, nie ust\u0105pi\u0142 pierwsze\u0144stwa przejazdu kieruj\u0105cej Oplem, kt\u00f3ra w wyniku doznanych obra\u017ce\u0144 zosta\u0142a przewieziona do szpitala. Post\u0119powanie prowadzi KPP w W\u0119growie.<\/p>\n<p><strong>04 lipca w m. Sadowne <\/strong>mieszkaniec pow. w\u0119growskiego, bez wymaganych uprawnie\u0144 oraz znajduj\u0105c si\u0119 w stanie nietrze\u017awo\u015bci ( 1,22 mg\/l alkoholu w wydychanym powietrzu), kierowa\u0142\u00a0 pojazdem marki Ford. Wykonuj\u0105c manewr skr\u0119tu w lewo wymusi\u0142 pierwsze\u0144stwo przejazdu prawid\u0142owo jad\u0105cemu pojazdowi marki Renault. Obaj kieruj\u0105cy doznali lekkich obra\u017ce\u0144 cia\u0142a. Post\u0119powanie prowadzi KP w \u0141ochowie.<\/p>\n<p>W tym samym dniu w m. Gr\u0119bk\u00f3w mieszkaniec pow. w\u0119growskiego, kieruj\u0105c pojazdem marki BMW w terenie niezabudowanym, na \u0142uku drogi w lewo, jad\u0105c jej \u015brodkiem, doprowadzi\u0142 do bocznego zderzenia z jad\u0105cym z przeciwnego kierunku VW, a nast\u0119pie zderzy\u0142 si\u0119 czo\u0142owo z jad\u0105cym Fiatem, kt\u00f3rego pasa\u017cerowie trafili do szpitala. Z obra\u017ceniami do szpitala zosta\u0142 przewieziony kieruj\u0105cy BMW. Post\u0119powanie prowadzi KPP w W\u0119growie.<\/p>\n<p>04 lipca w m. W\u0119gr\u00f3w dosz\u0142o do potr\u0105cenia rowerzystki. Ze wst\u0119pnych ustale\u0144 wynika, i\u017c przeje\u017cd\u017caj\u0105c przez przej\u015bcie dla pieszych bez wyznaczonej \u015bcie\u017cki rowerowej mieszkanka pow. w\u0119growskiego zderzy\u0142a si\u0119 z pojazdem marki Seat. W wyniku doznanym obra\u017ce\u0144 kobieta zosta\u0142a przewieziona do szpitala. Post\u0119powanie prowadzi KPP w W\u0119growie.<\/p>\n<p><strong>Apelujemy do wszystkich uczestnik\u00f3w ruchu drogowego o rozwag\u0119 i ostro\u017cno\u015b\u0107 na drodze. Szczeg\u00f3lnie o jazd\u0119 zgodn\u0105 z przepisami ruchu i zdrowym rozs\u0105dkiem.<\/strong><\/p>\n<p><strong>sier\u017c. szt. Monika Ksi\u0119\u017copolska<\/strong><\/p>\n","protected":false},"excerpt":{"rendered":"<p>W minionym tygodniu na terenie powiatu w\u0119growskiego dosz\u0142o do zdarze\u0144 drogowych. Policjanci apeluj\u0105 o ostro\u017cno\u015b\u0107 i rozwag\u0119 na drodze.\u00a0<\/p>\n","protected":false},"author":1,"featured_media":0,"comment_status":"closed","ping_status":"closed","sticky":false,"template":"","format":"standard","meta":{"footnotes":""},"categories":[5,266,4],"tags":[261,3174],"class_list":["post-23566","post","type-post","status-publish","format-standard","hentry","category-newsy","category-policja-policja-straz-pozarna-pogotowie-ratunkowe","category-policja-straz-pozarna-pogotowie-ratunkowe","tag-komenda-powiatowa-policji-w-wegrowie","tag-kronika-policyjna"],"views":2220,"_links":{"self":[{"href":"http:\/\/info.sadowne.pl\/index.php?rest_route=\/wp\/v2\/posts\/23566","targetHints":{"allow":["GET"]}}],"collection":[{"href":"http:\/\/info.sadowne.pl\/index.php?rest_route=\/wp\/v2\/posts"}],"about":[{"href":"http:\/\/info.sadowne.pl\/index.php?rest_route=\/wp\/v2\/types\/post"}],"author":[{"embeddable":true,"href":"http:\/\/info.sadowne.pl\/index.php?rest_route=\/wp\/v2\/users\/1"}],"replies":[{"embeddable":true,"href":"http:\/\/info.sadowne.pl\/index.php?rest_route=%2Fwp%2Fv2%2Fcomments&post=23566"}],"version-history":[{"count":1,"href":"http:\/\/info.sadowne.pl\/index.php?rest_route=\/wp\/v2\/posts\/23566\/revisions"}],"predecessor-version":[{"id":23567,"href":"http:\/\/info.sadowne.pl\/index.php?rest_route=\/wp\/v2\/posts\/23566\/revisions\/23567"}],"wp:attachment":[{"href":"http:\/\/info.sadowne.pl\/index.php?rest_route=%2Fwp%2Fv2%2Fmedia&parent=23566"}],"wp:term":[{"taxonomy":"category","embeddable":true,"href":"http:\/\/info.sadowne.pl\/index.php?rest_route=%2Fwp%2Fv2%2Fcategories&post=23566"},{"taxonomy":"post_tag","embeddable":true,"href":"http:\/\/info.sadowne.pl\/index.php?rest_route=%2Fwp%2Fv2%2Ftags&post=23566"}],"curies":[{"name":"wp","href":"https:\/\/api.w.org\/{rel}","templated":true}]}}