{"id":23581,"date":"2020-07-20T14:51:21","date_gmt":"2020-07-20T12:51:21","guid":{"rendered":"http:\/\/info.sadowne.pl\/?p=23581"},"modified":"2020-07-20T14:51:21","modified_gmt":"2020-07-20T12:51:21","slug":"kronika-policyjna-13-18-07-2020","status":"publish","type":"post","link":"http:\/\/info.sadowne.pl\/?p=23581","title":{"rendered":"Kronika policyjna 13-18.07.2020"},"content":{"rendered":"<p><strong><a href=\"http:\/\/info.sadowne.pl\/wp-content\/uploads\/2015\/04\/komisariat-3.jpg\"><img loading=\"lazy\" decoding=\"async\" class=\"alignleft size-thumbnail wp-image-8553\" src=\"http:\/\/info.sadowne.pl\/wp-content\/uploads\/2015\/04\/komisariat-3-180x130.jpg\" alt=\"\" width=\"180\" height=\"130\" \/><\/a>W minionym tygodniu na terenie powiatu w\u0119growskiego dosz\u0142o do zdarze\u0144 drogowych. Policjanci apeluj\u0105 o ostro\u017cno\u015b\u0107 i rozwag\u0119 na drodze.<\/strong><!--more--><\/p>\n<p>13 lipca w m. \u0141och\u00f3w dosz\u0142o do przewr\u00f3cenia si\u0119 pojazdu ci\u0119\u017carowego, kt\u00f3rym kierowa\u0142 obywatel Ukrainy. Kieruj\u0105cy jak i pasa\u017cer z obra\u017ceniami cia\u0142a trafili do szpitala.<\/p>\n<p>14 lipca w m. Stoczek mieszkaniec pow. w\u0119growskiego, kieruj\u0105c pojazdem marki Skoda w trakcie nieprawid\u0142owego w\u0142\u0105czania si\u0119 do ruchu przez wykonywanie manewru cofania, uderzy\u0142 w przyczepk\u0119 lekk\u0105 ci\u0105gni\u0119ta przez pojazd marki VW. Nikt nie dozna\u0142 obra\u017ce\u0144.<\/p>\n<p>W tym samym dniu w m. W\u0119gr\u00f3w mieszkaniec pow. w\u0119growskiego, kieruj\u0105c pojazdem marki Fiat w trakcie wykonywania manewru cofania nie ust\u0105pi\u0142 pierwsze\u0144stwa przejazdu kieruj\u0105cemu pojazdem marki VW. Nikt nie dozna\u0142 obra\u017ce\u0144.<\/p>\n<p>15 lipca w m. W\u0119gr\u00f3w mieszkaniec pow. w\u0119growskiego, kieruj\u0105c pojazdem marki Audi podczas wyje\u017cd\u017cania z placu parkingu zderzy\u0142 si\u0119 z wyje\u017cd\u017caj\u0105cym r\u00f3wnie\u017c z placu parkingu z jego prawej strony pojazdem marki Renault. Nikt nie dozna\u0142 obra\u017ce\u0144.<\/p>\n<p>16 lipca w m. Top\u00f3r mieszkaniec Warszawy, kieruj\u0105c pojazdem marki Mercedes nie zachowa\u0142 bezpiecznej odleg\u0142o\u015bci od poprzedzaj\u0105cego go pojazdu marki VW, w wyniku czego uderzy\u0142 w jego ty\u0142. Nikt nie dozna\u0142 obra\u017ce\u0144.<\/p>\n<p>17 lipca w m. Wiel\u0105dki mieszkaniec pow. pu\u0142tuskiego, kieruj\u0105c pojazdem marki Peugeot nie ust\u0105pi\u0142 pierwsze\u0144stwa przejazdu pojazdowi marki Renault doprowadzaj\u0105c do zderzenia. Nikt nie dozna\u0142 obra\u017ce\u0144.<\/p>\n<p>18 lipca w m. W\u0119gr\u00f3w mieszkaniec pow. radomskiego nie dostosowa\u0142 pr\u0119dko\u015bci do panuj\u0105cych warunk\u00f3w, w wyniku czego wpad\u0142 w po\u015blizg i uderzy\u0142 ogrodzenie jednej z posesji. Nikt nie dozna\u0142 obra\u017ce\u0144.<\/p>\n<p>Tego samego dnia w m. Roguszyn mieszkaniec pow. w\u0119growskiego, kieruj\u0105c pojazdem marki Renault wraz z przyczepk\u0105 lekk\u0105, wyje\u017cd\u017caj\u0105c z drogi podporz\u0105dkowanej nie ust\u0105pi\u0142 pierwsze\u0144stwa przejazdu jad\u0105cemu prawid\u0142owo pojazdowi marki Honda, w wyniku czego dosz\u0142o do zderzenia. Pasa\u017cerka Hondy zosta\u0142a przewieziona do szpitala. Post\u0119powanie prowadzi KPP w W\u0119growie.<\/p>\n<p>18 lipca w m. \u0141och\u00f3w mieszkanka pow. wyszkowskiego, kieruj\u0105c pojazdem marki VW nie dostosowa\u0142a pr\u0119dko\u015bci do warunk\u00f3w panuj\u0105cych na drodze, w wyniku czego wpad\u0142a w po\u015blizg i uderzy\u0142a w unieruchomiony stoj\u0105cy w kolumnie pojazd\u00f3w oczekuj\u0105cych na kontynuowanie jazdy pojazd Opel, kt\u00f3ry przesuni\u0119ty uderzy\u0142 w stoj\u0105cy przed nim pojazd Seat. Nikt nie dozna\u0142 obra\u017ce\u0144.<\/p>\n<p>Apelujemy do wszystkich uczestnik\u00f3w ruchu drogowego\u00a0 o rozwag\u0119 i ostro\u017cno\u015b\u0107 na drodze. Szczeg\u00f3lnie o jazd\u0119 zgodn\u0105 z przepisami ruchu i zdrowym rozs\u0105dkiem.<\/p>\n<p><strong>sier\u017c. szt. Monika Ksi\u0119\u017copolska<\/strong><\/p>\n","protected":false},"excerpt":{"rendered":"<p>W minionym tygodniu na terenie powiatu w\u0119growskiego dosz\u0142o do zdarze\u0144 drogowych. Policjanci apeluj\u0105 o ostro\u017cno\u015b\u0107 i rozwag\u0119 na drodze.<\/p>\n","protected":false},"author":1,"featured_media":0,"comment_status":"closed","ping_status":"closed","sticky":false,"template":"","format":"standard","meta":{"footnotes":""},"categories":[5,266,4],"tags":[261,3174],"class_list":["post-23581","post","type-post","status-publish","format-standard","hentry","category-newsy","category-policja-policja-straz-pozarna-pogotowie-ratunkowe","category-policja-straz-pozarna-pogotowie-ratunkowe","tag-komenda-powiatowa-policji-w-wegrowie","tag-kronika-policyjna"],"views":2200,"_links":{"self":[{"href":"http:\/\/info.sadowne.pl\/index.php?rest_route=\/wp\/v2\/posts\/23581","targetHints":{"allow":["GET"]}}],"collection":[{"href":"http:\/\/info.sadowne.pl\/index.php?rest_route=\/wp\/v2\/posts"}],"about":[{"href":"http:\/\/info.sadowne.pl\/index.php?rest_route=\/wp\/v2\/types\/post"}],"author":[{"embeddable":true,"href":"http:\/\/info.sadowne.pl\/index.php?rest_route=\/wp\/v2\/users\/1"}],"replies":[{"embeddable":true,"href":"http:\/\/info.sadowne.pl\/index.php?rest_route=%2Fwp%2Fv2%2Fcomments&post=23581"}],"version-history":[{"count":1,"href":"http:\/\/info.sadowne.pl\/index.php?rest_route=\/wp\/v2\/posts\/23581\/revisions"}],"predecessor-version":[{"id":23582,"href":"http:\/\/info.sadowne.pl\/index.php?rest_route=\/wp\/v2\/posts\/23581\/revisions\/23582"}],"wp:attachment":[{"href":"http:\/\/info.sadowne.pl\/index.php?rest_route=%2Fwp%2Fv2%2Fmedia&parent=23581"}],"wp:term":[{"taxonomy":"category","embeddable":true,"href":"http:\/\/info.sadowne.pl\/index.php?rest_route=%2Fwp%2Fv2%2Fcategories&post=23581"},{"taxonomy":"post_tag","embeddable":true,"href":"http:\/\/info.sadowne.pl\/index.php?rest_route=%2Fwp%2Fv2%2Ftags&post=23581"}],"curies":[{"name":"wp","href":"https:\/\/api.w.org\/{rel}","templated":true}]}}