{"id":23616,"date":"2020-08-04T10:55:51","date_gmt":"2020-08-04T08:55:51","guid":{"rendered":"http:\/\/info.sadowne.pl\/?p=23616"},"modified":"2020-08-04T10:55:51","modified_gmt":"2020-08-04T08:55:51","slug":"tym-razem-z-bialowiezy-do-sadownego","status":"publish","type":"post","link":"http:\/\/info.sadowne.pl\/?p=23616","title":{"rendered":"Tym razem z Bia\u0142owie\u017cy do Sadownego\u2026"},"content":{"rendered":"<p><strong><a href=\"http:\/\/info.sadowne.pl\/wp-content\/uploads\/2020\/08\/2020.08.04.11.jpg\" target=\"_blank\" rel=\"noopener noreferrer\"><img loading=\"lazy\" decoding=\"async\" class=\"alignleft wp-image-23617 size-thumbnail\" src=\"http:\/\/info.sadowne.pl\/wp-content\/uploads\/2020\/08\/2020.08.04.11-180x130.jpg\" alt=\"\" width=\"180\" height=\"130\" \/><\/a>Pami\u0119tacie wycieczk\u0119 z Niemirowa do Sadownego, kiedy to grupa \u015bmia\u0142k\u00f3w &#8211; mi\u0142o\u015bnik\u00f3w jazdy rowerowej &#8211; 18 sierpnia 2019 r. z P. Krzysztofem K\u0105dziel\u0105 pokona\u0142a rowerami jednego dnia ponad 130. km tras\u0119? <\/strong><!--more--><\/p>\n<p>W\u0142a\u015bnie wtedy, ju\u017c w czasie tej wycieczki klu\u0142 si\u0119 pomys\u0142 na podobn\u0105 wycieczk\u0119 w wakacje za rok. Uda\u0142o si\u0119!<\/p>\n<p>W weekend 1-2 sierpnia 2020 r. trzynastoosobowa grupa rowerzyst\u00f3w przejecha\u0142a ponad 170 km z Bia\u0142owie\u017cy do Sadownego. Oczywi\u015bcie wycieczka ta by\u0142a intencjonalnym rajdem rowerowym, maj\u0105cym na celu uczczenie 100-tnej rocznicy urodzin \u015bw. Jana Paw\u0142a II i r\u00f3wnie\u017c 100-tnej rocznicy \u201eCudu nad Wis\u0142\u0105\u201d, ale te\u017c oddanie ho\u0142du Bohaterskim Powsta\u0144com Warszawskim.<\/p>\n<p>W sobot\u0119 rano ok godz. 6.00 wyjechali\u015bmy busami z Sadownego do Bia\u0142owie\u017cy. Zamiast podziwia\u0107 krajobraz, skupili\u015bmy si\u0119 na ukszta\u0142towaniu terenu i liczyli\u015bmy ile mamy do pokonania g\u00f3rek. Okaza\u0142o si\u0119, \u017ce kilka podjazd\u00f3w przed mami. Nie \u015bpiesz\u0105c si\u0119, po kr\u00f3tkiej przerwie na kaw\u0119 na stacji benzynowej, dojechali\u015bmy do Bia\u0142owie\u017cy. Po rozpakowaniu rower\u00f3w, kr\u00f3tkim instruktarzu P. K. K\u0105dzieli, spod bramy Bia\u0142owieskiego Parku Narodowego rozpocz\u0119li\u015bmy nasz\u0105 dwudniow\u0105 przygod\u0119 na jedno\u015bladzie. Pierwszy odcinek naszej trasy to Bia\u0142owie\u017ca \u2013 Hajn\u00f3wka i tu po drodze podziwiali\u015bmy pi\u0119kn\u0105 Puszcz\u0119 Bia\u0142owiesk\u0105. Ka\u017cdy z uczestnik\u00f3w ma swoje spostrze\u017cenia i odczucia jad\u0105c przez puszcz\u0119. Ja zwr\u00f3ci\u0142am uwag\u0119 na czyste pobocza na tym odcinku &#8211; p\u00f3\u017aniej by\u0142o ju\u017c tylko gorzej.<\/p>\n<p><a href=\"http:\/\/info.sadowne.pl\/wp-content\/uploads\/2020\/08\/2020.08.04.12.jpg\" target=\"_blank\" rel=\"noopener noreferrer\"><img loading=\"lazy\" decoding=\"async\" class=\"alignright wp-image-23618 size-medium\" src=\"http:\/\/info.sadowne.pl\/wp-content\/uploads\/2020\/08\/2020.08.04.12-300x139.jpg\" alt=\"\" width=\"300\" height=\"139\" srcset=\"http:\/\/info.sadowne.pl\/wp-content\/uploads\/2020\/08\/2020.08.04.12-300x139.jpg 300w, http:\/\/info.sadowne.pl\/wp-content\/uploads\/2020\/08\/2020.08.04.12-768x357.jpg 768w, http:\/\/info.sadowne.pl\/wp-content\/uploads\/2020\/08\/2020.08.04.12.jpg 960w\" sizes=\"auto, (max-width: 300px) 100vw, 300px\" \/><\/a>Pierwszy d\u0142u\u017cszy przystanek zrobili\u015bmy w Hajn\u00f3wce, zwiedzaj\u0105c z przewodniczk\u0105 cerkiew prawos\u0142awn\u0105 Sob\u00f3r \u015awi\u0119tej Tr\u00f3jcy. W parku przed cerkwi\u0105 kr\u00f3tki post\u00f3j na uzupe\u0142nienie p\u0142yn\u00f3w. Ruszyli\u015bmy w dalsz\u0105 drog\u0119, a tu niespodzianka &#8211; jedna ma\u0142a chmurka, kt\u00f3ra postanowi\u0142a nas troszk\u0119 pokropi\u0107. Za chwil\u0119 znowu za\u015bwieci\u0142o s\u0142o\u0144ce. Ju\u017c po pokonaniu pierwszego odcina przekonali\u015bmy si\u0119, \u017ce wiatr nam nie sprzyja. Wia\u0142 prosto w oczy. Jad\u0105c w stron\u0119 Bielska Podlaskiego niekt\u00f3rym zaczyna\u0142 dokucza\u0107 ju\u017c \u201ema\u0142y g\u0142\u00f3d\u201d, wi\u0119c postanowili\u015bmy troszk\u0119 przy\u015bpieszy\u0107 i zje\u015b\u0107 w Bielsku p\u00f3\u017any obiad.<\/p>\n<p>Po obiedzie w restauracji Podlasianka nie trac\u0105c czasu, bo przed nami dzi\u015b jeszcze ok 50 km, ruszyli\u015bmy troch\u0119 leniwie w kierunku Ciechanowca. Po oko\u0142o godzinnej je\u017adzie zatrzymali\u015bmy si\u0119 w lesie, by punktualnie o godz. 17.00 odda\u0107 ho\u0142d powsta\u0144com, kt\u00f3rzy walczyli w obronie Warszawy.\u00a0\u00a0 \u00a0Po oko\u0142o 25 km zrobili\u015bmy post\u00f3j w Bra\u0144sku. Odwiedzili\u015bmy bra\u0144ski ko\u015bci\u00f3\u0142, by przez chwil\u0119 pomodli\u0107 si\u0119 &#8211; mo\u017cna by si\u0119 domy\u015bla\u0107, w jakiej intencji. S\u0142o\u0144ce ju\u017c zasz\u0142o a my mamy do pokonania jeszcze ok. 25 km. Ruszyli\u015bmy w stron\u0119 Ciechanowca. Na miejsce docieramy ok. godz. 21.00. My\u015bl\u0119, \u017ce ka\u017cdy marzy\u0142 ju\u017c o k\u0105pieli i odpoczynku. Po kolacji, kr\u00f3tkie spotkanie w celu rozplanowania nast\u0119pnego dnia.<\/p>\n<p><a href=\"http:\/\/info.sadowne.pl\/wp-content\/uploads\/2020\/08\/2020.08.04.13.jpg\" target=\"_blank\" rel=\"noopener noreferrer\"><img loading=\"lazy\" decoding=\"async\" class=\"alignleft wp-image-23619 size-medium\" src=\"http:\/\/info.sadowne.pl\/wp-content\/uploads\/2020\/08\/2020.08.04.13-300x139.jpg\" alt=\"\" width=\"300\" height=\"139\" srcset=\"http:\/\/info.sadowne.pl\/wp-content\/uploads\/2020\/08\/2020.08.04.13-300x139.jpg 300w, http:\/\/info.sadowne.pl\/wp-content\/uploads\/2020\/08\/2020.08.04.13-768x357.jpg 768w, http:\/\/info.sadowne.pl\/wp-content\/uploads\/2020\/08\/2020.08.04.13.jpg 960w\" sizes=\"auto, (max-width: 300px) 100vw, 300px\" \/><\/a>Rano, po wsp\u00f3lnej kawie, kr\u00f3tki spacer po Ciechanowieckim rynku. Nie\u015bpiesznie wypocz\u0119ci i z humorem wyruszyli\u015bmy na zwiedzanie Muzeum Rolnictwa. Tam ka\u017cdy zwiedza\u0142 indywidualnie, jedni zatrzymali si\u0119 d\u0142u\u017cej przy ro\u015blinach, drudzy przy maszynach rolniczych i w muzeum weterynarii, innych uwag\u0119 przyku\u0142y pawie. Na dok\u0142adne zwiedzenie skansenu trzeba przeznaczy\u0107 kilka godzin \u2013 nie mieli\u015bmy a\u017c tyle czasu.\u00a0 Obiecuj\u0105c sobie, \u017ce wr\u00f3cimy na \u015bwi\u0119to chleba czy wykopki, ruszyli\u015bmy w stron\u0119 \u201edomu\u201d. Przed nami jeszcze ok. 50 km.<\/p>\n<p>Jedziemy dalej, mijaj\u0105c granice woj. podlaskiego i mazowieckiego, w kierunku Nura. Przystanek postanowili\u015bmy zrobi\u0107 w Zuzeli, w rodzinnej miejscowo\u015bci Kardyna\u0142a Stefana Wyszy\u0144skiego. Zwiedzili\u015bmy tam ko\u015bci\u00f3\u0142 Przemienienia Pa\u0144skiego oraz muzeum.<\/p>\n<p>Z Zuzeli jedziemy w kierunku Sadownego. Mijaj\u0105c most na Bugu w Ma\u0142kini, skr\u0119camy w stron\u0119 Prostyni. Tam chwilka odpoczynku i do Sadownego. Kwadrans po szesnastej docieramy do Sadownego. Wsp\u00f3lne zdj\u0119cie pod pomnikiem \u015bwi\u0119tego Jana Paw\u0142a II. Nast\u0119pnie szcz\u0119\u015bliwi, \u017ce pokonali\u015bmy taki szmat drogi (170 km) jedziemy na polan\u0119 Ko\u0142a \u0141owieckiego \u015bw. Huberta, \u017ceby wymieni\u0107 si\u0119 w\u0142asnymi refleksjami i zaplanowa\u0107 nast\u0119pn\u0105 wycieczk\u0119\u2026<\/p>\n<p><a href=\"http:\/\/info.sadowne.pl\/wp-content\/uploads\/2020\/08\/2020.08.04.14.jpg\" target=\"_blank\" rel=\"noopener noreferrer\"><img loading=\"lazy\" decoding=\"async\" class=\"aligncenter wp-image-23620 size-medium\" src=\"http:\/\/info.sadowne.pl\/wp-content\/uploads\/2020\/08\/2020.08.04.14-300x139.jpg\" alt=\"\" width=\"300\" height=\"139\" srcset=\"http:\/\/info.sadowne.pl\/wp-content\/uploads\/2020\/08\/2020.08.04.14-300x139.jpg 300w, http:\/\/info.sadowne.pl\/wp-content\/uploads\/2020\/08\/2020.08.04.14-768x357.jpg 768w, http:\/\/info.sadowne.pl\/wp-content\/uploads\/2020\/08\/2020.08.04.14.jpg 960w\" sizes=\"auto, (max-width: 300px) 100vw, 300px\" \/><\/a><\/p>\n<p><span style=\"color: #0000ff;\"><strong><a style=\"color: #0000ff;\" href=\"https:\/\/youtu.be\/kwznBAklaLk\" target=\"_blank\" rel=\"noopener noreferrer\">Zobacz film&gt;&gt;&gt;<\/a><\/strong><\/span><\/p>\n<p><strong>Tekst\/foto:<\/strong> Ewa Pi\u00f3rkowska<\/p>\n","protected":false},"excerpt":{"rendered":"<p>Pami\u0119tacie wycieczk\u0119 z Niemirowa do Sadownego, kiedy to grupa \u015bmia\u0142k\u00f3w &#8211; mi\u0142o\u015bnik\u00f3w jazdy rowerowej &#8211; 18 sierpnia 2019 r. z P. Krzysztofem K\u0105dziel\u0105 pokona\u0142a rowerami jednego dnia ponad 130. km tras\u0119?<\/p>\n","protected":false},"author":1,"featured_media":0,"comment_status":"closed","ping_status":"closed","sticky":false,"template":"","format":"standard","meta":{"footnotes":""},"categories":[5,91,6],"tags":[169,3391],"class_list":["post-23616","post","type-post","status-publish","format-standard","hentry","category-newsy","category-gminny-osrodek-kultury","category-kultura-rozrywka-edukacja","tag-gminny-osrodek-kultury-w-sadownem","tag-wycieczka-rowerowa-bialowieza-sadowne"],"views":2105,"_links":{"self":[{"href":"http:\/\/info.sadowne.pl\/index.php?rest_route=\/wp\/v2\/posts\/23616","targetHints":{"allow":["GET"]}}],"collection":[{"href":"http:\/\/info.sadowne.pl\/index.php?rest_route=\/wp\/v2\/posts"}],"about":[{"href":"http:\/\/info.sadowne.pl\/index.php?rest_route=\/wp\/v2\/types\/post"}],"author":[{"embeddable":true,"href":"http:\/\/info.sadowne.pl\/index.php?rest_route=\/wp\/v2\/users\/1"}],"replies":[{"embeddable":true,"href":"http:\/\/info.sadowne.pl\/index.php?rest_route=%2Fwp%2Fv2%2Fcomments&post=23616"}],"version-history":[{"count":1,"href":"http:\/\/info.sadowne.pl\/index.php?rest_route=\/wp\/v2\/posts\/23616\/revisions"}],"predecessor-version":[{"id":23621,"href":"http:\/\/info.sadowne.pl\/index.php?rest_route=\/wp\/v2\/posts\/23616\/revisions\/23621"}],"wp:attachment":[{"href":"http:\/\/info.sadowne.pl\/index.php?rest_route=%2Fwp%2Fv2%2Fmedia&parent=23616"}],"wp:term":[{"taxonomy":"category","embeddable":true,"href":"http:\/\/info.sadowne.pl\/index.php?rest_route=%2Fwp%2Fv2%2Fcategories&post=23616"},{"taxonomy":"post_tag","embeddable":true,"href":"http:\/\/info.sadowne.pl\/index.php?rest_route=%2Fwp%2Fv2%2Ftags&post=23616"}],"curies":[{"name":"wp","href":"https:\/\/api.w.org\/{rel}","templated":true}]}}